{"id":244871,"date":"2026-09-05T18:12:53","date_gmt":"2026-09-05T22:12:53","guid":{"rendered":"https:\/\/primicias.net\/web\/?p=244871"},"modified":"2026-09-05T18:18:14","modified_gmt":"2026-09-05T22:18:14","slug":"legisladores-de-provincias-arroceras-con-el-reto-de-sumarse-a-batalla-para-proteger-ese-sector-productivo-otros-temas-en-primicias","status":"publish","type":"post","link":"https:\/\/primicias.net\/web\/legisladores-de-provincias-arroceras-con-el-reto-de-sumarse-a-batalla-para-proteger-ese-sector-productivo-otros-temas-en-primicias\/","title":{"rendered":"Legisladores de provincias arroceras con el reto de sumarse a batalla para  proteger  ese sector productivo, otros temas en Primicias"},"content":{"rendered":"<p>Por Marcelo Flori\u00e1n<\/p>\n<p>(Centro de los H\u00e9roes-Congreso Nacional)<\/p>\n<p>Los legisladores de las provincias arroceras del pa\u00eds tienen la obligaci\u00f3n de sumarse a la batalla para la protecci\u00f3n a la producci\u00f3n de ese rubro, las aspiraciones de Eddy Nolasco de retornar en el 2028 al Senado, el reto de la justicia con el sonado caso SENASA, la escogencia de los nuevos magistratos de la Suprema Corte de Justicia, legisladores aspirando temprano a alcald\u00edas en\u00a0 el 2028, el senador Antonio Marte defendiendo los recursos naturales de Santiago Rodr\u00edguez, los moradores de Las Lavas,\u00a0 Villa Gonz\u00e1lez, Santiago de los Caballeros,\u00a0 atacando la actividad minera; ex legisladores y la Fuerza del Pueblo diciendo que el \u00abmayor terrorista ambiental\u00bb es el actual gobierno,\u00a0 las escandalosas facturas el\u00e9ctricas golpeando hasta el presidente de la C\u00e1mara de Diputados, Alfredo Pacheco; el delicado tema del endeudamiento p\u00fablico para el Congreso Nacional,\u00a0 una organizaci\u00f3n exigiendo que se cumpla la ley que coloca el nombre de Joaqu\u00edn Balaguer, ex presidente de la Rep\u00fablica, al Parque Mirador Sur; los paros en Hermanas Mirabal, retos para el accionar de legisladores de esa provincia, son temas en el Centro de los H\u00e9roes y de mucho inter\u00e9s para los congresistas.<\/p>\n<p><img loading=\"lazy\" decoding=\"async\" class=\"alignnone size-medium wp-image-244872\" src=\"https:\/\/primicias.net\/web\/wp-content\/uploads\/2026\/09\/FOTO-01-3-300x200.jpg\" alt=\"\" width=\"300\" height=\"200\" srcset=\"https:\/\/primicias.net\/web\/wp-content\/uploads\/2026\/09\/FOTO-01-3-300x200.jpg 300w, https:\/\/primicias.net\/web\/wp-content\/uploads\/2026\/09\/FOTO-01-3-1024x682.jpg 1024w, https:\/\/primicias.net\/web\/wp-content\/uploads\/2026\/09\/FOTO-01-3-768x512.jpg 768w, https:\/\/primicias.net\/web\/wp-content\/uploads\/2026\/09\/FOTO-01-3-1536x1023.jpg 1536w, https:\/\/primicias.net\/web\/wp-content\/uploads\/2026\/09\/FOTO-01-3-2048x1364.jpg 2048w\" sizes=\"auto, (max-width: 300px) 100vw, 300px\" \/><\/p>\n<p><b>Comisi\u00f3n de diputados visita Centro de Sordoceguera para debatir proyecto de ley sobre discapacidad<\/b><\/p>\n<p>SANTO DOMINGO.- La Comisi\u00f3n Especial de la C\u00e1mara de Diputados realiz\u00f3 una visita al Centro de Sordoceguera y Discapacidad M\u00faltiple Nacional con el objetivo de debatir el proyecto de ley sobre discapacidad, pieza que busca garantizar una atenci\u00f3n integral a las personas con condiciones especiales en el pa\u00eds.<\/p>\n<p>En su manifestaci\u00f3n, la diputada Mirna L\u00f3pez, presidenta de la comisi\u00f3n, afirm\u00f3 que desde el Congreso se trabaja para que esta iniciativa se convierta en una realidad.<\/p>\n<p>\u201cAsumimos el compromiso de seguir trabajando por esta ley que dar\u00e1 respuestas a las necesidades de m\u00e1s de 300 familias con ni\u00f1os en condiciones especiales, en \u00e1reas como educaci\u00f3n, salud y atenci\u00f3n humana\u201d, expres\u00f3.<\/p>\n<p>Durante el encuentro, la directora del centro, Ana S\u00e1nchez, subray\u00f3 la urgencia de aprobar la ley, ya que muchas familias no pueden costear medicamentos ni estudios m\u00e9dicos debido a las limitaciones del seguro subsidiado de Senasa.<\/p>\n<p>\u201cUna persona con discapacidad m\u00faltiple en nuestro pa\u00eds es totalmente vulnerable\u201d, advirti\u00f3, al tiempo que explic\u00f3 que la escuela recibe ni\u00f1os desde los 45 d\u00edas de nacidos hasta los 24 a\u00f1os, siendo el \u00fanico de educaci\u00f3n integral en todo el territorio nacional.<\/p>\n<p>De su lado, el director m\u00e9dico, El\u00edas Mu\u00f1\u00f3z, se\u00f1al\u00f3 que trabajan con una poblaci\u00f3n altamente vulnerable, donde cada alumno presenta al menos dos condiciones de discapacidad. Reconoci\u00f3 que la falta de recursos limita la calidad de vida de los ni\u00f1os, incluso en aspectos b\u00e1sicos como la alimentaci\u00f3n.<\/p>\n<p>Por su parte, Feliz Almonte, subdirector de Jubilaciones y Pensiones, indic\u00f3 que, aunque los j\u00f3venes al cumplir la mayor\u00eda de edad no califican para beneficios v\u00eda el Consejo Nacional de Discapacidad (CONADIS), s\u00ed pueden optar por pensiones solidarias. \u201cEstamos a disposici\u00f3n del centro para evaluar y garantizar que estos j\u00f3venes reciban apoyo econ\u00f3mico\u201d, asegur\u00f3.<\/p>\n<p>Los legisladores recorrieron todas las instalaciones para conocerlas m\u00e1s de cerca y observar el trato hacia los ni\u00f1os. De igual modo, conversaron con los familiares, quienes se mostraron angustiados, preocupados y desamparados, al se\u00f1alar que no cuentan con los recursos necesarios para abastecer a sus hijos. Asimismo, pidieron igualdad, recordando que sus hijos tambi\u00e9n tienen derecho a la vida.<\/p>\n<p>La visita de la comisi\u00f3n legislativa refuerza la responsabilidad de avanzar en la aprobaci\u00f3n de una ley que permita mejorar la calidad de vida de las personas con discapacidad m\u00faltiple y sus familias, quienes enfrentan altos costos y limitaciones en el acceso a servicios b\u00e1sicos.<\/p>\n<p>En la reuni\u00f3n, tambi\u00e9n participaron los diputados, Elida Soto, Deysi D\u00edaz, Anny Mambr\u00fa y Juan Bol\u00edvar, la directora de Educaci\u00f3n Especial, Luc\u00eda V\u00e1squez y la presidenta Asociaci\u00f3n de Padres, Madres, Tutores y Amigos de la Escuela (APMAE).<\/p>\n<p><img loading=\"lazy\" decoding=\"async\" class=\"alignnone size-medium wp-image-244873\" src=\"https:\/\/primicias.net\/web\/wp-content\/uploads\/2026\/09\/FOTO-02-1-300x200.jpg\" alt=\"\" width=\"300\" height=\"200\" srcset=\"https:\/\/primicias.net\/web\/wp-content\/uploads\/2026\/09\/FOTO-02-1-300x200.jpg 300w, https:\/\/primicias.net\/web\/wp-content\/uploads\/2026\/09\/FOTO-02-1-1024x682.jpg 1024w, https:\/\/primicias.net\/web\/wp-content\/uploads\/2026\/09\/FOTO-02-1-768x512.jpg 768w, https:\/\/primicias.net\/web\/wp-content\/uploads\/2026\/09\/FOTO-02-1-1536x1023.jpg 1536w, https:\/\/primicias.net\/web\/wp-content\/uploads\/2026\/09\/FOTO-02-1-2048x1364.jpg 2048w\" sizes=\"auto, (max-width: 300px) 100vw, 300px\" \/><\/p>\n<p>OTROS TEMAS EN PRIMICIAS<\/p>\n<p>El senador Omar Fern\u00e1ndez tiene las pilas encendidas, atiende muchos temas en el Congreso Nacional y fuera de este. Aspira a continuar avanzando en la pol\u00edtica dominicana y como congresista.<\/p>\n<p>EDDY NOLASCO SENADOR<\/p>\n<p>El ex senador por la provincia Valverde, Eddy Nolasco, aspira a retornar al Senado de la Rep\u00fablica en los comicios de 2028, para lo cual celebr\u00f3 un gran encuentro con dirigentes de variados sectores\u00a0 con ese objetivo.<\/p>\n<p>El encuentro titulado Eddy Nolasco con sus Amigos abord\u00f3 diferentes temas, pero el principal son sus metas de retornar al Senado de la Rep\u00fablica.<\/p>\n<p>DOS DIPUTADOS<\/p>\n<p>Dos diputados aspiran a la alcald\u00eda de Santo Este. Uno de estos tiene una campa\u00f1a masiva a traves de las redes sociales.<\/p>\n<p>Uno es de la Fuerza del Pueblo, el otro aliado al Partido Revolucionario Moderno, pero de seguro vendr\u00e1n m\u00e1s aspirantes.<\/p>\n","protected":false},"excerpt":{"rendered":"<p>Por Marcelo Flori\u00e1n (Centro de los H\u00e9roes-Congreso Nacional) Los legisladores de las provincias arroceras del pa\u00eds tienen la obligaci\u00f3n de sumarse a la batalla para la protecci\u00f3n a la producci\u00f3n de ese rubro, las aspiraciones de Eddy Nolasco de retornar en el 2028 al Senado, el reto de la justicia con el sonado caso SENASA, &hellip;<\/p>\n","protected":false},"author":8,"featured_media":136204,"comment_status":"open","ping_status":"closed","sticky":false,"template":"","format":"standard","meta":{"_jetpack_newsletter_access":"","_jetpack_dont_email_post_to_subs":false,"_jetpack_newsletter_tier_id":0,"_jetpack_memberships_contains_paywalled_content":false,"_jetpack_feature_clip_id":0,"_jetpack_memberships_contains_paid_content":false,"footnotes":"","jetpack_publicize_message":"","jetpack_publicize_feature_enabled":true,"jetpack_social_post_already_shared":true,"jetpack_social_options":{"image_generator_settings":{"template":"highway","default_image_id":0,"font":"","enabled":false},"version":2},"jetpack_post_was_ever_published":false},"categories":[174,163],"tags":[],"class_list":["post-244871","post","type-post","status-publish","format-standard","has-post-thumbnail","hentry","category-congreso-nacional-y-en-el-centro-de-los-heroes","category-voces-nacionales-e-internacionales"],"jetpack_publicize_connections":[],"jetpack_featured_media_url":"https:\/\/primicias.net\/web\/wp-content\/uploads\/2023\/03\/Palacio_del_Congreso_Nacional_Santo_Domingo.jpeg","jetpack_sharing_enabled":true,"_links":{"self":[{"href":"https:\/\/primicias.net\/web\/wp-json\/wp\/v2\/posts\/244871","targetHints":{"allow":["GET"]}}],"collection":[{"href":"https:\/\/primicias.net\/web\/wp-json\/wp\/v2\/posts"}],"about":[{"href":"https:\/\/primicias.net\/web\/wp-json\/wp\/v2\/types\/post"}],"author":[{"embeddable":true,"href":"https:\/\/primicias.net\/web\/wp-json\/wp\/v2\/users\/8"}],"replies":[{"embeddable":true,"href":"https:\/\/primicias.net\/web\/wp-json\/wp\/v2\/comments?post=244871"}],"version-history":[{"count":3,"href":"https:\/\/primicias.net\/web\/wp-json\/wp\/v2\/posts\/244871\/revisions"}],"predecessor-version":[{"id":244876,"href":"https:\/\/primicias.net\/web\/wp-json\/wp\/v2\/posts\/244871\/revisions\/244876"}],"wp:featuredmedia":[{"embeddable":true,"href":"https:\/\/primicias.net\/web\/wp-json\/wp\/v2\/media\/136204"}],"wp:attachment":[{"href":"https:\/\/primicias.net\/web\/wp-json\/wp\/v2\/media?parent=244871"}],"wp:term":[{"taxonomy":"category","embeddable":true,"href":"https:\/\/primicias.net\/web\/wp-json\/wp\/v2\/categories?post=244871"},{"taxonomy":"post_tag","embeddable":true,"href":"https:\/\/primicias.net\/web\/wp-json\/wp\/v2\/tags?post=244871"}],"curies":[{"name":"wp","href":"https:\/\/api.w.org\/{rel}","templated":true}]}}