{"id":244863,"date":"2026-09-05T17:20:36","date_gmt":"2026-09-05T21:20:36","guid":{"rendered":"https:\/\/primicias.net\/web\/?p=244863"},"modified":"2026-09-05T17:35:28","modified_gmt":"2026-09-05T21:35:28","slug":"variados-temas-de-actualidad-en-primicias-septiembre-2026-refuerzan-patrullaje-preventivo-prm-con-nuevas-autoridades-dos-generaciones-con-tradicion-juridica-importante-agenda-de-abinader-triunf","status":"publish","type":"post","link":"https:\/\/primicias.net\/web\/variados-temas-de-actualidad-en-primicias-septiembre-2026-refuerzan-patrullaje-preventivo-prm-con-nuevas-autoridades-dos-generaciones-con-tradicion-juridica-importante-agenda-de-abinader-triunf\/","title":{"rendered":"Variados temas de actualidad en Primicias septiembre 2026, refuerzan patrullaje  preventivo, PRM con nuevas autoridades, dos generaciones con tradici\u00f3n jur\u00eddica, importante agenda de Abinader,  triunfo RD en Miss Mundo 2026"},"content":{"rendered":"<p>(Por redacci\u00f3n central de Primicias)<br \/>\nLos 1, 747 nuevos profesionales de la Universidad UFHEC, una importante agenda del presidente Luis Abinader en el fin de semana, la dominicana Joheirry Mola, escogida<br \/>\nMiss Mundo 2026;el reforzamiento del patrullaje preventivo en el Distrito Nacional, la muerte<br \/>\nviolenta de un joven de 21 a\u00f1os en Cotu\u00ed, S\u00e1nchez Ram\u00edrez, el recorrido por la zona fronteriza del<br \/>\ncomandante general del Ej\u00e9rcito de RD, mayor general Jimmy Arias Grull\u00f3n; un llamado a paro en<br \/>\nHermanas Mirabal en reclamo de obras prometidas, la corrupci\u00f3n en las c\u00e1rceles dominicanas, la<br \/>\ncreciente inseguridad en Hait\u00ed, el incremento de los dominicanos indocumentados en Estados<br \/>\nUnidos, un tiroteo en un barrio de Cotu\u00ed, la juramentaci\u00f3n de los nuevos directivos del Partido<br \/>\nRevolucionario Moderno (PRM), interceptada en Puerto Rico una embarcaci\u00f3n con dominicanos y<br \/>\nhaitianos, la jornada del Partido de la Liberaci\u00f3n Dominicana (PLD) para captar nuevos militantes,<br \/>\nla fuerza antipandillas e Hait\u00ed respaldadas por los gobiernos del vecino pa\u00eds y el de Rep\u00fablica<br \/>\nDominicana, el triunfo de Marileidy Paulino en la Liga Diamante, fotoperiodistas agredidos en<br \/>\nHait\u00ed, los 1,750 t\u00edtulos entregados por el presidente Luis Abinader en Los Alcarrizos, dos supuestos<br \/>\natracadores heridos de bala por un agente policial en Santiago de los Caballeros, las elecciones del<br \/>\nClub Arroyo Hondo programadas para el 17 de septiembre, la persecuci\u00f3n de una jeepeta por el<br \/>\nEj\u00e9rcito en Mao, Valverde; la avioneta que se precipit\u00f3 a tierra en Hatillo Palma, el plant\u00f3n de la<br \/>\nAsociaci\u00f3n Dominicana de Profesores (ADP) en Puerto Plata, el presidente Luis Abinader,<br \/>\npresidente del Partido Revolucionario Moderno (PRM) a partir del domingo 6 de septiembre de<br \/>\n2026, son temas de actualidad que despiden e inician una nueva semana en Rep\u00fablica Dominicana<br \/>\ny el mundo.<\/p>\n<p><img loading=\"lazy\" decoding=\"async\" class=\"alignnone size-medium wp-image-244865\" src=\"https:\/\/primicias.net\/web\/wp-content\/uploads\/2026\/09\/Foto-1.1-225x300.jpg\" alt=\"\" width=\"225\" height=\"300\" srcset=\"https:\/\/primicias.net\/web\/wp-content\/uploads\/2026\/09\/Foto-1.1-225x300.jpg 225w, https:\/\/primicias.net\/web\/wp-content\/uploads\/2026\/09\/Foto-1.1-768x1024.jpg 768w, https:\/\/primicias.net\/web\/wp-content\/uploads\/2026\/09\/Foto-1.1.jpg 960w\" sizes=\"auto, (max-width: 225px) 100vw, 225px\" \/><\/p>\n<p>&nbsp;<\/p>\n<p>ADUANAS CONFISCA US$600, 700 DOLARES EN AILAJFPG<\/p>\n<p>La Direcci\u00f3n General de Aduanas en conjunto con<br \/>\norganismos de seguridad aeroportuarias del Estado decomis\u00f3 US$600,700<br \/>\nque, a la tasa de cambio, hacen RD$35,981,930. As\u00ed como 647,000 pesos<br \/>\ncolombianos en el Aeropuerto Internacional de las Am\u00e9ricas (AILA) Jos\u00e9 Francisco Pe\u00f1a G\u00f3mez, al no serdeclarados como establecen las leyes dominicanas.<br \/>\nLas labores de inteligencia se llevaron a cabo junto con el Cuerpo<br \/>\nEspecializado en Seguridad Aeroportuaria y de la Aviaci\u00f3n Civil (CESAC) y la<br \/>\nUnidad de Prevenci\u00f3n y Persecuci\u00f3n del Contrabando y el Tr\u00e1fico Il\u00edcito del<br \/>\nMinisterio P\u00fablico, cuando el pasajero de nacionalidad colombiana trat\u00f3 de<br \/>\nsalir del pa\u00eds con destino a Panam\u00e1 llevando consigo las divisas en un bulto<br \/>\nde mano la cantidad de US$599,700 y U$1,000.00 en los bolsillos. As\u00ed como<br \/>\n647,000 pesos colombianos.<br \/>\nEl director general de Aduanas, Nelson Arroyo, reiter\u00f3 que la instituci\u00f3n se<br \/>\nmantendr\u00e1 vigilancia permanente en los puertos y aeropuertos del pa\u00eds para<br \/>\nenfrentar el contrabando en sentido general.<br \/>\nEl nacional colombiano fue puesto a disposici\u00f3n del Ministerio P\u00fablico para los<br \/>\nfines correspondientes.<br \/>\nSe recuerda que el mes pasado la DGA decomis\u00f3 dos contenedores de<br \/>\nmercanc\u00edas: el primero con 4.5 millones de cigarrillos de la marca Jaisalmer<br \/>\ny el segundo con 961 televisores de distintas marcas y tama\u00f1os, con los que<br \/>\nevit\u00f3 p\u00e9rdidas fiscales superiores a los RD$42.2 millones por concepto de<br \/>\nderechos e impuestos de importaci\u00f3n.<\/p>\n<p><img loading=\"lazy\" decoding=\"async\" class=\"alignnone size-medium wp-image-244866\" src=\"https:\/\/primicias.net\/web\/wp-content\/uploads\/2026\/09\/Foto-2.2-300x226.jpg\" alt=\"\" width=\"300\" height=\"226\" srcset=\"https:\/\/primicias.net\/web\/wp-content\/uploads\/2026\/09\/Foto-2.2-300x226.jpg 300w, https:\/\/primicias.net\/web\/wp-content\/uploads\/2026\/09\/Foto-2.2-768x578.jpg 768w, https:\/\/primicias.net\/web\/wp-content\/uploads\/2026\/09\/Foto-2.2.jpg 1020w\" sizes=\"auto, (max-width: 300px) 100vw, 300px\" \/><\/p>\n<p>OTROS TEMAS<br \/>\nEl triunfo de Rep\u00fablica Dominicana en Miss Mundo 2026<br \/>\nLa reorganizaci\u00f3n del Partido Revolucionario Dominicano (PRM)<br \/>\nLas sanciones de Estados Unidos a un nieto del comandante ex presidente cubano, Ra\u00fal Castro<br \/>\nUn accidente de tr\u00e1nsito que provoc\u00f3 la muerte de un joven en Mao, Valverde<br \/>\nLa muerte de 19 personas por leptospirosis<br \/>\nLa convocatoria de la octava caminata del Frente Amplio<br \/>\nLa repatriaci\u00f3n de 75 migrantes dominicanos de Puerto Rico<br \/>\nTreinta y ocho haitianos indocumentados apresados en comedores chinos del Gran Santo<br \/>\nDomingo<\/p>\n<p>Cinco personas muertas y 14 heridos en los ataques de Ucrania contra Rusia<br \/>\nECONOMIA<br \/>\nLa lluvia de quejas por los apagones y las escandalosas facturas el\u00e9ctricas<br \/>\nEl alza en el precio del petr\u00f3leo provocando m\u00e1s subsidios en RD<br \/>\nEl empeoramiento de la crisis el\u00e9ctrica en Venezuela<br \/>\nUn apag\u00f3n cuando periodistas entrevistaban a la vicepresidenta Raqu\u00e9l Pe\u00f1a sobre la factura<br \/>\nel\u00e9ctrica<br \/>\nEl VII Congreso Cooperativo Internacional de la Federaci\u00f3n de Cooperativas de la Regi\u00f3n Nordeste<br \/>\ncelebrado en Punta Cana<br \/>\nLos apagones de Edeeste<br \/>\nLos trabajos de construcci\u00f3n de un aeropuerto en Pedernales<br \/>\nEl inicio de la construcci\u00f3n de 14.5 kil\u00f3metros de verja fronteriza en Jiman\u00ed,<br \/>\nUn art\u00edculo period\u00edstico de Daniel Toribio preguntando \u00bfPara que existe un Banco Central?<br \/>\nLa inauguraci\u00f3n de la carretera de Boca de Chav\u00f3n, ceremonia encabezada por el presidente Luis<br \/>\nAbinader<br \/>\nEl destino de3,900 contenedores reclamado a la Direcci\u00f3n General de Aduanas por la Fuerza del<br \/>\nPueblo<br \/>\nLa restricci\u00f3n en el tr\u00e1nsito en el Canal de Panam\u00e1<br \/>\nLa protecci\u00f3n de arroz que busca el gobierno dominicano negociando con Estados Unidos<br \/>\nLas reformas econ\u00f3micas en Cuba<br \/>\nTres buques petroleros iran\u00edes atacados por Estados Unidos<\/p>\n<p>&nbsp;<\/p>\n<p>Pie de foto<\/p>\n<p><img loading=\"lazy\" decoding=\"async\" class=\"alignnone size-medium wp-image-244864\" src=\"https:\/\/primicias.net\/web\/wp-content\/uploads\/2026\/09\/PHOTO-2026-09-05-13-03-30-1-200x300.jpg\" alt=\"\" width=\"200\" height=\"300\" srcset=\"https:\/\/primicias.net\/web\/wp-content\/uploads\/2026\/09\/PHOTO-2026-09-05-13-03-30-1-200x300.jpg 200w, https:\/\/primicias.net\/web\/wp-content\/uploads\/2026\/09\/PHOTO-2026-09-05-13-03-30-1-683x1024.jpg 683w, https:\/\/primicias.net\/web\/wp-content\/uploads\/2026\/09\/PHOTO-2026-09-05-13-03-30-1-768x1152.jpg 768w, https:\/\/primicias.net\/web\/wp-content\/uploads\/2026\/09\/PHOTO-2026-09-05-13-03-30-1.jpg 960w\" sizes=\"auto, (max-width: 200px) 100vw, 200px\" \/><\/p>\n<p>Dos Generaciones, una tradici\u00f3n jur\u00eddica en RD<\/p>\n","protected":false},"excerpt":{"rendered":"<p>(Por redacci\u00f3n central de Primicias) Los 1, 747 nuevos profesionales de la Universidad UFHEC, una importante agenda del presidente Luis Abinader en el fin de semana, la dominicana Joheirry Mola, escogida Miss Mundo 2026;el reforzamiento del patrullaje preventivo en el Distrito Nacional, la muerte violenta de un joven de 21 a\u00f1os en Cotu\u00ed, S\u00e1nchez Ram\u00edrez, &hellip;<\/p>\n","protected":false},"author":8,"featured_media":244865,"comment_status":"open","ping_status":"closed","sticky":false,"template":"","format":"standard","meta":{"_jetpack_newsletter_access":"","_jetpack_dont_email_post_to_subs":false,"_jetpack_newsletter_tier_id":0,"_jetpack_memberships_contains_paywalled_content":false,"_jetpack_feature_clip_id":0,"_jetpack_memberships_contains_paid_content":false,"footnotes":"","jetpack_publicize_message":"","jetpack_publicize_feature_enabled":true,"jetpack_social_post_already_shared":true,"jetpack_social_options":{"image_generator_settings":{"template":"highway","default_image_id":0,"font":"","enabled":false},"version":2},"jetpack_post_was_ever_published":false},"categories":[31,163],"tags":[],"class_list":["post-244863","post","type-post","status-publish","format-standard","has-post-thumbnail","hentry","category-nacionales","category-voces-nacionales-e-internacionales"],"jetpack_publicize_connections":[],"jetpack_featured_media_url":"https:\/\/primicias.net\/web\/wp-content\/uploads\/2026\/09\/Foto-1.1.jpg","jetpack_sharing_enabled":true,"_links":{"self":[{"href":"https:\/\/primicias.net\/web\/wp-json\/wp\/v2\/posts\/244863","targetHints":{"allow":["GET"]}}],"collection":[{"href":"https:\/\/primicias.net\/web\/wp-json\/wp\/v2\/posts"}],"about":[{"href":"https:\/\/primicias.net\/web\/wp-json\/wp\/v2\/types\/post"}],"author":[{"embeddable":true,"href":"https:\/\/primicias.net\/web\/wp-json\/wp\/v2\/users\/8"}],"replies":[{"embeddable":true,"href":"https:\/\/primicias.net\/web\/wp-json\/wp\/v2\/comments?post=244863"}],"version-history":[{"count":3,"href":"https:\/\/primicias.net\/web\/wp-json\/wp\/v2\/posts\/244863\/revisions"}],"predecessor-version":[{"id":244869,"href":"https:\/\/primicias.net\/web\/wp-json\/wp\/v2\/posts\/244863\/revisions\/244869"}],"wp:featuredmedia":[{"embeddable":true,"href":"https:\/\/primicias.net\/web\/wp-json\/wp\/v2\/media\/244865"}],"wp:attachment":[{"href":"https:\/\/primicias.net\/web\/wp-json\/wp\/v2\/media?parent=244863"}],"wp:term":[{"taxonomy":"category","embeddable":true,"href":"https:\/\/primicias.net\/web\/wp-json\/wp\/v2\/categories?post=244863"},{"taxonomy":"post_tag","embeddable":true,"href":"https:\/\/primicias.net\/web\/wp-json\/wp\/v2\/tags?post=244863"}],"curies":[{"name":"wp","href":"https:\/\/api.w.org\/{rel}","templated":true}]}}