{"id":244851,"date":"2026-09-05T15:36:44","date_gmt":"2026-09-05T19:36:44","guid":{"rendered":"https:\/\/primicias.net\/web\/?p=244851"},"modified":"2026-09-05T16:53:22","modified_gmt":"2026-09-05T20:53:22","slug":"primicias-septiembre-2026-actualidad-despide-e-inicia-nueva-semana-en-rd-y-el-mundo","status":"publish","type":"post","link":"https:\/\/primicias.net\/web\/primicias-septiembre-2026-actualidad-despide-e-inicia-nueva-semana-en-rd-y-el-mundo\/","title":{"rendered":"Primicias septiembre 2026, Temas Econ\u00f3micos y Bancarios RD y el mundo, nuevo superintendente de Bancos presenta algunas prioridades de su gesti\u00f3n"},"content":{"rendered":"<p>Por Alex Jim\u00e9nez<br \/>\nDirector de Primicias<br \/>\nLos preocupantes precios del petr\u00f3leo,el congelamiento de los precios de los principales combustibles, el desarrollo agroindustrial dominicano,\u00a0 la expansi\u00f3n de los negocios chinos en el pa\u00eds,\u00a0 los grandes retos de Enmanuel Cede\u00f1o Brea en la Superintendencia de Bancos; los 830, 000 empleos\u00a0 que pudiera crear el sector agropecuario dominicano hacia el 2035, seg\u00fan el Banco Mundial; los m\u00e1s de\u00a0 RD$ 121 mil millones de respaldo al turismo dominicano aportados en pr\u00e9stamos por los bancos Reservas y Popular, respectivamente;\u00a0 los 1, 747 nuevos profesionales de la Universidad UFHEC, incluyendo a profesionales de la ingenier\u00eda industrial, las negociaciones de los gobiernos dominicano y de Estados Unidos para una protecci\u00f3n del arroz, m\u00e1s capital humano especializado\u00a0 que necesita el aparato productivo local,\u00a0 \u00a0el fraude contra el Banco BHD sin sanci\u00f3n, el alza en el precio del d\u00f3lar, el anuncio de\u00a0 una inversi\u00f3n para ampliar el acueducto Cibao-Central, ASONAHORES revelando que el turismo aporta el 15.9%\u00a0 del Producto Interno Bruto (PIB) dominicano, el anuncio del presidente Luis Abinader de que publicar\u00e1nlas auditor\u00edas a organismos del gobierno, el fortalecimiento del encadenamiento productivo que buscan la Asociaci\u00f3n de Industrias de la Rep\u00fablica Dominicana y ASONAHORES, el incremento de las importaciones agropecuaias afectandola producci\u00f3n nacional,\u00a0 \u00a0 son temas economicos y bancarios\u00a0 de actualidad que despiden e inician una nueva semana en Rep\u00fablica Dominicana y el mundo.<br \/>\nOTROS TEMAS EN PRIMICIAS<\/p>\n<p><img loading=\"lazy\" decoding=\"async\" class=\"alignnone size-medium wp-image-244858\" src=\"https:\/\/primicias.net\/web\/wp-content\/uploads\/2026\/09\/Aguie-Lendor-300x200.jpg\" alt=\"\" width=\"300\" height=\"200\" srcset=\"https:\/\/primicias.net\/web\/wp-content\/uploads\/2026\/09\/Aguie-Lendor-300x200.jpg 300w, https:\/\/primicias.net\/web\/wp-content\/uploads\/2026\/09\/Aguie-Lendor-1024x683.jpg 1024w, https:\/\/primicias.net\/web\/wp-content\/uploads\/2026\/09\/Aguie-Lendor-768x512.jpg 768w, https:\/\/primicias.net\/web\/wp-content\/uploads\/2026\/09\/Aguie-Lendor-1536x1024.jpg 1536w, https:\/\/primicias.net\/web\/wp-content\/uploads\/2026\/09\/Aguie-Lendor-2048x1365.jpg 2048w\" sizes=\"auto, (max-width: 300px) 100vw, 300px\" \/><\/p>\n<p>EMPRESAS RESPALDARON EXPOSICION COMERCIAL ASONAHORES<\/p>\n<p>La\u00a0 reci\u00e9n celebrada XXXVIII Exposici\u00f3n Comercial de ASONAHORES cont\u00f3 con el patrocinio del Ministerio de Turismo, Grupo Puntacana, Canita, Coolekos, Industrias Banilejas (INDUBAN) &#8211; Caf\u00e9 Santo Domingo, Therrestra, Consorcio Energ\u00e9tico Punta Cana Macao, CEPM, Altron International Punta Cana, Induveca S.A.\u00a0\u00a0\u00a0\u00a0\u00a0\u00a0 Mercasid, Banco Popular Dominicano, Tonos y Colores\u00a0\u00a0\u00a0\u00a0\u00a0\u00a0\u00a0\u00a0\u00a0\u00a0 , Banco BHD, Banreservas, Fontana SRL, Palo, SIMPEX, Banco Lopez de Haro S.A, Reid &amp; Compa\u00f1\u00eda, COINCO, Ingenier\u00eda de Protecci\u00f3n, SRL. (INPROTEC), Dar\u00edo Auto Paint (Dapsa Recubrimientos), Agente de Cambio Quezada, Grupo Naranja, Unitrade SRL, Scotiabank, IMCA &#8211; Implementos y Maquinarias, INTELCA, SRL, PROCONTRATISTA e Infotep<\/p>\n<p>ACTIVOS DEL SISTEMA FINANCIERO ALCANZARON RD$ 4.47 BILLONES EN JUNIO DE 2026<\/p>\n<p>De acuerdo con la Superintendencia de Bancos (SB), el crecimiento interanual fue de<br \/>\n12.6%, manteniendo adecuados niveles de solvencia, liquidez y rentabilidad.<br \/>\nLos activos totales del sistema financiero ascendieron a RD$4.47<br \/>\nbillones, equivalentes al 56.6% del producto interno bruto (PIB), tras registrar un<br \/>\ncrecimiento interanual de 12.6%.<br \/>\nLa informaci\u00f3n est\u00e1 contenida en el Informe trimestral de desempe\u00f1o del sistema<br \/>\nfinanciero, publicado por la Superintendencia de Bancos (SB), que atribuye esta evoluci\u00f3n<br \/>\nal impulso de las inversiones, seguidas de la cartera de cr\u00e9ditos, los fondos disponibles y<br \/>\notros activos.<br \/>\nLa publicaci\u00f3n de la SB muestra que la cartera de cr\u00e9ditos, hasta mayo de este a\u00f1o,<br \/>\nmantuvo su trayectoria de crecimiento y alcanz\u00f3 un balance de RD$2.45 billones, luego de<br \/>\naumentar en RD$201,430 millones interanual.<br \/>\nLa cartera privada en moneda nacional registr\u00f3 un crecimiento real de 4.6%, liderado por<br \/>\nel cr\u00e9dito comercial (9.9%) y el hipotecario (4.7%). En contraste, los cr\u00e9ditos al consumo<br \/>\ncontinuaron mostrando una contracci\u00f3n real de 2.3%, mientras que las tarjetas de cr\u00e9dito<br \/>\npasaron de crecer 17.4% en mayo de 2025 a registrar una variaci\u00f3n de -1% en mayo de<br \/>\n2026.<br \/>\nLa exposici\u00f3n de la cartera en moneda extranjera se redujo en -0.6 punto porcentual<br \/>\nrespecto al a\u00f1o anterior, totalizando su ponderaci\u00f3n dentro de la cartera al cierre de<br \/>\nmayo 22.1%, de acuerdo con la publicaci\u00f3n.<br \/>\nAsimismo, las tasas de inter\u00e9s promedio ponderada (TIPP) activa y pasiva de la banca<br \/>\nm\u00faltiple cerraron en junio de 2026 en 13.60% y 7.34%, respectivamente.<br \/>\nPor otro lado, el patrimonio t\u00e9cnico ajustado ascendi\u00f3 a RD$550,115 millones en mayo de<br \/>\n2026, para un incremento interanual de 13.4%. El excedente de capital alcanz\u00f3 los<br \/>\nRD$252,818 millones, sustentado principalmente en el crecimiento del capital primario,<br \/>\nque representa el 82.7% del patrimonio t\u00e9cnico.<br \/>\nAl cierre de mayo, el sistema financiero mantuvo una posici\u00f3n de solvencia de 18.71%,<br \/>\nsuperior al m\u00ednimo regulatorio de 10% y respaldada por un crecimiento del patrimonio<br \/>\nt\u00e9cnico superior al de los activos y contingentes ponderados por riesgo.<\/p>\n<p>Las utilidades antes de impuestos acumuladas a junio ascendieron a RD$60,710 millones,<br \/>\nequivalentes a un crecimiento interanual de 17.9%. Asimismo, las utilidades netas<br \/>\nalcanzaron RD$49,714 millones, para un incremento de 15.8%, con indicadores de<br \/>\nrentabilidad sobre patrimonio (ROE) de 18.31% y sobre activos (ROA) de 2.30%.<br \/>\nMorosidad<br \/>\nLa calidad de los activos continu\u00f3 mostrando se\u00f1ales favorables. La cartera vencida<br \/>\nalcanz\u00f3 RD$46,309 millones, con \u00edndices de morosidad de 1.89% y morosidad estresada<br \/>\nde 7.69%, ambas por debajo de los niveles observados al inicio de 2026.<br \/>\nEl informe resalta que el sistema mantiene adecuados niveles de cobertura, con<br \/>\nprovisiones equivalentes al 168% de la cartera vencida.<\/p>\n<p><img loading=\"lazy\" decoding=\"async\" class=\"alignnone size-medium wp-image-244857\" src=\"https:\/\/primicias.net\/web\/wp-content\/uploads\/2026\/09\/Fachada-SB-7-300x169.jpg\" alt=\"\" width=\"300\" height=\"169\" srcset=\"https:\/\/primicias.net\/web\/wp-content\/uploads\/2026\/09\/Fachada-SB-7-300x169.jpg 300w, https:\/\/primicias.net\/web\/wp-content\/uploads\/2026\/09\/Fachada-SB-7-1024x576.jpg 1024w, https:\/\/primicias.net\/web\/wp-content\/uploads\/2026\/09\/Fachada-SB-7-768x432.jpg 768w, https:\/\/primicias.net\/web\/wp-content\/uploads\/2026\/09\/Fachada-SB-7-1536x864.jpg 1536w, https:\/\/primicias.net\/web\/wp-content\/uploads\/2026\/09\/Fachada-SB-7-390x220.jpg 390w, https:\/\/primicias.net\/web\/wp-content\/uploads\/2026\/09\/Fachada-SB-7.jpg 1920w\" sizes=\"auto, (max-width: 300px) 100vw, 300px\" \/><\/p>\n<p>ASONAHORES DESTACA TURISMO AMPLIA SU IMPACTO EN LA ECONOMIA<\/p>\n<p>Asonahores destaca que la actividad tur\u00edstica genera m\u00e1s de 880 mil empleos,<br \/>\nUS$11,866 millones en divisas y una creciente contribuci\u00f3n fiscal<br \/>\nPunta Cana, Rep\u00fablica Dominicana.<\/p>\n<p>\u2013 La Asociaci\u00f3n de Hoteles y Turismo de laRep\u00fablica Dominicana, Asonahores, inform\u00f3 que la industria tur\u00edstica consolid\u00f3 en 2025 su posici\u00f3n como uno de los principales pilares de la econom\u00eda dominicana, conuna contribuci\u00f3n total equivalente al 15.9 % del Producto Interno Bruto (PIB), al<br \/>\nintegrar el impacto directo de la actividad con los efectos indirectos e inducidos que<br \/>\ngenera a trav\u00e9s de la cadena productiva nacional.<br \/>\nAsonahores destac\u00f3 que la dimensi\u00f3n alcanzada por el sector evidencia que su<br \/>\nimpacto econ\u00f3mico trasciende la hoteler\u00eda y se extiende a la generaci\u00f3n de empleos,<br \/>\ncaptaci\u00f3n de divisas e inversi\u00f3n extranjera, recaudaci\u00f3n fiscal y dinamizaci\u00f3n de<br \/>\nm\u00faltiples actividades productivas.<br \/>\nDe acuerdo con los datos presentados en el marco de la Exposici\u00f3n Comercial de<br \/>\nAsonahores 2026, la contribuci\u00f3n total del turismo a la econom\u00eda alcanz\u00f3 unos<br \/>\nUS$21,619 millones en 2025. De manera directa, las actividades tur\u00edsticas<br \/>\nrepresentaron el 8.3 % del PIB, mientras que al incorporar sus efectos indirectos e<br \/>\ninducidos la participaci\u00f3n se elev\u00f3 al 15.9 %.<br \/>\nJuan Bancalari, presidente de Asonahores, estas cifras reflejan la capacidad del turismo<br \/>\npara transmitir crecimiento hacia diferentes sectores de la econom\u00eda y ampliar sus<br \/>\nbeneficios m\u00e1s all\u00e1 de los principales destinos.<\/p>\n<p><img loading=\"lazy\" decoding=\"async\" class=\"alignnone size-medium wp-image-244692\" src=\"https:\/\/primicias.net\/web\/wp-content\/uploads\/2026\/09\/Juan-Bancalari-300x240.jpeg\" alt=\"\" width=\"300\" height=\"240\" srcset=\"https:\/\/primicias.net\/web\/wp-content\/uploads\/2026\/09\/Juan-Bancalari-300x240.jpeg 300w, https:\/\/primicias.net\/web\/wp-content\/uploads\/2026\/09\/Juan-Bancalari-1024x819.jpeg 1024w, https:\/\/primicias.net\/web\/wp-content\/uploads\/2026\/09\/Juan-Bancalari-768x615.jpeg 768w, https:\/\/primicias.net\/web\/wp-content\/uploads\/2026\/09\/Juan-Bancalari-1536x1229.jpeg 1536w, https:\/\/primicias.net\/web\/wp-content\/uploads\/2026\/09\/Juan-Bancalari-2048x1639.jpeg 2048w\" sizes=\"auto, (max-width: 300px) 100vw, 300px\" \/> (Juan Bancalari, presidente de ASONAHORES)<\/p>\n<p>NUEVO SUPERINTENDENTE DE BANCOS PRESENTA ALGUNAS PRIORIDADES ESTRATEGICAS\u00a0 QUE ORIENTAN\u00a0 LA GESTION INSTITUCIONAL<\/p>\n<p>El superintendente de Bancos, Enmanuel Cede\u00f1o Brea, asumi\u00f3 formalmente sus funciones al frente de la Superintendencia deBancos (SB), destacando que esta nueva etapa estar\u00e1 marcada por la continuidad de latransformaci\u00f3n institucional impulsada en los \u00faltimos a\u00f1os, con un firme compromiso de<br \/>\nseguir fortaleciendo la supervisi\u00f3n financiera, la confianza p\u00fablica y la excelencia t\u00e9cnica<br \/>\nde la instituci\u00f3n.<br \/>\nDurante su discurso de inicio de gesti\u00f3n, Cede\u00f1o Brea agradeci\u00f3 la confianza depositada<br \/>\npor el presidente Luis Abinader y afirm\u00f3 que su designaci\u00f3n constituye un reconocimiento<br \/>\nal trabajo desarrollado por el equipo humano de la instituci\u00f3n. En ese sentido, enfatiz\u00f3<br \/>\nque la continuidad no significa inmovilidad, sino profundizar y ampliar los<br \/>\navances\u00a0obtenidos.<br \/>\nEl nuevo superintendente se\u00f1al\u00f3 que\u00a0los logros alcanzados\u00a0por la SB exigen\u00a0mantener los<br \/>\nm\u00e1s altos est\u00e1ndares de rigor y compromiso. Advirti\u00f3 que las instituciones pueden<br \/>\ndebilitarse no solo cuando se apartan de su misi\u00f3n, sino tambi\u00e9n cuando la complacencia<br \/>\nsustituye la disciplina y la b\u00fasqueda constante de la excelencia.<br \/>\nEn este contexto, llam\u00f3 a\u00a0los colaboradores y las colaboradoras\u00a0a preservar la credibilidad<br \/>\ninstitucional y a proteger la estabilidad financiera del pa\u00eds, recordando que la confianza<br \/>\nconstruida a lo largo de los a\u00f1os requiere una atenci\u00f3n permanente. \u201cNo podemos<br \/>\npermitir que la complacencia erosione lo que tanto esfuerzo nos ha costado alcanzar.<br \/>\nPorque las instituciones no solo fracasan cuando cambian de rumbo por malas decisiones;<br \/>\ntambi\u00e9n pueden fracasar cuando, confiadas en sus \u00e9xitos, dejan de cuidar aquello que las<br \/>\nhizo exitosas. Por eso el compromiso no disminuye en esta nueva etapa. Aumenta.\u201d,<br \/>\nafirm\u00f3 el funcionario.<br \/>\nCede\u00f1o Brea tambi\u00e9n present\u00f3\u00a0cuatro\u00a0prioridades estrat\u00e9gicas que orientar\u00e1n la gesti\u00f3n<br \/>\ninstitucional en los pr\u00f3ximos a\u00f1os: impulsar una inclusi\u00f3n financiera m\u00e1s efectiva y el<br \/>\nacceso al cr\u00e9dito productivo;\u00a0continuar fortaleciendo\u00a0la protecci\u00f3n de los usuarios de<br \/>\nservicios financieros; acompa\u00f1ar la transformaci\u00f3n tecnol\u00f3gica del sector financiero; y<br \/>\navanzar en la convergencia con est\u00e1ndares internacionales de supervisi\u00f3n y regulaci\u00f3n.<\/p>\n<p>El superintendente resalt\u00f3 que el ente supervisor cuenta con una base institucional s\u00f3lida<br \/>\ny que el sistema financiero dominicano mantiene niveles adecuados de capitalizaci\u00f3n,<br \/>\nsolvencia y estabilidad. Indic\u00f3 que los desaf\u00edos futuros requerir\u00e1n coordinaci\u00f3n,<br \/>\ninnovaci\u00f3n y una visi\u00f3n estrat\u00e9gica compartida entre todos los actores involucrados.<br \/>\nAl concluir, agradeci\u00f3 el respaldo del Banco Central, del Ministerio de Hacienda y<br \/>\nreconoci\u00f3 los aportes del exsuperintendente Alejandro Fern\u00e1ndez W. Asimismo, reafirm\u00f3<br \/>\nque la misi\u00f3n de la SB seguir\u00e1 orientada a generar confianza, aportar valor a la sociedad y<br \/>\nservir al pa\u00eds con integridad, profesionalismo y vocaci\u00f3n de servicio.<\/p>\n<p><img loading=\"lazy\" decoding=\"async\" class=\"alignnone size-medium wp-image-244855\" src=\"https:\/\/primicias.net\/web\/wp-content\/uploads\/2026\/09\/WhatsApp-Image-2026-09-04-at-5.03.36-PM-1-262x300.jpeg\" alt=\"\" width=\"262\" height=\"300\" srcset=\"https:\/\/primicias.net\/web\/wp-content\/uploads\/2026\/09\/WhatsApp-Image-2026-09-04-at-5.03.36-PM-1-262x300.jpeg 262w, https:\/\/primicias.net\/web\/wp-content\/uploads\/2026\/09\/WhatsApp-Image-2026-09-04-at-5.03.36-PM-1-893x1024.jpeg 893w, https:\/\/primicias.net\/web\/wp-content\/uploads\/2026\/09\/WhatsApp-Image-2026-09-04-at-5.03.36-PM-1-768x880.jpeg 768w, https:\/\/primicias.net\/web\/wp-content\/uploads\/2026\/09\/WhatsApp-Image-2026-09-04-at-5.03.36-PM-1-1340x1536.jpeg 1340w, https:\/\/primicias.net\/web\/wp-content\/uploads\/2026\/09\/WhatsApp-Image-2026-09-04-at-5.03.36-PM-1.jpeg 1396w\" sizes=\"auto, (max-width: 262px) 100vw, 262px\" \/> (Rueda de prensa de CODOPYME)<\/p>\n<p>CODOPYME DESTACA IMPACTO DEL INABIE EN LAS MIPYMES<\/p>\n<p>La Confederaci\u00f3n Dominicana de la Micro, Peque\u00f1a y Mediana Empresa (CODOPYME) destac\u00f3 el impacto econ\u00f3mico y social que tienen los programas del Instituto Nacional de Bienestar Estudiantil (INABIE), resaltando que desde su creaci\u00f3n en el a\u00f1o 2012 se ha convertido en la instituci\u00f3n que mayor oportunidades genera para las MIPYMES industriales del pa\u00eds.<\/p>\n<p>Actualmente, alrededor de 2,500 MIPYMES participan como suplidoras del INABIE en distintas modalidades, representando m\u00e1s del 90% de los proveedores de la instituci\u00f3n incluyendo utiler\u00eda escolar (calzados, mochilas, pantal\u00f3n y poloshirt) desayuno y merienda, almuerzo escolar y otros rubros, generando m\u00e1s de 30,000 empleos directos y una importante cantidad de empleos indirectos en toda la cadena productiva nacional, adem\u00e1s de contribuir con el bienestar y rendimiento de los estudiantes, con estas medidas se reduce la carga econ\u00f3mica de las familias, especialmente de los hogares m\u00e1s vulnerables.<img loading=\"lazy\" decoding=\"async\" class=\"alignnone size-medium wp-image-244856\" src=\"https:\/\/primicias.net\/web\/wp-content\/uploads\/2026\/09\/WhatsApp-Image-2026-09-04-at-5.03.36-PM-300x169.jpeg\" alt=\"\" width=\"300\" height=\"169\" srcset=\"https:\/\/primicias.net\/web\/wp-content\/uploads\/2026\/09\/WhatsApp-Image-2026-09-04-at-5.03.36-PM-300x169.jpeg 300w, https:\/\/primicias.net\/web\/wp-content\/uploads\/2026\/09\/WhatsApp-Image-2026-09-04-at-5.03.36-PM-1024x576.jpeg 1024w, https:\/\/primicias.net\/web\/wp-content\/uploads\/2026\/09\/WhatsApp-Image-2026-09-04-at-5.03.36-PM-768x432.jpeg 768w, https:\/\/primicias.net\/web\/wp-content\/uploads\/2026\/09\/WhatsApp-Image-2026-09-04-at-5.03.36-PM-1536x864.jpeg 1536w, https:\/\/primicias.net\/web\/wp-content\/uploads\/2026\/09\/WhatsApp-Image-2026-09-04-at-5.03.36-PM-390x220.jpeg 390w, https:\/\/primicias.net\/web\/wp-content\/uploads\/2026\/09\/WhatsApp-Image-2026-09-04-at-5.03.36-PM.jpeg 1599w\" sizes=\"auto, (max-width: 300px) 100vw, 300px\" \/><\/p>\n<p>En ese sentido, Ferrnando Pinales, presidente de CODOPYME valor\u00f3 la apertura al di\u00e1logo mostrada por la actual gesti\u00f3n del INABIE hacia los suplidores y las asociaciones empresariales, as\u00ed como los pasos adoptados para fortalecer sus procesos de contrataci\u00f3n.<\/p>\n<p>Afirm\u00f3 que CODOPYME como c\u00fapula representante de las mipymes del pa\u00eds, desea expresar el apoyo a los distintos programas del INABIE \u00a0y garantizar que los procesos de compras contin\u00faen dirigidos a mipymes de \u00a0producci\u00f3n nacional.<\/p>\n<p><img loading=\"lazy\" decoding=\"async\" class=\"alignnone size-medium wp-image-244854\" src=\"https:\/\/primicias.net\/web\/wp-content\/uploads\/2026\/09\/Autoridades-de-la-Provincia-Sanchez-Ramirez-y-Ejecutivos-de-Edenorte-3-300x218.jpeg\" alt=\"\" width=\"300\" height=\"218\" srcset=\"https:\/\/primicias.net\/web\/wp-content\/uploads\/2026\/09\/Autoridades-de-la-Provincia-Sanchez-Ramirez-y-Ejecutivos-de-Edenorte-3-300x218.jpeg 300w, https:\/\/primicias.net\/web\/wp-content\/uploads\/2026\/09\/Autoridades-de-la-Provincia-Sanchez-Ramirez-y-Ejecutivos-de-Edenorte-3-1024x745.jpeg 1024w, https:\/\/primicias.net\/web\/wp-content\/uploads\/2026\/09\/Autoridades-de-la-Provincia-Sanchez-Ramirez-y-Ejecutivos-de-Edenorte-3-768x559.jpeg 768w, https:\/\/primicias.net\/web\/wp-content\/uploads\/2026\/09\/Autoridades-de-la-Provincia-Sanchez-Ramirez-y-Ejecutivos-de-Edenorte-3.jpeg 1206w\" sizes=\"auto, (max-width: 300px) 100vw, 300px\" \/><\/p>\n<p>&nbsp;<\/p>\n<div dir=\"ltr\">\n<div><b>Edenorte se re\u00fane con autoridades de S\u00e1nchez Ram\u00edrez para impulsar mejoras en el servicio el\u00e9ctrico en Cotu\u00ed, S\u00e1nchez Ram\u00edrez<\/b><\/div>\n<div>\u00a0Representantes de Edenorte Dominicana sostuvieron una reuni\u00f3n de trabajo con autoridades provinciales, municipales y dirigentes comunitarios, con el prop\u00f3sito de coordinar soluciones a las principales dificultades que afectan el servicio el\u00e9ctrico en distintos sectores de la provincia S\u00e1nchez Ram\u00edrez.<\/div>\n<div>La delegaci\u00f3n de Edenorte estuvo encabezada por Gregorio Contreras y Pascual Zapata, quienes participaron en representaci\u00f3n del Gerente General de la empresa distribuidora, Gustavo Mart\u00ednez.<\/div>\n<div>Durante el encuentro, celebrado en la Alcald\u00eda de Cotu\u00ed, fueron identificadas como prioridades la reparaci\u00f3n y reactivaci\u00f3n de luminarias apagadas, la instalaci\u00f3n o ampliaci\u00f3n del tendido el\u00e9ctrico en las comunidades donde sea necesario y la atenci\u00f3n a las interrupciones energ\u00e9ticas reportadas por los residentes.<\/div>\n<div>Los representantes de Edenorte escucharon los planteamientos de las autoridades y dirigentes comunitarios, quienes expusieron las necesidades particulares de los sectores afectados y solicitaron respuestas oportunas para mejorar la calidad y continuidad del suministro el\u00e9ctrico<\/div>\n<div><\/div>\n<\/div>\n<p>MAS EN ECONOMIA<br \/>\nLa lluvia de quejas por los apagones y las escandalosas facturas el\u00e9ctricas<\/p>\n<p>El cierre de negocios por alzas en los costos,\u00a0 facturas de energ\u00eda el\u00e9ctricas e impuestos<\/p>\n<p>La suspensi\u00f3n de 14 suplidores del desayuno\u00a0 y almuerzo escolar<br \/>\nEl alza en el precio del petr\u00f3leo provocando m\u00e1s subsidios en RD<br \/>\nEl empeoramiento de la crisis el\u00e9ctrica en Venezuela<br \/>\nUn apag\u00f3n cuando periodistas entrevistaban a la vicepresidenta Raqu\u00e9l Pe\u00f1a sobre la factura<br \/>\nel\u00e9ctrica<\/p>\n<p>Una sentencia que ordena que el Banco Central pague US$ 5 millones a un consorcio, ese banco la cuestiona<br \/>\nEl VII Congreso Cooperativo Internacional de la Federaci\u00f3n de Cooperativas de la Regi\u00f3n Nordeste<br \/>\ncelebrado en Punta Cana<br \/>\nLos apagones de Edeeste<br \/>\nLos trabajos de construcci\u00f3n de un aeropuerto en Pedernales<br \/>\nEl inicio de la construcci\u00f3n de 14.5 kil\u00f3metros de verja fronteriza en Jiman\u00ed,<br \/>\nUn art\u00edculo period\u00edstico de Daniel Toribio preguntando \u00bfPara que existe un Banco Central?<br \/>\nLa inauguraci\u00f3n de la carretera de Boca de Chav\u00f3n, ceremonia encabezada por el presidente Luis<br \/>\nAbinader<br \/>\nEl destino de 3,900 contenedores reclamado a la Direcci\u00f3n General de Aduanas por la Fuerza del<br \/>\nPueblo<br \/>\nLa restricci\u00f3n en el tr\u00e1nsito en el Canal de Panam\u00e1<br \/>\nLa protecci\u00f3n de arroz que busca el gobierno dominicano negociando con Estados Unidos<br \/>\nLas reformas econ\u00f3micas en Cuba<br \/>\nTres buques petroleros iran\u00edes atacados por Estados Unidos<\/p>\n","protected":false},"excerpt":{"rendered":"<p>Por Alex Jim\u00e9nez Director de Primicias Los preocupantes precios del petr\u00f3leo,el congelamiento de los precios de los principales combustibles, el desarrollo agroindustrial dominicano,\u00a0 la expansi\u00f3n de los negocios chinos en el pa\u00eds,\u00a0 los grandes retos de Enmanuel Cede\u00f1o Brea en la Superintendencia de Bancos; los 830, 000 empleos\u00a0 que pudiera crear el sector agropecuario dominicano &hellip;<\/p>\n","protected":false},"author":8,"featured_media":244766,"comment_status":"open","ping_status":"closed","sticky":false,"template":"","format":"standard","meta":{"_jetpack_newsletter_access":"","_jetpack_dont_email_post_to_subs":false,"_jetpack_newsletter_tier_id":0,"_jetpack_memberships_contains_paywalled_content":false,"_jetpack_feature_clip_id":0,"_jetpack_memberships_contains_paid_content":false,"footnotes":"","jetpack_publicize_message":"","jetpack_publicize_feature_enabled":true,"jetpack_social_post_already_shared":true,"jetpack_social_options":{"image_generator_settings":{"template":"highway","default_image_id":0,"font":"","enabled":false},"version":2},"jetpack_post_was_ever_published":false},"categories":[65,35,31,49,182,163],"tags":[],"class_list":["post-244851","post","type-post","status-publish","format-standard","has-post-thumbnail","hentry","category-bancarias","category-economia-arte","category-nacionales","category-opinion","category-voces-economicas-de-la-nacion","category-voces-nacionales-e-internacionales"],"jetpack_publicize_connections":[],"jetpack_featured_media_url":"https:\/\/primicias.net\/web\/wp-content\/uploads\/2026\/09\/Foto-de-grupo.jpeg","jetpack_sharing_enabled":true,"_links":{"self":[{"href":"https:\/\/primicias.net\/web\/wp-json\/wp\/v2\/posts\/244851","targetHints":{"allow":["GET"]}}],"collection":[{"href":"https:\/\/primicias.net\/web\/wp-json\/wp\/v2\/posts"}],"about":[{"href":"https:\/\/primicias.net\/web\/wp-json\/wp\/v2\/types\/post"}],"author":[{"embeddable":true,"href":"https:\/\/primicias.net\/web\/wp-json\/wp\/v2\/users\/8"}],"replies":[{"embeddable":true,"href":"https:\/\/primicias.net\/web\/wp-json\/wp\/v2\/comments?post=244851"}],"version-history":[{"count":3,"href":"https:\/\/primicias.net\/web\/wp-json\/wp\/v2\/posts\/244851\/revisions"}],"predecessor-version":[{"id":244861,"href":"https:\/\/primicias.net\/web\/wp-json\/wp\/v2\/posts\/244851\/revisions\/244861"}],"wp:featuredmedia":[{"embeddable":true,"href":"https:\/\/primicias.net\/web\/wp-json\/wp\/v2\/media\/244766"}],"wp:attachment":[{"href":"https:\/\/primicias.net\/web\/wp-json\/wp\/v2\/media?parent=244851"}],"wp:term":[{"taxonomy":"category","embeddable":true,"href":"https:\/\/primicias.net\/web\/wp-json\/wp\/v2\/categories?post=244851"},{"taxonomy":"post_tag","embeddable":true,"href":"https:\/\/primicias.net\/web\/wp-json\/wp\/v2\/tags?post=244851"}],"curies":[{"name":"wp","href":"https:\/\/api.w.org\/{rel}","templated":true}]}}