{"id":244847,"date":"2026-09-05T14:07:15","date_gmt":"2026-09-05T18:07:15","guid":{"rendered":"https:\/\/primicias.net\/web\/?p=244847"},"modified":"2026-09-05T14:07:35","modified_gmt":"2026-09-05T18:07:35","slug":"edenorte-se-reune-con-autoridades-de-sanchez-ramirez-para-impulsar-mejoras-en-el-servicio-electrico","status":"publish","type":"post","link":"https:\/\/primicias.net\/web\/edenorte-se-reune-con-autoridades-de-sanchez-ramirez-para-impulsar-mejoras-en-el-servicio-electrico\/","title":{"rendered":"Edenorte se re\u00fane con autoridades de S\u00e1nchez Ram\u00edrez para impulsar mejoras en el servicio el\u00e9ctrico"},"content":{"rendered":"<blockquote>\n<div><b>COTU\u00cd, S\u00e1nchez Ram\u00edrez.\u2013<\/b>\u00a0Representantes de Edenorte Dominicana sostuvieron una reuni\u00f3n de trabajo con autoridades provinciales, municipales y dirigentes comunitarios, con el prop\u00f3sito de coordinar soluciones a las principales dificultades que afectan el servicio el\u00e9ctrico en distintos sectores de la provincia S\u00e1nchez Ram\u00edrez.<\/div>\n<div><\/div>\n<div>La delegaci\u00f3n de Edenorte estuvo encabezada por Gregorio Contreras y Pascual Zapata, quienes participaron en representaci\u00f3n del Gerente General de la empresa distribuidora, Gustavo Mart\u00ednez.<\/div>\n<div>Durante el encuentro, celebrado en la Alcald\u00eda de Cotu\u00ed, fueron identificadas como prioridades la reparaci\u00f3n y reactivaci\u00f3n de luminarias apagadas, la instalaci\u00f3n o ampliaci\u00f3n del tendido el\u00e9ctrico en las comunidades donde sea necesario y la atenci\u00f3n a las interrupciones energ\u00e9ticas reportadas por los residentes.<\/div>\n<div>Los representantes de Edenorte escucharon los planteamientos de las autoridades y dirigentes comunitarios, quienes expusieron las necesidades particulares de los sectores afectados y solicitaron respuestas oportunas para mejorar la calidad y continuidad del suministro el\u00e9ctrico.<\/div>\n<div>La reuni\u00f3n fue encabezada por la gobernadora provincial Cristiana Rodr\u00edguez de Alba y el alcalde de Cotu\u00ed, Jos\u00e9 Eugenio Montilla, quienes destacaron la importancia de mantener una coordinaci\u00f3n permanente con Edenorte para dar seguimiento a cada una de las situaciones presentadas.<\/div>\n<div>Las autoridades expresaron que la iluminaci\u00f3n adecuada de calles y espacios p\u00fablicos constituye un elemento fundamental para fortalecer la seguridad ciudadana, facilitar la movilidad durante las noches y mejorar la calidad de vida de las comunidades.<\/div>\n<div>De su parte, alcalde de Cotu\u00ed, Jos\u00e9 Eugenio Montilla, solicit\u00f3 la electrificaci\u00f3n del cementerio municipal, espacio que por el momento no cuenta con debida iluminaci\u00f3n y que, por tal raz\u00f3n, hace m\u00e1s vulnerable a quienes transitan por este lugar en horario nocturno.<\/div>\n<div>En la actividad tambi\u00e9n participaron la magistrada Juana Mar\u00eda Hern\u00e1ndez; Arqu\u00edmedes Mat\u00edas, presidente del Consejo Provincial para la Administraci\u00f3n de los Fondos Mineros; Manuel Jos\u00e9, presidente de la Uni\u00f3n de Juntas de Vecinos; as\u00ed como regidores, alcaldes de distritos municipales y representantes de otras instituciones.<\/div>\n<div>Como parte del proceso de coordinaci\u00f3n, los participantes plantearon la necesidad de realizar levantamientos t\u00e9cnicos en las comunidades para determinar la cantidad de luminarias que requieren reparaci\u00f3n o sustituci\u00f3n, identificar los lugares donde debe ampliarse el tendido el\u00e9ctrico y establecer las causas de las interrupciones denunciadas.<\/div>\n<div>Edenorte reafirm\u00f3 su disposici\u00f3n de canalizar los requerimientos recibidos y continuar trabajando junto a las autoridades locales y las organizaciones comunitarias en la b\u00fasqueda de soluciones que contribuyan a mejorar el servicio el\u00e9ctrico en S\u00e1nchez Ram\u00edrez.<\/div>\n<div>Los participantes valoraron el acercamiento institucional y acordaron mantener abiertos los canales de comunicaci\u00f3n para supervisar los avances y dar seguimiento a las acciones que sean programadas en beneficio de los distintos sectores de la provincia.<img loading=\"lazy\" decoding=\"async\" class=\"alignnone size-medium wp-image-244849\" src=\"https:\/\/primicias.net\/web\/wp-content\/uploads\/2026\/09\/Autoridades-de-la-Provincia-Sanchez-Ramirez-y-Ejecutivos-de-Edenorte-1-300x218.jpeg\" alt=\"\" width=\"300\" height=\"218\" srcset=\"https:\/\/primicias.net\/web\/wp-content\/uploads\/2026\/09\/Autoridades-de-la-Provincia-Sanchez-Ramirez-y-Ejecutivos-de-Edenorte-1-300x218.jpeg 300w, https:\/\/primicias.net\/web\/wp-content\/uploads\/2026\/09\/Autoridades-de-la-Provincia-Sanchez-Ramirez-y-Ejecutivos-de-Edenorte-1-1024x745.jpeg 1024w, https:\/\/primicias.net\/web\/wp-content\/uploads\/2026\/09\/Autoridades-de-la-Provincia-Sanchez-Ramirez-y-Ejecutivos-de-Edenorte-1-768x559.jpeg 768w, https:\/\/primicias.net\/web\/wp-content\/uploads\/2026\/09\/Autoridades-de-la-Provincia-Sanchez-Ramirez-y-Ejecutivos-de-Edenorte-1.jpeg 1206w\" sizes=\"auto, (max-width: 300px) 100vw, 300px\" \/><\/div>\n<div><\/div>\n<div><\/div>\n<\/blockquote>\n","protected":false},"excerpt":{"rendered":"<p>COTU\u00cd, S\u00e1nchez Ram\u00edrez.\u2013\u00a0Representantes de Edenorte Dominicana sostuvieron una reuni\u00f3n de trabajo con autoridades provinciales, municipales y dirigentes comunitarios, con el prop\u00f3sito de coordinar soluciones a las principales dificultades que afectan el servicio el\u00e9ctrico en distintos sectores de la provincia S\u00e1nchez Ram\u00edrez. La delegaci\u00f3n de Edenorte estuvo encabezada por Gregorio Contreras y Pascual Zapata, quienes participaron &hellip;<\/p>\n","protected":false},"author":8,"featured_media":244849,"comment_status":"open","ping_status":"closed","sticky":false,"template":"","format":"standard","meta":{"_jetpack_newsletter_access":"","_jetpack_dont_email_post_to_subs":false,"_jetpack_newsletter_tier_id":0,"_jetpack_memberships_contains_paywalled_content":false,"_jetpack_feature_clip_id":0,"_jetpack_memberships_contains_paid_content":false,"footnotes":"","jetpack_publicize_message":"","jetpack_publicize_feature_enabled":true,"jetpack_social_post_already_shared":true,"jetpack_social_options":{"image_generator_settings":{"template":"highway","default_image_id":0,"font":"","enabled":false},"version":2},"jetpack_post_was_ever_published":false},"categories":[155,46],"tags":[],"class_list":["post-244847","post","type-post","status-publish","format-standard","has-post-thumbnail","hentry","category-cibao-2","category-cibao"],"jetpack_publicize_connections":[],"jetpack_featured_media_url":"https:\/\/primicias.net\/web\/wp-content\/uploads\/2026\/09\/Autoridades-de-la-Provincia-Sanchez-Ramirez-y-Ejecutivos-de-Edenorte-1.jpeg","jetpack_sharing_enabled":true,"_links":{"self":[{"href":"https:\/\/primicias.net\/web\/wp-json\/wp\/v2\/posts\/244847","targetHints":{"allow":["GET"]}}],"collection":[{"href":"https:\/\/primicias.net\/web\/wp-json\/wp\/v2\/posts"}],"about":[{"href":"https:\/\/primicias.net\/web\/wp-json\/wp\/v2\/types\/post"}],"author":[{"embeddable":true,"href":"https:\/\/primicias.net\/web\/wp-json\/wp\/v2\/users\/8"}],"replies":[{"embeddable":true,"href":"https:\/\/primicias.net\/web\/wp-json\/wp\/v2\/comments?post=244847"}],"version-history":[{"count":1,"href":"https:\/\/primicias.net\/web\/wp-json\/wp\/v2\/posts\/244847\/revisions"}],"predecessor-version":[{"id":244850,"href":"https:\/\/primicias.net\/web\/wp-json\/wp\/v2\/posts\/244847\/revisions\/244850"}],"wp:featuredmedia":[{"embeddable":true,"href":"https:\/\/primicias.net\/web\/wp-json\/wp\/v2\/media\/244849"}],"wp:attachment":[{"href":"https:\/\/primicias.net\/web\/wp-json\/wp\/v2\/media?parent=244847"}],"wp:term":[{"taxonomy":"category","embeddable":true,"href":"https:\/\/primicias.net\/web\/wp-json\/wp\/v2\/categories?post=244847"},{"taxonomy":"post_tag","embeddable":true,"href":"https:\/\/primicias.net\/web\/wp-json\/wp\/v2\/tags?post=244847"}],"curies":[{"name":"wp","href":"https:\/\/api.w.org\/{rel}","templated":true}]}}