{"id":244842,"date":"2026-09-05T14:00:41","date_gmt":"2026-09-05T18:00:41","guid":{"rendered":"https:\/\/primicias.net\/web\/?p=244842"},"modified":"2026-09-05T14:00:41","modified_gmt":"2026-09-05T18:00:41","slug":"modesto-reyes-advierte-que-la-poblacion-dominicana-padece-alta-inseguridad-alimentaria","status":"publish","type":"post","link":"https:\/\/primicias.net\/web\/modesto-reyes-advierte-que-la-poblacion-dominicana-padece-alta-inseguridad-alimentaria\/","title":{"rendered":"Modesto Reyes advierte que la poblaci\u00f3n dominicana padece alta inseguridad alimentaria"},"content":{"rendered":"<div id=\":oc\" class=\"ii gt\">\n<div id=\":ob\" class=\"a3s aiL \">\n<div id=\"avWBGd-20\">\n<div>\n<div class=\"gmail_quote\">\n<div dir=\"auto\">\n<div dir=\"auto\">Santo Domingo.\u2013 El ingeniero agr\u00f3nomo Modesto Reyes, miembro de la Direcci\u00f3n Pol\u00edtica y secretario de Desarrollo Rural de la Fuerza del Pueblo (FP), afirm\u00f3 que los avances registrados por la Rep\u00fablica Dominicana en materia de subalimentaci\u00f3n deben reconocerse, pero advirti\u00f3 que estos no significan que est\u00e9 resuelto el problema de la inseguridad alimentaria que afecta a la poblaci\u00f3n, particularmente en lo relativo al acceso y capacidad econ\u00f3mica de las familias para adquirir alimentos suficientes, nutritivos y de calidad.<img loading=\"lazy\" decoding=\"async\" class=\"alignnone size-medium wp-image-244844\" src=\"https:\/\/primicias.net\/web\/wp-content\/uploads\/2026\/09\/1000134557-300x228.jpg\" alt=\"\" width=\"300\" height=\"228\" srcset=\"https:\/\/primicias.net\/web\/wp-content\/uploads\/2026\/09\/1000134557-300x228.jpg 300w, https:\/\/primicias.net\/web\/wp-content\/uploads\/2026\/09\/1000134557.jpg 417w\" sizes=\"auto, (max-width: 300px) 100vw, 300px\" \/><\/div>\n<div dir=\"auto\"><\/div>\n<div dir=\"auto\">Durante una entrevista en el programa El Otro Lado de la Noticia, de Hilando Fino TV, Reyes explic\u00f3 que debe diferenciarse el indicador de subalimentaci\u00f3n utilizado por la FAO del concepto m\u00e1s amplio de inseguridad alimentaria.<\/div>\n<div dir=\"auto\"><\/div>\n<div dir=\"auto\">\u201cNos alegramos de cualquier avance en la lucha contra el hambre, pero una cosa es el indicador de subalimentaci\u00f3n y otra que una familia tenga la seguridad de que podr\u00e1 acceder todos los d\u00edas a alimentos suficientes, nutritivos y de calidad\u201d, expres\u00f3.<\/div>\n<div dir=\"auto\"><\/div>\n<div dir=\"auto\">Reyes se\u00f1al\u00f3 que la inseguridad alimentaria no depende \u00fanicamente de que existan alimentos disponibles en supermercados, mercados y almacenes, sino tambi\u00e9n de que las familias tengan ingresos suficientes para adquirirlos. En ese sentido, relacion\u00f3 esta problem\u00e1tica con el aumento del costo de la canasta familiar y la p\u00e9rdida del poder adquisitivo de los hogares.<\/div>\n<div dir=\"auto\"><\/div>\n<div dir=\"auto\">El dirigente de la FP tambi\u00e9n manifest\u00f3 preocupaci\u00f3n por la creciente dependencia de las importaciones agropecuarias y su impacto sobre los productores nacionales. Reconoci\u00f3 que las importaciones pueden ser necesarias para garantizar el abastecimiento, pero advirti\u00f3 que, cuando coinciden con los per\u00edodos de cosecha nacional, pueden provocar reducci\u00f3n de precios, acumulaci\u00f3n de inventarios y p\u00e9rdidas para los productores.<\/div>\n<div dir=\"auto\"><\/div>\n<div dir=\"auto\">Ante esta situaci\u00f3n, plante\u00f3 la necesidad de transformar la agropecuaria dominicana mediante mayor incorporaci\u00f3n de tecnolog\u00eda, investigaci\u00f3n, innovaci\u00f3n, mecanizaci\u00f3n, sistemas modernos de riego, asistencia t\u00e9cnica, financiamiento, seguro agropecuario y mejores mecanismos de comercializaci\u00f3n.<\/div>\n<div dir=\"auto\"><\/div>\n<div dir=\"auto\">\u201cLa Rep\u00fablica Dominicana necesita una agricultura del siglo XXI. Tenemos que hacer una verdadera transformaci\u00f3n tecnol\u00f3gica del campo dominicano\u201d, afirm\u00f3.<\/div>\n<div dir=\"auto\"><\/div>\n<div dir=\"auto\">Finalmente, Reyes afirm\u00f3 que la Fuerza del Pueblo trabaja en propuestas para enfrentar los principales problemas nacionales y sostuvo que la oposici\u00f3n debe, adem\u00e1s de fiscalizar al Gobierno, presentar soluciones concretas.<\/div>\n<div dir=\"auto\"><\/div>\n<div dir=\"auto\">\u201cNuestro compromiso debe ser se\u00f1alar lo que no funciona, pero sobre todo demostrar que existe una alternativa\u201d, concluy\u00f3.<\/div>\n<\/div>\n<div class=\"yj6qo\"><\/div>\n<div class=\"adL\"><\/div>\n<\/div>\n<\/div>\n<div class=\"adL\"><\/div>\n<\/div>\n<\/div>\n<\/div>\n<div id=\":oo\" class=\"hq gt \"><\/div>\n","protected":false},"excerpt":{"rendered":"<p>Santo Domingo.\u2013 El ingeniero agr\u00f3nomo Modesto Reyes, miembro de la Direcci\u00f3n Pol\u00edtica y secretario de Desarrollo Rural de la Fuerza del Pueblo (FP), afirm\u00f3 que los avances registrados por la Rep\u00fablica Dominicana en materia de subalimentaci\u00f3n deben reconocerse, pero advirti\u00f3 que estos no significan que est\u00e9 resuelto el problema de la inseguridad alimentaria que afecta &hellip;<\/p>\n","protected":false},"author":8,"featured_media":244844,"comment_status":"open","ping_status":"closed","sticky":false,"template":"","format":"standard","meta":{"_jetpack_newsletter_access":"","_jetpack_dont_email_post_to_subs":false,"_jetpack_newsletter_tier_id":0,"_jetpack_memberships_contains_paywalled_content":false,"_jetpack_feature_clip_id":0,"_jetpack_memberships_contains_paid_content":false,"footnotes":"","jetpack_publicize_message":"","jetpack_publicize_feature_enabled":true,"jetpack_social_post_already_shared":true,"jetpack_social_options":{"image_generator_settings":{"template":"highway","default_image_id":0,"font":"","enabled":false},"version":2},"jetpack_post_was_ever_published":false},"categories":[149,35],"tags":[],"class_list":["post-244842","post","type-post","status-publish","format-standard","has-post-thumbnail","hentry","category-agropecuaria","category-economia-arte"],"jetpack_publicize_connections":[],"jetpack_featured_media_url":"https:\/\/primicias.net\/web\/wp-content\/uploads\/2026\/09\/1000134557.jpg","jetpack_sharing_enabled":true,"_links":{"self":[{"href":"https:\/\/primicias.net\/web\/wp-json\/wp\/v2\/posts\/244842","targetHints":{"allow":["GET"]}}],"collection":[{"href":"https:\/\/primicias.net\/web\/wp-json\/wp\/v2\/posts"}],"about":[{"href":"https:\/\/primicias.net\/web\/wp-json\/wp\/v2\/types\/post"}],"author":[{"embeddable":true,"href":"https:\/\/primicias.net\/web\/wp-json\/wp\/v2\/users\/8"}],"replies":[{"embeddable":true,"href":"https:\/\/primicias.net\/web\/wp-json\/wp\/v2\/comments?post=244842"}],"version-history":[{"count":1,"href":"https:\/\/primicias.net\/web\/wp-json\/wp\/v2\/posts\/244842\/revisions"}],"predecessor-version":[{"id":244845,"href":"https:\/\/primicias.net\/web\/wp-json\/wp\/v2\/posts\/244842\/revisions\/244845"}],"wp:featuredmedia":[{"embeddable":true,"href":"https:\/\/primicias.net\/web\/wp-json\/wp\/v2\/media\/244844"}],"wp:attachment":[{"href":"https:\/\/primicias.net\/web\/wp-json\/wp\/v2\/media?parent=244842"}],"wp:term":[{"taxonomy":"category","embeddable":true,"href":"https:\/\/primicias.net\/web\/wp-json\/wp\/v2\/categories?post=244842"},{"taxonomy":"post_tag","embeddable":true,"href":"https:\/\/primicias.net\/web\/wp-json\/wp\/v2\/tags?post=244842"}],"curies":[{"name":"wp","href":"https:\/\/api.w.org\/{rel}","templated":true}]}}