{"id":244838,"date":"2026-09-05T13:55:36","date_gmt":"2026-09-05T17:55:36","guid":{"rendered":"https:\/\/primicias.net\/web\/?p=244838"},"modified":"2026-09-05T13:55:36","modified_gmt":"2026-09-05T17:55:36","slug":"244838-2","status":"publish","type":"post","link":"https:\/\/primicias.net\/web\/244838-2\/","title":{"rendered":""},"content":{"rendered":"<p style=\"font-weight: 400;\">El periodista y escritor Dario Caminero S\u00e1nchez, recibi\u00f3 de la Oficina Nacional de Derecho de Autor (ONDA), la certificaci\u00f3n de registro de su tercer \u00e1lbum de canciones in\u00e9ditas, con la cual completa 30 canciones de su autor\u00eda.<img loading=\"lazy\" decoding=\"async\" class=\"alignnone size-medium wp-image-244839\" src=\"https:\/\/primicias.net\/web\/wp-content\/uploads\/2026\/09\/foto-248x300.jpeg\" alt=\"\" width=\"248\" height=\"300\" srcset=\"https:\/\/primicias.net\/web\/wp-content\/uploads\/2026\/09\/foto-248x300.jpeg 248w, https:\/\/primicias.net\/web\/wp-content\/uploads\/2026\/09\/foto-846x1024.jpeg 846w, https:\/\/primicias.net\/web\/wp-content\/uploads\/2026\/09\/foto-768x929.jpeg 768w, https:\/\/primicias.net\/web\/wp-content\/uploads\/2026\/09\/foto.jpeg 1058w\" sizes=\"auto, (max-width: 248px) 100vw, 248px\" \/><\/p>\n<p style=\"font-weight: 400;\">\n<p style=\"font-weight: 400;\">El comunicador inform\u00f3 que muchas de las composiciones fueron escritas hace algunos a\u00f1os y otras tantas en la actualidad. Se\u00f1al\u00f3 que las letras de todas las composiciones narran historias de amor y desamor, pero otras, como la titulada \u201cDe hombre a Hombre\u201d, trata de llamar a la conciencia sobre la violencia femenina.<\/p>\n<p style=\"font-weight: 400;\">\n<p style=\"font-weight: 400;\">Dijo que dentro de su trayectoria como escritor trata de usar lenguajes po\u00e9ticos, prosas limpias, sin vulgaridad y con gran sentido de las met\u00e1foras.<\/p>\n<p style=\"font-weight: 400;\">\n<p style=\"font-weight: 400;\">Revel\u00f3 que dentro de las composiciones registradas hay dos dedicadas a la Rep\u00fablica Dominicana: \u201cMi paisito\u201d y \u201cMi amiguita la Gringuita\u201d, donde resalta la hospitalidad de los dominicanos, as\u00ed como los lugares pict\u00f3ricos y tur\u00edsticos, ambas a ritmo de merengue.<\/p>\n<p style=\"font-weight: 400;\">\n<p style=\"font-weight: 400;\">Igualmente resalt\u00f3 la dedicada a los pa\u00edses Latinoamericanos, donde combina las resaltando las cualidades de esos pa\u00edses y su cultura, tambi\u00e9n a ritmo de merengue, titulada \u201cSabor Latinoamericano\u201d.<\/p>\n<p style=\"font-weight: 400;\">\n<p style=\"font-weight: 400;\">Manifest\u00f3 que dentro de las composiciones hay baladas dedicadas a los abuelos, a los nietos, as\u00ed como de otras con historias de amor y desamor. Asimismo, otra historia en merengue para cantarla a d\u00fao entre dos mujeres, narrando situaciones amorosas sucedidas que le causan desilusi\u00f3n.<\/p>\n<p style=\"font-weight: 400;\">\n<p style=\"font-weight: 400;\">Precis\u00f3 que dentro de las 30 composiciones hay 12 merengues, 5 bachatas y 13 baladas entre rom\u00e1nticas y pop. Revel\u00f3 que todas las composiciones tienen arreglo musical a trav\u00e9s de la plataforma Suno Pro v.5.5, con precisi\u00f3n de la Inteligencia Artificial, con un registro legal de la suscripci\u00f3n. Aclar\u00f3 que esta plataforma de arreglo musical no cambia nada de las prosas escritas o compuestas, s\u00f3lo el mandato de la musicalizaci\u00f3n y es una idea de la vocalizaci\u00f3n y la m\u00fasica que puede ser cambiada ya en grabaci\u00f3n en estudio.<\/p>\n<p style=\"font-weight: 400;\">\n<p style=\"font-weight: 400;\">Se\u00f1alo tambi\u00e9n, que est\u00e1 buscando la manera que productores musicales, orquestas de merengue\u00a0 y solistas puedan escuchar y evaluar las composiciones y\u00a0 animarse a su grabaci\u00f3n y lanzamiento.<\/p>\n<p style=\"font-weight: 400;\">\n<p style=\"font-weight: 400;\">Caminero es un periodista y escritor que dur\u00f3 40 a\u00f1os en varias dependencias p\u00fablicas dirigiendo los departamentos de Comunicaciones, Relaciones P\u00fablicas y Prensa. Hace unos a\u00f1os puso en circulaci\u00f3n su novela \u201cPasi\u00f3n Bajo la Lluvia\u201d, con una gran cr\u00edtica positiva por los expertos literarios. Adem\u00e1s, tiene 25 a\u00f1os conduciendo el programa de televisi\u00f3n Ventana de Noticias que en la actualidad se presenta por el canal VTV 32, los s\u00e1bados a la 1:00 p.m. Es hermano del tambi\u00e9n periodista Alberto Caminero, director de prensa del presidente de la Rep\u00fablica, Luis Abinader.<\/p>\n<p style=\"font-weight: 400;\">\n<p style=\"font-weight: 400;\">\n","protected":false},"excerpt":{"rendered":"<p>El periodista y escritor Dario Caminero S\u00e1nchez, recibi\u00f3 de la Oficina Nacional de Derecho de Autor (ONDA), la certificaci\u00f3n de registro de su tercer \u00e1lbum de canciones in\u00e9ditas, con la cual completa 30 canciones de su autor\u00eda. El comunicador inform\u00f3 que muchas de las composiciones fueron escritas hace algunos a\u00f1os y otras tantas en la &hellip;<\/p>\n","protected":false},"author":8,"featured_media":244839,"comment_status":"open","ping_status":"closed","sticky":false,"template":"","format":"standard","meta":{"_jetpack_newsletter_access":"","_jetpack_dont_email_post_to_subs":false,"_jetpack_newsletter_tier_id":0,"_jetpack_memberships_contains_paywalled_content":false,"_jetpack_feature_clip_id":0,"_jetpack_memberships_contains_paid_content":false,"footnotes":"","jetpack_publicize_message":"","jetpack_publicize_feature_enabled":true,"jetpack_social_post_already_shared":true,"jetpack_social_options":{"image_generator_settings":{"template":"highway","default_image_id":0,"font":"","enabled":false},"version":2},"jetpack_post_was_ever_published":false},"categories":[1],"tags":[],"class_list":["post-244838","post","type-post","status-publish","format-standard","has-post-thumbnail","hentry","category-noticias"],"jetpack_publicize_connections":[],"jetpack_featured_media_url":"https:\/\/primicias.net\/web\/wp-content\/uploads\/2026\/09\/foto.jpeg","jetpack_sharing_enabled":true,"_links":{"self":[{"href":"https:\/\/primicias.net\/web\/wp-json\/wp\/v2\/posts\/244838","targetHints":{"allow":["GET"]}}],"collection":[{"href":"https:\/\/primicias.net\/web\/wp-json\/wp\/v2\/posts"}],"about":[{"href":"https:\/\/primicias.net\/web\/wp-json\/wp\/v2\/types\/post"}],"author":[{"embeddable":true,"href":"https:\/\/primicias.net\/web\/wp-json\/wp\/v2\/users\/8"}],"replies":[{"embeddable":true,"href":"https:\/\/primicias.net\/web\/wp-json\/wp\/v2\/comments?post=244838"}],"version-history":[{"count":1,"href":"https:\/\/primicias.net\/web\/wp-json\/wp\/v2\/posts\/244838\/revisions"}],"predecessor-version":[{"id":244840,"href":"https:\/\/primicias.net\/web\/wp-json\/wp\/v2\/posts\/244838\/revisions\/244840"}],"wp:featuredmedia":[{"embeddable":true,"href":"https:\/\/primicias.net\/web\/wp-json\/wp\/v2\/media\/244839"}],"wp:attachment":[{"href":"https:\/\/primicias.net\/web\/wp-json\/wp\/v2\/media?parent=244838"}],"wp:term":[{"taxonomy":"category","embeddable":true,"href":"https:\/\/primicias.net\/web\/wp-json\/wp\/v2\/categories?post=244838"},{"taxonomy":"post_tag","embeddable":true,"href":"https:\/\/primicias.net\/web\/wp-json\/wp\/v2\/tags?post=244838"}],"curies":[{"name":"wp","href":"https:\/\/api.w.org\/{rel}","templated":true}]}}