{"id":244822,"date":"2026-09-05T13:39:06","date_gmt":"2026-09-05T17:39:06","guid":{"rendered":"https:\/\/primicias.net\/web\/?p=244822"},"modified":"2026-09-05T13:39:06","modified_gmt":"2026-09-05T17:39:06","slug":"intec-celebra-la-jornada-cientifica","status":"publish","type":"post","link":"https:\/\/primicias.net\/web\/intec-celebra-la-jornada-cientifica\/","title":{"rendered":"INTEC celebra la Jornada Cient\u00edfica"},"content":{"rendered":"<div><i>El destacado galeno Jos\u00e9 Joaqu\u00edn Puello\u00a0 recibi\u00f3 un reconocimiento por su amplia trayectoria en la medicina y su legado. El evento fue organizado por el Comit\u00e9 de Estudiantes de Medicina de esa universidad<\/i><\/div>\n<div><b>SANTO DOMINGO<\/b>\u00a0\u2013 Con el objetivo de analizar los avances tecnol\u00f3gicos que transforman el tratamiento de las enfermedades neurol\u00f3gicas, el Instituto Tecnol\u00f3gico de Santo Domingo (INTEC), a trav\u00e9s de su Comit\u00e9 de Estudiantes de Medicina (CEMED), realiz\u00f3 la jornada cient\u00edfica\u00a0<i>Avances en Neurociencias 2026,\u00a0<\/i>dedicada al destacado neurocirujano y fundador de la universidad, doctor Jos\u00e9 Joaqu\u00edn Puello Herrera, por sus m\u00e1s de cinco d\u00e9cadas de servicio.<\/div>\n<div><img loading=\"lazy\" decoding=\"async\" class=\"alignnone size-medium wp-image-244823\" src=\"https:\/\/primicias.net\/web\/wp-content\/uploads\/2026\/09\/INTEC-celebra-la-Jornada-Cientifica-sobre-neurociencias-dedicada-al-doctor-Jose-Joaquin-Puello-PORTADA-300x200.jpg\" alt=\"\" width=\"300\" height=\"200\" srcset=\"https:\/\/primicias.net\/web\/wp-content\/uploads\/2026\/09\/INTEC-celebra-la-Jornada-Cientifica-sobre-neurociencias-dedicada-al-doctor-Jose-Joaquin-Puello-PORTADA-300x200.jpg 300w, https:\/\/primicias.net\/web\/wp-content\/uploads\/2026\/09\/INTEC-celebra-la-Jornada-Cientifica-sobre-neurociencias-dedicada-al-doctor-Jose-Joaquin-Puello-PORTADA-1024x681.jpg 1024w, https:\/\/primicias.net\/web\/wp-content\/uploads\/2026\/09\/INTEC-celebra-la-Jornada-Cientifica-sobre-neurociencias-dedicada-al-doctor-Jose-Joaquin-Puello-PORTADA-768x511.jpg 768w, https:\/\/primicias.net\/web\/wp-content\/uploads\/2026\/09\/INTEC-celebra-la-Jornada-Cientifica-sobre-neurociencias-dedicada-al-doctor-Jose-Joaquin-Puello-PORTADA-1536x1022.jpg 1536w, https:\/\/primicias.net\/web\/wp-content\/uploads\/2026\/09\/INTEC-celebra-la-Jornada-Cientifica-sobre-neurociencias-dedicada-al-doctor-Jose-Joaquin-Puello-PORTADA-2048x1363.jpg 2048w\" sizes=\"auto, (max-width: 300px) 100vw, 300px\" \/><\/div>\n<div>Durante la apertura, el rector del INTEC, Arturo Del Villar, destac\u00f3 al doctor Puello como un \u201creferente \u00e9tico de la medicina dominicana\u201d. Expres\u00f3 sentirse orgulloso de que la universidad pueda nombrarle entre sus fundadores y entre sus primeros y actuales docentes de la carrera de Medicina.<\/div>\n<div>En tanto que, la presidenta del Comit\u00e9 de Estudiantes de Medicina, Iselle Suero Matos, resalt\u00f3 la capacidad del homenajeado para conectar e inspirar a distintas generaciones de profesionales de la salud desde las aulas y enfatiz\u00f3 en los diversos aportes de Puello Herrera a la formaci\u00f3n de generaciones de m\u00e9dicos y especialistas dominicanos.<\/div>\n<p><img decoding=\"async\" id=\"m_-6737995692534935584m_8863135983701451402image_0\" class=\"CToWUd a6T\" tabindex=\"0\" src=\"https:\/\/ci3.googleusercontent.com\/meips\/ADKq_NZ72-Kqgq0Ko7E6jZLH0QJ-MijDzAu2kuW4VSXorPBTLEVk9I1iS3JSuO2a-RtBvgDx6NKsN4axMY4UbbeDy24eY9d9sB1-k1zTdd8YoqlIq-7A0ppGjZrWyzOSDvy6kLVY_UVr4Fpbr202kcIMTsgb547GaOOvntWNnTv7Siu3YQipmXYUhfSPsCPcjaJhC1cGW7ycJDxJkBUfbu-vAF1KGn8AZoRUArehWH-BGPIuImNsPGYfSUisOA=s0-d-e1-ft#https:\/\/colmena.intec.edu.do\/wp-content\/uploads\/2026\/09\/INTEC-celebra-la-Jornada-Cientifica-sobre-neurociencias-dedicada-al-doctor-Jose-Joaquin-Puello-1024x681.jpg\" data-bit=\"iit\" \/>Iselle Suero Matos, presidenta del Comit\u00e9 de Estudiantes de Medicina<\/p>\n<div>A estas intervenciones se sum\u00f3 el neurocirujano, Santiago Valenzuela, quien tuvo a su cargo la lectura de la semblanza del homenajeado. Valenzuela enfatiz\u00f3 la importancia de romper el paradigma de \u201cla Am\u00e9rica infeliz que solo se acuerda de sus grandes hombres cuando son sus grandes muertos\u201d, para rendir un merecido tributo a Puello Herrera en \u201cplena vida, lucidez y actividad\u201d. En su discurso, repas\u00f3 la trayectoria del doctor desde sus or\u00edgenes en San Juan de la Maguana y su s\u00f3lida formaci\u00f3n en Londres y Vermont, hasta su rol clave como cofundador de la Escuela de Neurocirug\u00eda Dominicana junto al doctor Ney Arias Lora.<\/div>\n<div>Adem\u00e1s, Valenzuela defini\u00f3 al doctor Puello como el \u201carquetipo del hombre de estado que piensa m\u00e1s all\u00e1 de la curva\u201d, destacando su visi\u00f3n a futuro y sus aportes hist\u00f3ricos a la salud p\u00fablica con obras como la Ciudad Sanitaria Luis Eduardo Aybar, a la educaci\u00f3n como miembro del primer Consejo de Regentes de INTEC, y su impacto transformador en el deporte ol\u00edmpico nacional.<\/div>\n<div>Tras proyectarse un audiovisual que recorri\u00f3 los hitos de su carrera, desde su formaci\u00f3n en Oxford y Cambridge hasta la apertura de la Ciudad Sanitaria que lleva su nombre, el doctor Puello recibi\u00f3 una placa de reconocimiento. Visiblemente conmovido, inst\u00f3 a los futuros m\u00e9dicos a mantener la vocaci\u00f3n de servicio: \u201cEl que se cansa pierde, hay que seguir adelante\u201d.<\/div>\n<div>En sus palabras de agradecimiento, cit\u00f3 los diversos retos que super\u00f3 para convertirse en el profesional que ha sido, recordando a sus grandes maestros.<\/div>\n<div><b>A la vanguardia del conocimiento m\u00e9dico<\/b><\/div>\n<div>La jornada cient\u00edfica reuni\u00f3 autoridades acad\u00e9micas, m\u00e9dicos especialistas, investigadores, residentes y estudiantes. La mesa principal estuvo encabezada por el rector de INTEC, Arturo Del Villar; el decano del \u00c1rea de Ciencias de la Salud, Miguel Robiou; la vicerrectora Acad\u00e9mica, Shajira Nazir; la presidenta del CEMED, Iselle Suero Matos; y el presidente de la Sociedad Dominicana de Neurolog\u00eda y Neurocirug\u00eda, Ram\u00f3n de Le\u00f3n Beras.<\/div>\n<div>La jornada cient\u00edfica del CEMED cont\u00f3 con ponencias que abordaron las fronteras actuales de la neurolog\u00eda y la neurocirug\u00eda. La doctora \u00c1mbar P\u00e9rez Fern\u00e1ndez, primera mujer egresada del programa de neurocirug\u00eda del Hospital Dar\u00edo Contreras, present\u00f3 los avances en la estimulaci\u00f3n cerebral profunda (DBS), explicando c\u00f3mo la modulaci\u00f3n de redes neuronales mediante electrodos direccionales y estimulaci\u00f3n adaptativa est\u00e1 revolucionando el tratamiento del Parkinson, la epilepsia refractaria y el trastorno obsesivo compulsivo (TOC).<\/div>\n<p><img decoding=\"async\" class=\"CToWUd a6T\" tabindex=\"0\" src=\"https:\/\/ci3.googleusercontent.com\/meips\/ADKq_NbaQ3ts-QL71yyLfdzgEwVwJ1xekK96CQ3cAkeFYwNCPmFKZWmUXM6p79yrIamczbPCtCQw7NKWlvWnsSkmgJCy-Do7QlpzbyoRNvok-mA1mR0ZQfNxj1XRqfI9AtQrJSwY36AOuPSbrZpG87kSH95UcBwZsBj7d4YHNfrknThYESiLxwY_cxRKutktAs7-kXOWdGkQns2jIMtSBzdcWliO1TCGO_o=s0-d-e1-ft#https:\/\/colmena.intec.edu.do\/wp-content\/uploads\/2026\/09\/INTEC-celebra-la-Jornada-Cientifica-sobre-neurociencias-dedicada-al-doctor-1024x681.jpg\" data-bit=\"iit\" \/><\/p>\n<div>En el \u00e1mbito de la investigaci\u00f3n, el doctor Mario Penso Torrenti, investigador senior del Instituto Nacional de la Salud Mental de Estados Unidos demostr\u00f3 mediante tecnolog\u00edas de vanguardia como la optogen\u00e9tica que el cerebro funciona como un sistema predictivo. Sus estudios revelan el papel fundamental del t\u00e1lamo medial en el establecimiento de metas internas y la liberaci\u00f3n de dopamina.<\/div>\n<div>Mientras, el doctor Ram\u00f3n de Le\u00f3n Beras expuso sobre el \u00e9xito de la trombectom\u00eda mec\u00e1nica en pacientes con Accidente Cerebro Vascular (ACV) isqu\u00e9mico despu\u00e9s de las 24 horas del inicio de los s\u00edntomas, logrando recuperaci\u00f3n funcional en un 32 % de los casos. Adem\u00e1s, aprovech\u00f3 el escenario para emitir una alerta sobre el aumento de accidentes cerebrovasculares en infantes en la etapa post-pandemia.<\/div>\n<div>Para cerrar el bloque acad\u00e9mico, el doctor Juan Johan S\u00e1nchez Zabala detall\u00f3 el primer caso exitoso de cirug\u00eda fetosc\u00f3pica para corregir mielomeningocele en Rep\u00fablica Dominicana. Destac\u00f3 que esta intervenci\u00f3n intrauterina m\u00ednimamente invasiva reduce el riesgo de hidrocefalia y mejora dr\u00e1sticamente el pron\u00f3stico de vida y la deambulaci\u00f3n del infante.<\/div>\n<div><b>Sobre la carrera de Medicina del INTEC<\/b><\/div>\n<div>La carrera de Medicina del Instituto Tecnol\u00f3gico de Santo Domingo (INTEC) se distingue por ser la primera en la Rep\u00fablica Dominicana en obtener la acreditaci\u00f3n internacional. El programa recibi\u00f3 la extensi\u00f3n de este aval para el per\u00edodo 2025-2030 por parte de la Caribbean Accreditation Authority for Education in Medicine and Other Health Professions (CAAM-HP). Esta certificaci\u00f3n, respaldada por la World Federation for Medical Education (WFME), garantiza los m\u00e1s altos est\u00e1ndares de calidad educativa y ampl\u00eda significativamente las oportunidades de sus egresados para competir por residencias m\u00e9dicas y ejercer la profesi\u00f3n en diversos pa\u00edses alrededor del mundo.<\/div>\n","protected":false},"excerpt":{"rendered":"<p>El destacado galeno Jos\u00e9 Joaqu\u00edn Puello\u00a0 recibi\u00f3 un reconocimiento por su amplia trayectoria en la medicina y su legado. El evento fue organizado por el Comit\u00e9 de Estudiantes de Medicina de esa universidad SANTO DOMINGO\u00a0\u2013 Con el objetivo de analizar los avances tecnol\u00f3gicos que transforman el tratamiento de las enfermedades neurol\u00f3gicas, el Instituto Tecnol\u00f3gico de &hellip;<\/p>\n","protected":false},"author":8,"featured_media":244823,"comment_status":"open","ping_status":"closed","sticky":false,"template":"","format":"standard","meta":{"_jetpack_newsletter_access":"","_jetpack_dont_email_post_to_subs":false,"_jetpack_newsletter_tier_id":0,"_jetpack_memberships_contains_paywalled_content":false,"_jetpack_feature_clip_id":0,"_jetpack_memberships_contains_paid_content":false,"footnotes":"","jetpack_publicize_message":"","jetpack_publicize_feature_enabled":true,"jetpack_social_post_already_shared":true,"jetpack_social_options":{"image_generator_settings":{"template":"highway","default_image_id":0,"font":"","enabled":false},"version":2},"jetpack_post_was_ever_published":false},"categories":[77,216],"tags":[],"class_list":["post-244822","post","type-post","status-publish","format-standard","has-post-thumbnail","hentry","category-salud","category-universidades"],"jetpack_publicize_connections":[],"jetpack_featured_media_url":"https:\/\/primicias.net\/web\/wp-content\/uploads\/2026\/09\/INTEC-celebra-la-Jornada-Cientifica-sobre-neurociencias-dedicada-al-doctor-Jose-Joaquin-Puello-PORTADA-scaled.jpg","jetpack_sharing_enabled":true,"_links":{"self":[{"href":"https:\/\/primicias.net\/web\/wp-json\/wp\/v2\/posts\/244822","targetHints":{"allow":["GET"]}}],"collection":[{"href":"https:\/\/primicias.net\/web\/wp-json\/wp\/v2\/posts"}],"about":[{"href":"https:\/\/primicias.net\/web\/wp-json\/wp\/v2\/types\/post"}],"author":[{"embeddable":true,"href":"https:\/\/primicias.net\/web\/wp-json\/wp\/v2\/users\/8"}],"replies":[{"embeddable":true,"href":"https:\/\/primicias.net\/web\/wp-json\/wp\/v2\/comments?post=244822"}],"version-history":[{"count":1,"href":"https:\/\/primicias.net\/web\/wp-json\/wp\/v2\/posts\/244822\/revisions"}],"predecessor-version":[{"id":244824,"href":"https:\/\/primicias.net\/web\/wp-json\/wp\/v2\/posts\/244822\/revisions\/244824"}],"wp:featuredmedia":[{"embeddable":true,"href":"https:\/\/primicias.net\/web\/wp-json\/wp\/v2\/media\/244823"}],"wp:attachment":[{"href":"https:\/\/primicias.net\/web\/wp-json\/wp\/v2\/media?parent=244822"}],"wp:term":[{"taxonomy":"category","embeddable":true,"href":"https:\/\/primicias.net\/web\/wp-json\/wp\/v2\/categories?post=244822"},{"taxonomy":"post_tag","embeddable":true,"href":"https:\/\/primicias.net\/web\/wp-json\/wp\/v2\/tags?post=244822"}],"curies":[{"name":"wp","href":"https:\/\/api.w.org\/{rel}","templated":true}]}}