{"id":244806,"date":"2026-09-05T12:57:48","date_gmt":"2026-09-05T16:57:48","guid":{"rendered":"https:\/\/primicias.net\/web\/?p=244806"},"modified":"2026-09-05T12:57:48","modified_gmt":"2026-09-05T16:57:48","slug":"neiba-nueve-seccionales-adp-mantienen-plan-de-lucha","status":"publish","type":"post","link":"https:\/\/primicias.net\/web\/neiba-nueve-seccionales-adp-mantienen-plan-de-lucha\/","title":{"rendered":"NEIBA: Nueve Seccionales ADP mantienen Plan de Lucha"},"content":{"rendered":"<div dir=\"auto\">Por: Ranfi D\u00edaz<\/div>\n<div dir=\"auto\"><\/div>\n<div dir=\"auto\">NEIBA, Bahoruco.- Nueve de las once seccionales de la Asociaci\u00f3n Dominicana de Profesores (ADP) de las provincias Bahoruco e Independencia decidieron mantener las paralizaciones de docencia y los recortes del horario escolar en varios centros educativos, tras el encuentro sostenido con autoridades del Ministerio de Educaci\u00f3n (MINERD).<img loading=\"lazy\" decoding=\"async\" class=\"alignnone size-medium wp-image-244807\" src=\"https:\/\/primicias.net\/web\/wp-content\/uploads\/2026\/09\/617582-300x226.jpg\" alt=\"\" width=\"300\" height=\"226\" srcset=\"https:\/\/primicias.net\/web\/wp-content\/uploads\/2026\/09\/617582-300x226.jpg 300w, https:\/\/primicias.net\/web\/wp-content\/uploads\/2026\/09\/617582-1024x770.jpg 1024w, https:\/\/primicias.net\/web\/wp-content\/uploads\/2026\/09\/617582-768x578.jpg 768w, https:\/\/primicias.net\/web\/wp-content\/uploads\/2026\/09\/617582.jpg 1280w\" sizes=\"auto, (max-width: 300px) 100vw, 300px\" \/><\/div>\n<div dir=\"auto\"><\/div>\n<div dir=\"auto\">La decisi\u00f3n fue adoptada luego de que los representantes del gremio consideraran que durante la reuni\u00f3n no recibieron soluciones concretas a las situaciones que hab\u00edan presentado relacionadas con infraestructura, obras paralizadas y falta de personal docente y de apoyo en centros pertenecientes a la Regional 18 de Educaci\u00f3n.<\/div>\n<div dir=\"auto\"><\/div>\n<div dir=\"auto\">Los dirigentes de las nueve seccionales advirtieron que mantendr\u00e1n las medidas de reclamo hasta que las autoridades respondan a las necesidades planteadas. \u201cExigimos soluciones, no m\u00e1s encuentros ni discursos\u201d, expresaron al fijar su posici\u00f3n luego de la reuni\u00f3n.<\/div>\n<div dir=\"auto\"><\/div>\n<div dir=\"auto\">Entre las medidas se encuentran la suspensi\u00f3n de la docencia en planteles que, seg\u00fan la ADP, no re\u00fanen las condiciones necesarias para garantizar la integridad f\u00edsica de estudiantes, docentes y dem\u00e1s miembros de la comunidad educativa, as\u00ed como recortes al horario establecido en el Calendario Escolar.<\/div>\n<div dir=\"auto\"><\/div>\n<div dir=\"auto\">Durante el encuentro, los presidentes de las seccionales presentaron un informe sobre las condiciones de varios centros educativos de Bahoruco e Independencia y expusieron las situaciones que, aseguran, han dificultado el inicio y desarrollo del a\u00f1o escolar 2026-2027, en esta demarcaci\u00f3n.<\/div>\n<div dir=\"auto\"><\/div>\n<div dir=\"auto\">En representaci\u00f3n del MINERD, participaron los viceministros, \u00d3scar Amarg\u00f3s y Juan Est\u00e9vez, de Supervisi\u00f3n, Evaluaci\u00f3n y Control de la Calidad Educativa, y Descentralizaci\u00f3n y Participaci\u00f3n Comunitaria, respectivamente, Juan De Le\u00f3n, de Infraestructura Escolar, as\u00ed como las autoridades locales.<\/div>\n<div dir=\"auto\"><\/div>\n<div dir=\"auto\">Tambi\u00e9n estuvo presente Zoraida Trinidad, miembro del Comit\u00e9 Ejecutivo Nacional de la ADP, quien solicit\u00f3 a las autoridades educativas agilizar las intervenciones en los planteles y retomar aquellas obras que, seg\u00fan afirm\u00f3, permanecen paralizadas y afectan el desarrollo de la docencia.<\/div>\n<div dir=\"auto\"><\/div>\n<div dir=\"auto\">Pese a las explicaciones ofrecidas por los funcionarios del Ministerio de Educaci\u00f3n, los gremialistas, quienes estuvieron abiertos a recibir propuestas de soluciones, determinaron continuar con su plan de lucha, al considerar que las situaciones expuestas requieren respuestas r\u00e1pidas y concretas.<\/div>\n<div dir=\"auto\"><\/div>\n<div dir=\"auto\">Asimismo, aclararon que es importante que la sociedad en sentido general comprenda que la ADP no es la responsable de las suspensiones de docencia ni de los recortes al horario escolar, al afirmar que el MINERD es quien tiene que garantizar las condiciones adecuadas y seguras en los planteles y no lo est\u00e1 haciendo.<\/div>\n<div dir=\"auto\"><\/div>\n<div dir=\"auto\">Seccionales que mantienen Plan de Lucha<\/div>\n<div dir=\"auto\"><\/div>\n<div dir=\"auto\">Las nueve seccionales, que decidieron mantener y profundizar el plan de lucha, son las correspondientes a los municipios de Tamayo, Galv\u00e1n, Neiba, Villa Jaragua y Los Rios en la provincia Bahoruco; mientras que en la provincia Independencia, son los municipios de Jiman\u00ed, Duverg\u00e9, Mella y Crist\u00f3bal.<\/div>\n","protected":false},"excerpt":{"rendered":"<p>Por: Ranfi D\u00edaz NEIBA, Bahoruco.- Nueve de las once seccionales de la Asociaci\u00f3n Dominicana de Profesores (ADP) de las provincias Bahoruco e Independencia decidieron mantener las paralizaciones de docencia y los recortes del horario escolar en varios centros educativos, tras el encuentro sostenido con autoridades del Ministerio de Educaci\u00f3n (MINERD). La decisi\u00f3n fue adoptada luego &hellip;<\/p>\n","protected":false},"author":8,"featured_media":244807,"comment_status":"open","ping_status":"closed","sticky":false,"template":"","format":"standard","meta":{"_jetpack_newsletter_access":"","_jetpack_dont_email_post_to_subs":false,"_jetpack_newsletter_tier_id":0,"_jetpack_memberships_contains_paywalled_content":false,"_jetpack_feature_clip_id":0,"_jetpack_memberships_contains_paid_content":false,"footnotes":"","jetpack_publicize_message":"","jetpack_publicize_feature_enabled":true,"jetpack_social_post_already_shared":true,"jetpack_social_options":{"image_generator_settings":{"template":"highway","default_image_id":0,"font":"","enabled":false},"version":2},"jetpack_post_was_ever_published":false},"categories":[141,42],"tags":[],"class_list":["post-244806","post","type-post","status-publish","format-standard","has-post-thumbnail","hentry","category-educacion","category-sur"],"jetpack_publicize_connections":[],"jetpack_featured_media_url":"https:\/\/primicias.net\/web\/wp-content\/uploads\/2026\/09\/617582.jpg","jetpack_sharing_enabled":true,"_links":{"self":[{"href":"https:\/\/primicias.net\/web\/wp-json\/wp\/v2\/posts\/244806","targetHints":{"allow":["GET"]}}],"collection":[{"href":"https:\/\/primicias.net\/web\/wp-json\/wp\/v2\/posts"}],"about":[{"href":"https:\/\/primicias.net\/web\/wp-json\/wp\/v2\/types\/post"}],"author":[{"embeddable":true,"href":"https:\/\/primicias.net\/web\/wp-json\/wp\/v2\/users\/8"}],"replies":[{"embeddable":true,"href":"https:\/\/primicias.net\/web\/wp-json\/wp\/v2\/comments?post=244806"}],"version-history":[{"count":1,"href":"https:\/\/primicias.net\/web\/wp-json\/wp\/v2\/posts\/244806\/revisions"}],"predecessor-version":[{"id":244808,"href":"https:\/\/primicias.net\/web\/wp-json\/wp\/v2\/posts\/244806\/revisions\/244808"}],"wp:featuredmedia":[{"embeddable":true,"href":"https:\/\/primicias.net\/web\/wp-json\/wp\/v2\/media\/244807"}],"wp:attachment":[{"href":"https:\/\/primicias.net\/web\/wp-json\/wp\/v2\/media?parent=244806"}],"wp:term":[{"taxonomy":"category","embeddable":true,"href":"https:\/\/primicias.net\/web\/wp-json\/wp\/v2\/categories?post=244806"},{"taxonomy":"post_tag","embeddable":true,"href":"https:\/\/primicias.net\/web\/wp-json\/wp\/v2\/tags?post=244806"}],"curies":[{"name":"wp","href":"https:\/\/api.w.org\/{rel}","templated":true}]}}