{"id":244800,"date":"2026-09-05T12:53:37","date_gmt":"2026-09-05T16:53:37","guid":{"rendered":"https:\/\/primicias.net\/web\/?p=244800"},"modified":"2026-09-05T12:53:37","modified_gmt":"2026-09-05T16:53:37","slug":"salon-de-la-fama-de-la-romana-inmortaliza-este-domingo-a-los-mejores-deportistas-clase-2026","status":"publish","type":"post","link":"https:\/\/primicias.net\/web\/salon-de-la-fama-de-la-romana-inmortaliza-este-domingo-a-los-mejores-deportistas-clase-2026\/","title":{"rendered":"Sal\u00f3n de la Fama de La Romana inmortaliza este domingo a los mejores deportistas Clase 2026"},"content":{"rendered":"<div dir=\"ltr\">LA ROMANA. El Sal\u00f3n de la Fama de los Inmortales del Deporte Romanense celebrar\u00e1 este domingo el D\u00e9cimo Ceremonial de Exaltaci\u00f3n, donde ser\u00e1n inmortalizados 12 deportistas.<\/p>\n<p>El evento lo presidir\u00e1n el presidente del Comit\u00e9 Permanente del Sal\u00f3n de la Fama, doctor Jos\u00e9 Reyes y el profesor Alberto Alm\u00e1nzar Dur\u00e1n, quien fungir\u00e1 como Presidente de Honor.<img loading=\"lazy\" decoding=\"async\" class=\"alignnone size-medium wp-image-244801\" src=\"https:\/\/primicias.net\/web\/wp-content\/uploads\/2026\/09\/Jose-Reye-presidente-del-Salon-de-la-Fama-de-La-Romana.-jpg-300x288.jpg\" alt=\"\" width=\"300\" height=\"288\" srcset=\"https:\/\/primicias.net\/web\/wp-content\/uploads\/2026\/09\/Jose-Reye-presidente-del-Salon-de-la-Fama-de-La-Romana.-jpg-300x288.jpg 300w, https:\/\/primicias.net\/web\/wp-content\/uploads\/2026\/09\/Jose-Reye-presidente-del-Salon-de-la-Fama-de-La-Romana.-jpg-1024x981.jpg 1024w, https:\/\/primicias.net\/web\/wp-content\/uploads\/2026\/09\/Jose-Reye-presidente-del-Salon-de-la-Fama-de-La-Romana.-jpg-768x736.jpg 768w, https:\/\/primicias.net\/web\/wp-content\/uploads\/2026\/09\/Jose-Reye-presidente-del-Salon-de-la-Fama-de-La-Romana.-jpg.jpg 1105w\" sizes=\"auto, (max-width: 300px) 100vw, 300px\" \/><\/p>\n<p>Reyes precis\u00f3 que este domingo alcanzar\u00e1n la gloria del deporte provincial el \u00edcono del baloncesto nacional Eduardo G\u00f3mez y la otra estrella de las Grandes Ligas Edwin Encarnaci\u00f3n, quien durante su carrera conect\u00f3 m\u00e1s de 400 jonrones.<img loading=\"lazy\" decoding=\"async\" class=\"alignnone size-medium wp-image-244802\" src=\"https:\/\/primicias.net\/web\/wp-content\/uploads\/2026\/09\/Eduardo-Gomez.jpg2_-229x300.jpg\" alt=\"\" width=\"229\" height=\"300\" srcset=\"https:\/\/primicias.net\/web\/wp-content\/uploads\/2026\/09\/Eduardo-Gomez.jpg2_-229x300.jpg 229w, https:\/\/primicias.net\/web\/wp-content\/uploads\/2026\/09\/Eduardo-Gomez.jpg2_.jpg 535w\" sizes=\"auto, (max-width: 229px) 100vw, 229px\" \/><\/p>\n<p>Tambi\u00e9n ser\u00e1n inmortalizados el ex campe\u00f3n mundial de boxeo Julio Gervacio (fallecido), los ex peloteros Demetrio Guerrero y Rafael -Perucho- Contreras, los tambi\u00e9n basketbolistas Santo Araujo y Miguel Infante, Fausto Mercedes y Francisco S\u00e1nchez Gautreux, ex selecciones nacional de boxeo; Maribel Contreras, en atletismo; Deniel Simon\u00f3 Brea y Arqu\u00edmedes de Jes\u00fas, elegidos en calidad de propulsores.<\/p>\n<p>Ser\u00e1n entronizados a la inmortalidad durante el ceremonial previsto para iniciar a las 10:00 de la ma\u00f1ana en el auditorio de la Alianza Juvenil para el Deporte y la Cultura, del sector Buenavista Norte.<\/p>\n<p>La profesora Micaela Mercedes de Mart\u00ednez portar\u00e1 la Bandera<br \/>\nNacional, el doctor Juan Pilier, directivo de la Asociaci\u00f3n de Boxeo, ser\u00e1 el abanderado del Sal\u00f3n de la Fama, Eduardo Steven y Ra\u00fal Sainfleur, respectivos presidentes de las asociaciones provinciales de Balonmano y Tenis de Mesa, portar\u00e1n el machete y el laurel.<\/p>\n<p>La actividad tiene el patrocinio del Banco de Reservas y el respaldo del Central Romana, Consorcio Minero Dominicano, Empresas de Transmisi\u00f3n El\u00e9ctrica, Direcci\u00f3n General de Aduanas, Alcald\u00eda de La Romana, CoaaRom, Constructora Arena Gorda, Alcald\u00eda de Villa Hermosa, Constructora Torres, el senador Eduard Esp\u00edritusanto, Adonelle Services, Restaurant Pepperoni, doctor Pedro Botello, Carnet Dominicana, Cementos Domicem, LLGM Industrial, Benjam\u00edn Muebles y A &amp; M C por A.<\/p><\/div>\n<div class=\"yj6qo\"><\/div>\n<div class=\"adL\" dir=\"ltr\"><\/div>\n","protected":false},"excerpt":{"rendered":"<p>LA ROMANA. El Sal\u00f3n de la Fama de los Inmortales del Deporte Romanense celebrar\u00e1 este domingo el D\u00e9cimo Ceremonial de Exaltaci\u00f3n, donde ser\u00e1n inmortalizados 12 deportistas. El evento lo presidir\u00e1n el presidente del Comit\u00e9 Permanente del Sal\u00f3n de la Fama, doctor Jos\u00e9 Reyes y el profesor Alberto Alm\u00e1nzar Dur\u00e1n, quien fungir\u00e1 como Presidente de Honor. &hellip;<\/p>\n","protected":false},"author":8,"featured_media":244801,"comment_status":"open","ping_status":"closed","sticky":false,"template":"","format":"standard","meta":{"_jetpack_newsletter_access":"","_jetpack_dont_email_post_to_subs":false,"_jetpack_newsletter_tier_id":0,"_jetpack_memberships_contains_paywalled_content":false,"_jetpack_feature_clip_id":0,"_jetpack_memberships_contains_paid_content":false,"footnotes":"","jetpack_publicize_message":"","jetpack_publicize_feature_enabled":true,"jetpack_social_post_already_shared":true,"jetpack_social_options":{"image_generator_settings":{"template":"highway","default_image_id":0,"font":"","enabled":false},"version":2},"jetpack_post_was_ever_published":false},"categories":[28,73],"tags":[],"class_list":["post-244800","post","type-post","status-publish","format-standard","has-post-thumbnail","hentry","category-deportes","category-este"],"jetpack_publicize_connections":[],"jetpack_featured_media_url":"https:\/\/primicias.net\/web\/wp-content\/uploads\/2026\/09\/Jose-Reye-presidente-del-Salon-de-la-Fama-de-La-Romana.-jpg.jpg","jetpack_sharing_enabled":true,"_links":{"self":[{"href":"https:\/\/primicias.net\/web\/wp-json\/wp\/v2\/posts\/244800","targetHints":{"allow":["GET"]}}],"collection":[{"href":"https:\/\/primicias.net\/web\/wp-json\/wp\/v2\/posts"}],"about":[{"href":"https:\/\/primicias.net\/web\/wp-json\/wp\/v2\/types\/post"}],"author":[{"embeddable":true,"href":"https:\/\/primicias.net\/web\/wp-json\/wp\/v2\/users\/8"}],"replies":[{"embeddable":true,"href":"https:\/\/primicias.net\/web\/wp-json\/wp\/v2\/comments?post=244800"}],"version-history":[{"count":1,"href":"https:\/\/primicias.net\/web\/wp-json\/wp\/v2\/posts\/244800\/revisions"}],"predecessor-version":[{"id":244803,"href":"https:\/\/primicias.net\/web\/wp-json\/wp\/v2\/posts\/244800\/revisions\/244803"}],"wp:featuredmedia":[{"embeddable":true,"href":"https:\/\/primicias.net\/web\/wp-json\/wp\/v2\/media\/244801"}],"wp:attachment":[{"href":"https:\/\/primicias.net\/web\/wp-json\/wp\/v2\/media?parent=244800"}],"wp:term":[{"taxonomy":"category","embeddable":true,"href":"https:\/\/primicias.net\/web\/wp-json\/wp\/v2\/categories?post=244800"},{"taxonomy":"post_tag","embeddable":true,"href":"https:\/\/primicias.net\/web\/wp-json\/wp\/v2\/tags?post=244800"}],"curies":[{"name":"wp","href":"https:\/\/api.w.org\/{rel}","templated":true}]}}