{"id":244789,"date":"2026-09-05T12:31:22","date_gmt":"2026-09-05T16:31:22","guid":{"rendered":"https:\/\/primicias.net\/web\/?p=244789"},"modified":"2026-09-05T12:31:22","modified_gmt":"2026-09-05T16:31:22","slug":"cooperativa-la-telefonica-reconoce-a-101-estudiantes-con-bonos-educativos-por-su-excelencia-academica","status":"publish","type":"post","link":"https:\/\/primicias.net\/web\/cooperativa-la-telefonica-reconoce-a-101-estudiantes-con-bonos-educativos-por-su-excelencia-academica\/","title":{"rendered":"Cooperativa La Telef\u00f3nica reconoce a 101 estudiantes con bonos educativos por su excelencia acad\u00e9mica"},"content":{"rendered":"<div><i>La iniciativa CulturA+ 2026 destin\u00f3 RD$1.5 millones para apoyar la formaci\u00f3n de hijos de socios de la entidad<\/i><\/div>\n<div><img loading=\"lazy\" decoding=\"async\" class=\"alignnone size-medium wp-image-244790\" src=\"https:\/\/primicias.net\/web\/wp-content\/uploads\/2026\/09\/CULTURA-3-300x225.jpeg\" alt=\"\" width=\"300\" height=\"225\" srcset=\"https:\/\/primicias.net\/web\/wp-content\/uploads\/2026\/09\/CULTURA-3-300x225.jpeg 300w, https:\/\/primicias.net\/web\/wp-content\/uploads\/2026\/09\/CULTURA-3-1024x768.jpeg 1024w, https:\/\/primicias.net\/web\/wp-content\/uploads\/2026\/09\/CULTURA-3-768x576.jpeg 768w, https:\/\/primicias.net\/web\/wp-content\/uploads\/2026\/09\/CULTURA-3-1536x1152.jpeg 1536w, https:\/\/primicias.net\/web\/wp-content\/uploads\/2026\/09\/CULTURA-3.jpeg 1600w\" sizes=\"auto, (max-width: 300px) 100vw, 300px\" \/><\/p>\n<p>La Cooperativa de Servicios M\u00faltiples La Telef\u00f3nica, Inc. reconoci\u00f3 a 101 estudiantes hijos de socios de la entidad por su destacado desempe\u00f1o acad\u00e9mico, durante la entrega del Programa de Apoyo Educativo CulturA+ 2026, celebrada en el Auditorio Corporativo de Claro.<img loading=\"lazy\" decoding=\"async\" class=\"alignnone size-medium wp-image-244791\" src=\"https:\/\/primicias.net\/web\/wp-content\/uploads\/2026\/09\/CULTURA-2-300x225.jpeg\" alt=\"\" width=\"300\" height=\"225\" srcset=\"https:\/\/primicias.net\/web\/wp-content\/uploads\/2026\/09\/CULTURA-2-300x225.jpeg 300w, https:\/\/primicias.net\/web\/wp-content\/uploads\/2026\/09\/CULTURA-2-1024x768.jpeg 1024w, https:\/\/primicias.net\/web\/wp-content\/uploads\/2026\/09\/CULTURA-2-768x576.jpeg 768w, https:\/\/primicias.net\/web\/wp-content\/uploads\/2026\/09\/CULTURA-2-1536x1152.jpeg 1536w, https:\/\/primicias.net\/web\/wp-content\/uploads\/2026\/09\/CULTURA-2.jpeg 1600w\" sizes=\"auto, (max-width: 300px) 100vw, 300px\" \/><\/div>\n<div>\nComo parte de la iniciativa, cada estudiante recibi\u00f3 un bono de RD$15,000, para una inversi\u00f3n total de RD$1,515,000, aportada por la cooperativa.<img loading=\"lazy\" decoding=\"async\" class=\"alignnone size-medium wp-image-244792\" src=\"https:\/\/primicias.net\/web\/wp-content\/uploads\/2026\/09\/CULTURA-300x225.jpeg\" alt=\"\" width=\"300\" height=\"225\" srcset=\"https:\/\/primicias.net\/web\/wp-content\/uploads\/2026\/09\/CULTURA-300x225.jpeg 300w, https:\/\/primicias.net\/web\/wp-content\/uploads\/2026\/09\/CULTURA-1024x768.jpeg 1024w, https:\/\/primicias.net\/web\/wp-content\/uploads\/2026\/09\/CULTURA-768x576.jpeg 768w, https:\/\/primicias.net\/web\/wp-content\/uploads\/2026\/09\/CULTURA-1536x1152.jpeg 1536w, https:\/\/primicias.net\/web\/wp-content\/uploads\/2026\/09\/CULTURA.jpeg 1600w\" sizes=\"auto, (max-width: 300px) 100vw, 300px\" \/><\/div>\n<div>\nDurante el acto, el presidente del Consejo de Administraci\u00f3n de la Cooperativa La Telef\u00f3nica, Guillermo Rotest\u00e1n, resalt\u00f3 la importancia de promover oportunidades educativas para las nuevas generaciones y destac\u00f3 la continuidad del programa por segundo a\u00f1o consecutivo.<\/div>\n<div>\n\u201cEn Cooperativa La Telef\u00f3nica creemos firmemente que la educaci\u00f3n es una de las herramientas m\u00e1s poderosas para transformar vidas y la continuidad de este programa durante dos a\u00f1os consecutivos lo demuestra\u201d, afirm\u00f3 Rotest\u00e1n.<\/div>\n<div>\nEl ejecutivo tambi\u00e9n felicit\u00f3 a los estudiantes reconocidos y valor\u00f3 el esfuerzo que hay detr\u00e1s de sus resultados acad\u00e9micos.<\/div>\n<div>\n\u201cEste reconocimiento va mucho m\u00e1s all\u00e1 de un incentivo econ\u00f3mico. Es un mensaje de admiraci\u00f3n y confianza hacia cada uno de ustedes, j\u00f3venes estudiantes, que con esfuerzo, disciplina y perseverancia han alcanzado la excelencia acad\u00e9mica\u201d, expres\u00f3.<\/div>\n<div>\nLa actividad cont\u00f3 con la participaci\u00f3n de socios de la cooperativa, miembros de sus \u00f3rganos directivos y familiares de los estudiantes reconocidos.<\/div>\n<div>\nEl programa CulturA+ se desarrolla por segundo a\u00f1o consecutivo con el prop\u00f3sito de incentivar la excelencia acad\u00e9mica entre los hijos de los socios de Cooperativa La Telef\u00f3nica y contribuir al bienestar de las familias que forman parte de la entidad.<\/div>\n<div>\nCon esta iniciativa, la cooperativa reafirma su apuesta por la educaci\u00f3n como herramienta para el desarrollo de las nuevas generaciones y como parte de sus programas orientados al bienestar social de sus asociados y sus familias.<\/p>\n<p><b>Sobre la Cooperativa La Telef\u00f3nica<\/b><\/p>\n<\/div>\n<div>La Cooperativa de Servicios M\u00faltiples La Telef\u00f3nica, Inc. es una instituci\u00f3n cooperativista que cuenta con m\u00e1s de 100 empresas afiliadas, del sector privado dominicano. Por m\u00e1s de 60 a\u00f1os permanece comprometida con el bienestar econ\u00f3mico y social de sus asociados y sus familias.<br \/>\nLa entidad apoya iniciativas en las \u00e1reas de educaci\u00f3n, cultura, salud y deportes, orientadas al desarrollo integral de sus socios y de la comunidad.<\/div>\n<div><\/div>\n","protected":false},"excerpt":{"rendered":"<p>La iniciativa CulturA+ 2026 destin\u00f3 RD$1.5 millones para apoyar la formaci\u00f3n de hijos de socios de la entidad La Cooperativa de Servicios M\u00faltiples La Telef\u00f3nica, Inc. reconoci\u00f3 a 101 estudiantes hijos de socios de la entidad por su destacado desempe\u00f1o acad\u00e9mico, durante la entrega del Programa de Apoyo Educativo CulturA+ 2026, celebrada en el Auditorio &hellip;<\/p>\n","protected":false},"author":8,"featured_media":244792,"comment_status":"open","ping_status":"closed","sticky":false,"template":"","format":"standard","meta":{"_jetpack_newsletter_access":"","_jetpack_dont_email_post_to_subs":false,"_jetpack_newsletter_tier_id":0,"_jetpack_memberships_contains_paywalled_content":false,"_jetpack_feature_clip_id":0,"_jetpack_memberships_contains_paid_content":false,"footnotes":"","jetpack_publicize_message":"","jetpack_publicize_feature_enabled":true,"jetpack_social_post_already_shared":true,"jetpack_social_options":{"image_generator_settings":{"template":"highway","default_image_id":0,"font":"","enabled":false},"version":2},"jetpack_post_was_ever_published":false},"categories":[148,200,141],"tags":[],"class_list":["post-244789","post","type-post","status-publish","format-standard","has-post-thumbnail","hentry","category-cooperativas","category-cultura","category-educacion"],"jetpack_publicize_connections":[],"jetpack_featured_media_url":"https:\/\/primicias.net\/web\/wp-content\/uploads\/2026\/09\/CULTURA.jpeg","jetpack_sharing_enabled":true,"_links":{"self":[{"href":"https:\/\/primicias.net\/web\/wp-json\/wp\/v2\/posts\/244789","targetHints":{"allow":["GET"]}}],"collection":[{"href":"https:\/\/primicias.net\/web\/wp-json\/wp\/v2\/posts"}],"about":[{"href":"https:\/\/primicias.net\/web\/wp-json\/wp\/v2\/types\/post"}],"author":[{"embeddable":true,"href":"https:\/\/primicias.net\/web\/wp-json\/wp\/v2\/users\/8"}],"replies":[{"embeddable":true,"href":"https:\/\/primicias.net\/web\/wp-json\/wp\/v2\/comments?post=244789"}],"version-history":[{"count":1,"href":"https:\/\/primicias.net\/web\/wp-json\/wp\/v2\/posts\/244789\/revisions"}],"predecessor-version":[{"id":244793,"href":"https:\/\/primicias.net\/web\/wp-json\/wp\/v2\/posts\/244789\/revisions\/244793"}],"wp:featuredmedia":[{"embeddable":true,"href":"https:\/\/primicias.net\/web\/wp-json\/wp\/v2\/media\/244792"}],"wp:attachment":[{"href":"https:\/\/primicias.net\/web\/wp-json\/wp\/v2\/media?parent=244789"}],"wp:term":[{"taxonomy":"category","embeddable":true,"href":"https:\/\/primicias.net\/web\/wp-json\/wp\/v2\/categories?post=244789"},{"taxonomy":"post_tag","embeddable":true,"href":"https:\/\/primicias.net\/web\/wp-json\/wp\/v2\/tags?post=244789"}],"curies":[{"name":"wp","href":"https:\/\/api.w.org\/{rel}","templated":true}]}}