{"id":244782,"date":"2026-09-05T12:12:01","date_gmt":"2026-09-05T16:12:01","guid":{"rendered":"https:\/\/primicias.net\/web\/?p=244782"},"modified":"2026-09-05T12:12:01","modified_gmt":"2026-09-05T16:12:01","slug":"abadina-arriba-al-63-aniversario-de-su-fundacion","status":"publish","type":"post","link":"https:\/\/primicias.net\/web\/abadina-arriba-al-63-aniversario-de-su-fundacion\/","title":{"rendered":"Abadina arriba al 63 aniversario de su fundaci\u00f3n"},"content":{"rendered":"<p style=\"font-weight: 400;\">SANTO DOMINGO, RD.- La Asociaci\u00f3n de Baloncesto del Distrito Nacional (Abadina) arrib\u00f3 este viernes al 63 aniversario de su fundaci\u00f3n, en la que se destaca la solidez institucional en beneficio de sus clubes miembros y la dirigencia deportiva que le acompa\u00f1a.<\/p>\n<p style=\"font-weight: 400;\">\n<p style=\"font-weight: 400;\">La Abadina se fund\u00f3 un 4 de septiembre de 1963, y dentro de las festividades por el 63 aniversario tiene prevista varias actividades como la celebraci\u00f3n en este mes del 50 TBS Distrito 2026 en su \u201cBoda de Oro\u201d, con la participaci\u00f3n de sus ocho equipos tradicionales.<\/p>\n<p style=\"font-weight: 400;\">\n<p style=\"font-weight: 400;\">Los clubes participantes son el Mauricio B\u00e1ez, campe\u00f3n de la pasada versi\u00f3n, San Carlos, subcampe\u00f3n, Rafael Barias, Bameso, Huellas del Siglo, San L\u00e1zaro, El Mill\u00f3n y Los Prados.<\/p>\n<p style=\"font-weight: 400;\">\n<p style=\"font-weight: 400;\">La justa capitalina se inaugurar\u00e1 el martes 15 de septiembre, a las 8:00 de la noche, en la Arena BanReservas Profesor Virgilio Travieso Soto, del Centro Ol\u00edmpico Juan Pablo Duarte.<\/p>\n<p style=\"font-weight: 400;\">\n<p style=\"font-weight: 400;\">Las informaciones fueron dadas por Edwin Castillo (Tatico), presidente de Abadina, quien destac\u00f3 la importancia de la instituci\u00f3n a lo largo de estos m\u00e1s de 60 a\u00f1os y sus diferentes presidentes que han tenido, los cuales dejaron sus aportes en favor del baloncesto capitalino.<\/p>\n<p style=\"font-weight: 400;\">Castillo dijo que ese mismo d\u00eda, a las 6:00 de la tarde, se pondr\u00e1 en marcha el torneo categor\u00eda U14 masculino y femenino 2026 con la participaci\u00f3n de 40 equipos y dedicado al Proyecto de Selecciones Nacionales de Baloncesto de las Categor\u00edas Menores de la Federaci\u00f3n Dominicana de Baloncesto (Fedombal), que impulsa y promueve su presidente, Rafael Uribe.<\/p>\n<p style=\"font-weight: 400;\">\n<p style=\"font-weight: 400;\">Destac\u00f3 tambi\u00e9n la direcci\u00f3n y coordinaci\u00f3n ejecutiva del Inmortal del Deporte Dominicano, Jos\u00e9 -Ma\u00edta- Mercedes, y Melvyn L\u00f3pez, con un selecto n\u00facleo de entrenadores nacionales.<\/p>\n<p style=\"font-weight: 400;\">\n<p style=\"font-weight: 400;\">PIE DE FOTO<\/p>\n<p><img loading=\"lazy\" decoding=\"async\" class=\"alignnone size-medium wp-image-244783\" src=\"https:\/\/primicias.net\/web\/wp-content\/uploads\/2026\/09\/Edwin-Castillo-presidente-de-Abadina-300x300.jpg\" alt=\"\" width=\"300\" height=\"300\" srcset=\"https:\/\/primicias.net\/web\/wp-content\/uploads\/2026\/09\/Edwin-Castillo-presidente-de-Abadina-300x300.jpg 300w, https:\/\/primicias.net\/web\/wp-content\/uploads\/2026\/09\/Edwin-Castillo-presidente-de-Abadina-150x150.jpg 150w, https:\/\/primicias.net\/web\/wp-content\/uploads\/2026\/09\/Edwin-Castillo-presidente-de-Abadina-768x768.jpg 768w, https:\/\/primicias.net\/web\/wp-content\/uploads\/2026\/09\/Edwin-Castillo-presidente-de-Abadina-250x250.jpg 250w, https:\/\/primicias.net\/web\/wp-content\/uploads\/2026\/09\/Edwin-Castillo-presidente-de-Abadina.jpg 1024w\" sizes=\"auto, (max-width: 300px) 100vw, 300px\" \/><\/p>\n<p style=\"font-weight: 400;\">Edwin Castillo, presidente de Abadina.<\/p>\n","protected":false},"excerpt":{"rendered":"<p>SANTO DOMINGO, RD.- La Asociaci\u00f3n de Baloncesto del Distrito Nacional (Abadina) arrib\u00f3 este viernes al 63 aniversario de su fundaci\u00f3n, en la que se destaca la solidez institucional en beneficio de sus clubes miembros y la dirigencia deportiva que le acompa\u00f1a. La Abadina se fund\u00f3 un 4 de septiembre de 1963, y dentro de las &hellip;<\/p>\n","protected":false},"author":8,"featured_media":244783,"comment_status":"open","ping_status":"closed","sticky":false,"template":"","format":"standard","meta":{"_jetpack_newsletter_access":"","_jetpack_dont_email_post_to_subs":false,"_jetpack_newsletter_tier_id":0,"_jetpack_memberships_contains_paywalled_content":false,"_jetpack_feature_clip_id":0,"_jetpack_memberships_contains_paid_content":false,"footnotes":"","jetpack_publicize_message":"","jetpack_publicize_feature_enabled":true,"jetpack_social_post_already_shared":true,"jetpack_social_options":{"image_generator_settings":{"template":"highway","default_image_id":0,"font":"","enabled":false},"version":2},"jetpack_post_was_ever_published":false},"categories":[88,28],"tags":[],"class_list":["post-244782","post","type-post","status-publish","format-standard","has-post-thumbnail","hentry","category-basket","category-deportes"],"jetpack_publicize_connections":[],"jetpack_featured_media_url":"https:\/\/primicias.net\/web\/wp-content\/uploads\/2026\/09\/Edwin-Castillo-presidente-de-Abadina.jpg","jetpack_sharing_enabled":true,"_links":{"self":[{"href":"https:\/\/primicias.net\/web\/wp-json\/wp\/v2\/posts\/244782","targetHints":{"allow":["GET"]}}],"collection":[{"href":"https:\/\/primicias.net\/web\/wp-json\/wp\/v2\/posts"}],"about":[{"href":"https:\/\/primicias.net\/web\/wp-json\/wp\/v2\/types\/post"}],"author":[{"embeddable":true,"href":"https:\/\/primicias.net\/web\/wp-json\/wp\/v2\/users\/8"}],"replies":[{"embeddable":true,"href":"https:\/\/primicias.net\/web\/wp-json\/wp\/v2\/comments?post=244782"}],"version-history":[{"count":1,"href":"https:\/\/primicias.net\/web\/wp-json\/wp\/v2\/posts\/244782\/revisions"}],"predecessor-version":[{"id":244784,"href":"https:\/\/primicias.net\/web\/wp-json\/wp\/v2\/posts\/244782\/revisions\/244784"}],"wp:featuredmedia":[{"embeddable":true,"href":"https:\/\/primicias.net\/web\/wp-json\/wp\/v2\/media\/244783"}],"wp:attachment":[{"href":"https:\/\/primicias.net\/web\/wp-json\/wp\/v2\/media?parent=244782"}],"wp:term":[{"taxonomy":"category","embeddable":true,"href":"https:\/\/primicias.net\/web\/wp-json\/wp\/v2\/categories?post=244782"},{"taxonomy":"post_tag","embeddable":true,"href":"https:\/\/primicias.net\/web\/wp-json\/wp\/v2\/tags?post=244782"}],"curies":[{"name":"wp","href":"https:\/\/api.w.org\/{rel}","templated":true}]}}