{"id":244778,"date":"2026-09-05T12:08:47","date_gmt":"2026-09-05T16:08:47","guid":{"rendered":"https:\/\/primicias.net\/web\/?p=244778"},"modified":"2026-09-05T12:08:47","modified_gmt":"2026-09-05T16:08:47","slug":"linchamiento-mediatico-dano-a-la-moral-y-salud-de-la-sociedad","status":"publish","type":"post","link":"https:\/\/primicias.net\/web\/linchamiento-mediatico-dano-a-la-moral-y-salud-de-la-sociedad\/","title":{"rendered":"Linchamiento medi\u00e1tico, da\u00f1o a la moral y salud de la sociedad"},"content":{"rendered":"<p style=\"font-weight: 400;\">Por Emilia Santos Frias<\/p>\n<p style=\"font-weight: 400;\">\n<p style=\"font-weight: 400;\">Al bien hacer jam\u00e1s le falta premio, manifestaba el ilustre novelista, Miguel de Cervantes.\u00a0 Pero, el n\u00e9mesis del bien, siempre rebelde, busca de forma constante nuevas formas para da\u00f1ar. Es por ello que se dice que de la maldad quiz\u00e1s unos pocos escapan, porque en todas las partes del mundo hay injusticias y malos seres humanos, desprovistos de la disciplina y fe en el Creador. Por eso, anhelamos vivir en un mundo donde la protecci\u00f3n de derechos fundamentales, inherentes de la personas, sea una realidad, no una narrativa para quedar bien en cada alocuci\u00f3n. Necesitamos de una sociedad que salvaguarde la bondad natural que todos tenemos en nuestro interior, porque el Padre nos previ\u00f3 de ella.<img loading=\"lazy\" decoding=\"async\" class=\"alignnone size-full wp-image-244779\" src=\"https:\/\/primicias.net\/web\/wp-content\/uploads\/2026\/09\/ESF-3.jpg\" alt=\"\" width=\"198\" height=\"255\" \/><\/p>\n<p style=\"font-weight: 400;\">En ese sentido, hoy nuestra amada Rep\u00fablica Dominicana sucumbe desde los medios digitales y tradicionales a la violencia estructural y su desagradable forma de actuar. Esta se expresa en los constantes linchamientos medi\u00e1ticos, realizados a influenciadores o figuras del \u00e1mbito deportivo, art\u00edstico, pol\u00edticos, acad\u00e9micos\u2026,\u00a0 una colusi\u00f3n que tiene un claro fin: da\u00f1ar la honra, moral, buen nombre, dignidad humana\u2026, es decir, un constante acoso medi\u00e1tico, que incluso tiene a figuras favoritas para de forma permanente abusarle.<\/p>\n<p style=\"font-weight: 400;\">Pretenden normalizar el linchamiento a trav\u00e9s de los medios de comunicaci\u00f3n, degradar, desprestigiar; desacreditar mediante injuria y difamaci\u00f3n a personas populares o famosas en distintos \u00e1mbitos del saber humano u oficios. Invariable repetici\u00f3n de la misma informaci\u00f3n, poni\u00e9ndole cada vez un grado mayor de\u00a0 acoso, juicios paralelos y acciones que contribuye a da\u00f1ar la moral, en clara violaci\u00f3n a la buena norma nacional y supranacional.<\/p>\n<p style=\"font-weight: 400;\">En el panorama que se observa, parece que no importa el da\u00f1o que se causa a la sociedad, como afecciones a la salud emocional, mental, estr\u00e9s, depresi\u00f3n, angustia, tristeza\u2026, falsa realidad, falsos niveles de \u00e9xitos; propiciar antivalores, excesos, enfermedades f\u00edsicas, bajos niveles de escolaridad, delincuencia\u2026<\/p>\n<p style=\"font-weight: 400;\">Como la justicia parece estar dormida, los hacedores de opini\u00f3n est\u00e1n burlando de forma obscena, libertades p\u00fablicas; derechos humanos. Ahora la moda es hurgar en la vida privada y llevar eso al escenario p\u00fablico. Comidilla de qu\u00e9 hizo, hace, come, viste\u2026, este o aquel. No hay respeto por la familia, tradiciones y buenas costumbres de la poblaci\u00f3n dominicana, por su cultura y valores. iPenoso, grave!. Eso tambi\u00e9n lo ve el mundo. Adem\u00e1s\u00a0de una prensa c\u00f3mplice, ejercida por \u201cprofesionales\u201d e intrusitas, que con sus acciones, causan algo m\u00e1s que repulsi\u00f3n.<\/p>\n<p style=\"font-weight: 400;\">\u00bfQui\u00e9n dijo que la democratizaci\u00f3n de los medios de comunicaci\u00f3n en este Siglo XXI, permite tal violaci\u00f3n a derechos humanos?, \u00bfa caso es la forma correcta de conseguir reconocimiento?, \u00bfpor qu\u00e9 nuestro Estado no persigue con m\u00e1s ah\u00ednco este tipo de il\u00edcito, judicializa y endurece m\u00e1s las penas?, \u00bfpor qu\u00e9 tanta permisividad con creadores de contenido, nacionales y extranjeros?. Sin lugar a dudas, en el siglo de la informaci\u00f3n, con tanta apertura tecnol\u00f3gica, en vez de utilizar las herramientas inform\u00e1ticas para fortalecer el derecho a la informaci\u00f3n y difusi\u00f3n del pensamiento, se abusa al m\u00e1s alto\u00a0\u00edndice, de un derecho supeditado al respeto de otros.<\/p>\n<p style=\"font-weight: 400;\">\u00bfSer\u00e1 que quienes est\u00e1n haciendo opini\u00f3n valoran m\u00e1s la monetizaci\u00f3n; dinero y las vistas que el bienestar generalizado de toda la poblaci\u00f3n?, \u00bfa\u00fan no entienden el da\u00f1o a nivel nacional e internacional que hacen a su sociedad?, \u00bfquieren que el pueblo dominicano sea conocido como parte de un conglomerado que solo exhibe mal gusto, violencia, antivalores, ruido, carencia educativa\u2026?, iuff!, buscando el bien de nuestros semejantes, encontramos el nuestro sol\u00eda repetir el acreditado fil\u00f3sofo, Plat\u00f3n.<\/p>\n<p style=\"font-weight: 400;\">El bien que hicimos la v\u00edspera es el que nos trae la felicidad por la ma\u00f1ana, reza un conocido refr\u00e1n. Mientras que en otro proverbio, el tambi\u00e9n m\u00fasico, Jean Jacques Rousseau, nos dice que el primer paso hacia el bien es no hacer el mal. M\u00e1s claro no canta un gallo.<\/p>\n<p style=\"font-weight: 400;\">Sigo insistiendo en que el\u00a0 linchamiento digital, que se realiza a drede y con sa\u00f1a, solo perjudica a las personas y con ellas a nuestras sociedades.\u00a0 Atacar, humillar, acosar, condenar p\u00fablicamente mediante comentarios lesivos se est\u00e1 convirtiendo en un arma, que en ocasiones produce muertes, cuando a quien se perjudica se\u00a0 le provocan patolog\u00edas\u00a0y trastornos mentales.<\/p>\n<p style=\"font-weight: 400;\">Lo que inici\u00f3 para que todos alzar\u00e1n su voz, ejercitaran ciudadan\u00eda social; exigir rendici\u00f3n de cuentas, un valor y principio de la buena administraci\u00f3n, hoy se realiza de espalda a la \u00e9tica y sus consecuencias traen insalud al ser humano. En la actualidad, la turba digital es desproporcionada, los hechos cruzan de lo digital a nuestra realidad, \u201cdestruyendo reputaciones, empleos y la salud mental de los afectados de forma permanente\u201d. Desdichadamente quienes accionan en medios de comunicaci\u00f3n act\u00faan desde la deshumanizaci\u00f3n, ira, desprecio,\u00a0 agresividad, morbo, maldad de coraz\u00f3n o mal querencia, odio y crueldad. Con su meta de generar emociones fuertes, nos est\u00e1n da\u00f1ando.<\/p>\n<p style=\"font-weight: 400;\">\u00a0\u00a0El fusilado medi\u00e1tico ha empobrecido\u00a0 el debate p\u00fablico; polariza, a\u00edsla, y junto a bulos, contin\u00faa conculcando \u00a0derechos inherentes, a sabiendas de que, las redes no son tribunales. En ese entendido, urge que desde las plataformas de redes sociales e internet, mediante la libertad de expresi\u00f3n se respete la dignidad humana. Este, como sociedad, es nuestro gran desaf\u00edo. \u201cCuando buscamos las cosas inciertas, perdemos las ciertas\u201d.<\/p>\n<p style=\"font-weight: 400;\">Hasta la pr\u00f3xima entrega.<\/p>\n<p style=\"font-weight: 400;\">La autora reside en Santo Domingo<\/p>\n<p style=\"font-weight: 400;\">Es educadora, periodista, abogada y locutora.<\/p>\n<p style=\"font-weight: 400;\"><a href=\"mailto:santosemili@gmail.com\">santosemili@gmail.com<\/a><\/p>\n","protected":false},"excerpt":{"rendered":"<p>Por Emilia Santos Frias Al bien hacer jam\u00e1s le falta premio, manifestaba el ilustre novelista, Miguel de Cervantes.\u00a0 Pero, el n\u00e9mesis del bien, siempre rebelde, busca de forma constante nuevas formas para da\u00f1ar. Es por ello que se dice que de la maldad quiz\u00e1s unos pocos escapan, porque en todas las partes del mundo hay &hellip;<\/p>\n","protected":false},"author":8,"featured_media":244779,"comment_status":"open","ping_status":"closed","sticky":false,"template":"","format":"standard","meta":{"_jetpack_newsletter_access":"","_jetpack_dont_email_post_to_subs":false,"_jetpack_newsletter_tier_id":0,"_jetpack_memberships_contains_paywalled_content":false,"_jetpack_feature_clip_id":0,"_jetpack_memberships_contains_paid_content":false,"footnotes":"","jetpack_publicize_message":"","jetpack_publicize_feature_enabled":true,"jetpack_social_post_already_shared":true,"jetpack_social_options":{"image_generator_settings":{"template":"highway","default_image_id":0,"font":"","enabled":false},"version":2},"jetpack_post_was_ever_published":false},"categories":[206,49,163],"tags":[],"class_list":["post-244778","post","type-post","status-publish","format-standard","has-post-thumbnail","hentry","category-medios-de-comunicacion","category-opinion","category-voces-nacionales-e-internacionales"],"jetpack_publicize_connections":[],"jetpack_featured_media_url":"https:\/\/primicias.net\/web\/wp-content\/uploads\/2026\/09\/ESF-3.jpg","jetpack_sharing_enabled":true,"_links":{"self":[{"href":"https:\/\/primicias.net\/web\/wp-json\/wp\/v2\/posts\/244778","targetHints":{"allow":["GET"]}}],"collection":[{"href":"https:\/\/primicias.net\/web\/wp-json\/wp\/v2\/posts"}],"about":[{"href":"https:\/\/primicias.net\/web\/wp-json\/wp\/v2\/types\/post"}],"author":[{"embeddable":true,"href":"https:\/\/primicias.net\/web\/wp-json\/wp\/v2\/users\/8"}],"replies":[{"embeddable":true,"href":"https:\/\/primicias.net\/web\/wp-json\/wp\/v2\/comments?post=244778"}],"version-history":[{"count":1,"href":"https:\/\/primicias.net\/web\/wp-json\/wp\/v2\/posts\/244778\/revisions"}],"predecessor-version":[{"id":244780,"href":"https:\/\/primicias.net\/web\/wp-json\/wp\/v2\/posts\/244778\/revisions\/244780"}],"wp:featuredmedia":[{"embeddable":true,"href":"https:\/\/primicias.net\/web\/wp-json\/wp\/v2\/media\/244779"}],"wp:attachment":[{"href":"https:\/\/primicias.net\/web\/wp-json\/wp\/v2\/media?parent=244778"}],"wp:term":[{"taxonomy":"category","embeddable":true,"href":"https:\/\/primicias.net\/web\/wp-json\/wp\/v2\/categories?post=244778"},{"taxonomy":"post_tag","embeddable":true,"href":"https:\/\/primicias.net\/web\/wp-json\/wp\/v2\/tags?post=244778"}],"curies":[{"name":"wp","href":"https:\/\/api.w.org\/{rel}","templated":true}]}}