{"id":244764,"date":"2026-09-05T11:36:10","date_gmt":"2026-09-05T15:36:10","guid":{"rendered":"https:\/\/primicias.net\/web\/?p=244764"},"modified":"2026-09-05T11:36:10","modified_gmt":"2026-09-05T15:36:10","slug":"superintendencia-de-bancos-sb-inicia-nueva-etapa-bajo-liderazgo-de-enmanuel-cedeno-brea","status":"publish","type":"post","link":"https:\/\/primicias.net\/web\/superintendencia-de-bancos-sb-inicia-nueva-etapa-bajo-liderazgo-de-enmanuel-cedeno-brea\/","title":{"rendered":"Superintendencia de Bancos (SB) inicia nueva etapa bajo liderazgo de Enmanuel Cede\u00f1o Brea"},"content":{"rendered":"<p>Cede\u00f1o Brea tambi\u00e9n present\u00f3 algunas de las prioridades estrat\u00e9gicas que orientar\u00e1n la<br \/>\ngesti\u00f3n institucional en los pr\u00f3ximos a\u00f1os.<br \/>\nSanto Domingo, 3 de septiembre de 2026.\u00a0El superintendente de Bancos, Enmanuel<br \/>\nCede\u00f1o Brea, asumi\u00f3 formalmente sus funciones al frente de la Superintendencia de<br \/>\nBancos (SB), destacando que esta nueva etapa estar\u00e1 marcada por la continuidad de la<br \/>\ntransformaci\u00f3n institucional impulsada en los \u00faltimos a\u00f1os, con un firme compromiso de<br \/>\nseguir fortaleciendo la supervisi\u00f3n financiera, la confianza p\u00fablica y la excelencia t\u00e9cnica<br \/>\nde la instituci\u00f3n.<img loading=\"lazy\" decoding=\"async\" class=\"alignnone size-medium wp-image-244765\" src=\"https:\/\/primicias.net\/web\/wp-content\/uploads\/2026\/09\/Enmanuel-Cedeno-Brea-300x200.jpeg\" alt=\"\" width=\"300\" height=\"200\" srcset=\"https:\/\/primicias.net\/web\/wp-content\/uploads\/2026\/09\/Enmanuel-Cedeno-Brea-300x200.jpeg 300w, https:\/\/primicias.net\/web\/wp-content\/uploads\/2026\/09\/Enmanuel-Cedeno-Brea-1024x682.jpeg 1024w, https:\/\/primicias.net\/web\/wp-content\/uploads\/2026\/09\/Enmanuel-Cedeno-Brea-768x512.jpeg 768w, https:\/\/primicias.net\/web\/wp-content\/uploads\/2026\/09\/Enmanuel-Cedeno-Brea-1536x1024.jpeg 1536w, https:\/\/primicias.net\/web\/wp-content\/uploads\/2026\/09\/Enmanuel-Cedeno-Brea-2048x1365.jpeg 2048w\" sizes=\"auto, (max-width: 300px) 100vw, 300px\" \/><br \/>\nDurante su discurso de inicio de gesti\u00f3n, Cede\u00f1o Brea agradeci\u00f3 la confianza depositada<br \/>\npor el presidente Luis Abinader y afirm\u00f3 que su designaci\u00f3n constituye un reconocimiento<br \/>\nal trabajo desarrollado por el equipo humano de la instituci\u00f3n. En ese sentido, enfatiz\u00f3<br \/>\nque la continuidad no significa inmovilidad, sino profundizar y ampliar los<br \/>\navances\u00a0obtenidos.<br \/>\nEl nuevo superintendente se\u00f1al\u00f3 que\u00a0los logros alcanzados\u00a0por la SB exigen\u00a0mantener los<br \/>\nm\u00e1s altos est\u00e1ndares de rigor y compromiso. Advirti\u00f3 que las instituciones pueden<br \/>\ndebilitarse no solo cuando se apartan de su misi\u00f3n, sino tambi\u00e9n cuando la complacencia<br \/>\nsustituye la disciplina y la b\u00fasqueda constante de la excelencia.<br \/>\nEn este contexto, llam\u00f3 a\u00a0los colaboradores y las colaboradoras\u00a0a preservar la credibilidad<br \/>\ninstitucional y a proteger la estabilidad financiera del pa\u00eds, recordando que la confianza<br \/>\nconstruida a lo largo de los a\u00f1os requiere una atenci\u00f3n permanente. \u201cNo podemos<br \/>\npermitir que la complacencia erosione lo que tanto esfuerzo nos ha costado alcanzar.<br \/>\nPorque las instituciones no solo fracasan cuando cambian de rumbo por malas decisiones;<br \/>\ntambi\u00e9n pueden fracasar cuando, confiadas en sus \u00e9xitos, dejan de cuidar aquello que las<br \/>\nhizo exitosas. \u2026Por eso el compromiso no disminuye en esta nueva etapa. Aumenta.\u201d,<br \/>\nafirm\u00f3 el funcionario.<br \/>\nCede\u00f1o Brea tambi\u00e9n present\u00f3\u00a0cuatro\u00a0prioridades estrat\u00e9gicas que orientar\u00e1n la gesti\u00f3n<br \/>\ninstitucional en los pr\u00f3ximos a\u00f1os: impulsar una inclusi\u00f3n financiera m\u00e1s efectiva y el<br \/>\nacceso al cr\u00e9dito productivo;\u00a0continuar fortaleciendo\u00a0la protecci\u00f3n de los usuarios de<br \/>\nservicios financieros; acompa\u00f1ar la transformaci\u00f3n tecnol\u00f3gica del sector financiero; y<br \/>\navanzar en la convergencia con est\u00e1ndares internacionales de supervisi\u00f3n y regulaci\u00f3n.<\/p>\n<p>El superintendente resalt\u00f3 que el ente supervisor cuenta con una base institucional s\u00f3lida<br \/>\ny que el sistema financiero dominicano mantiene niveles adecuados de capitalizaci\u00f3n,<br \/>\nsolvencia y estabilidad. Indic\u00f3 que los desaf\u00edos futuros requerir\u00e1n coordinaci\u00f3n,<br \/>\ninnovaci\u00f3n y una visi\u00f3n estrat\u00e9gica compartida entre todos los actores involucrados.<br \/>\nAl concluir, agradeci\u00f3 el respaldo del Banco Central, del Ministerio de Hacienda y<br \/>\nreconoci\u00f3 los aportes del exsuperintendente Alejandro Fern\u00e1ndez W. Asimismo, reafirm\u00f3<br \/>\nque la misi\u00f3n de la SB seguir\u00e1 orientada a generar confianza, aportar valor a la sociedad y<br \/>\nservir al pa\u00eds con integridad, profesionalismo y vocaci\u00f3n de servicio.<\/p>\n<p>&nbsp;<\/p>\n<p>&nbsp;<\/p>\n<p><b>Pie de foto<\/b><\/p>\n<p><img loading=\"lazy\" decoding=\"async\" class=\"alignnone size-medium wp-image-244766\" src=\"https:\/\/primicias.net\/web\/wp-content\/uploads\/2026\/09\/Foto-de-grupo-300x200.jpeg\" alt=\"\" width=\"300\" height=\"200\" srcset=\"https:\/\/primicias.net\/web\/wp-content\/uploads\/2026\/09\/Foto-de-grupo-300x200.jpeg 300w, https:\/\/primicias.net\/web\/wp-content\/uploads\/2026\/09\/Foto-de-grupo-1024x682.jpeg 1024w, https:\/\/primicias.net\/web\/wp-content\/uploads\/2026\/09\/Foto-de-grupo-768x512.jpeg 768w, https:\/\/primicias.net\/web\/wp-content\/uploads\/2026\/09\/Foto-de-grupo-1536x1024.jpeg 1536w, https:\/\/primicias.net\/web\/wp-content\/uploads\/2026\/09\/Foto-de-grupo-2048x1365.jpeg 2048w\" sizes=\"auto, (max-width: 300px) 100vw, 300px\" \/><\/p>\n<p>De izquierda a derecha: Juan Francisco Mendoza, gerente de la SB; Julio Caminero, intendente de Bancos; Enmanuel Cede\u00f1o Brea, superintendente de Bancos; Clarissa de la Rocha, vicegobernadora del Banco Central;\u00a0 Ervin Novas, gerente del Banco Central; Aileen Guzm\u00e1n, directora de la Unidad de An\u00e1lisis Financiero.<\/p>\n<p>&nbsp;<\/p>\n<p>&nbsp;<\/p>\n<p>&nbsp;<\/p>\n<p>&nbsp;<\/p>\n","protected":false},"excerpt":{"rendered":"<p>Cede\u00f1o Brea tambi\u00e9n present\u00f3 algunas de las prioridades estrat\u00e9gicas que orientar\u00e1n la gesti\u00f3n institucional en los pr\u00f3ximos a\u00f1os. Santo Domingo, 3 de septiembre de 2026.\u00a0El superintendente de Bancos, Enmanuel Cede\u00f1o Brea, asumi\u00f3 formalmente sus funciones al frente de la Superintendencia de Bancos (SB), destacando que esta nueva etapa estar\u00e1 marcada por la continuidad de la &hellip;<\/p>\n","protected":false},"author":8,"featured_media":244765,"comment_status":"open","ping_status":"closed","sticky":false,"template":"","format":"standard","meta":{"_jetpack_newsletter_access":"","_jetpack_dont_email_post_to_subs":false,"_jetpack_newsletter_tier_id":0,"_jetpack_memberships_contains_paywalled_content":false,"_jetpack_feature_clip_id":0,"_jetpack_memberships_contains_paid_content":false,"footnotes":"","jetpack_publicize_message":"","jetpack_publicize_feature_enabled":true,"jetpack_social_post_already_shared":true,"jetpack_social_options":{"image_generator_settings":{"template":"highway","default_image_id":0,"font":"","enabled":false},"version":2},"jetpack_post_was_ever_published":false},"categories":[65,35,182],"tags":[],"class_list":["post-244764","post","type-post","status-publish","format-standard","has-post-thumbnail","hentry","category-bancarias","category-economia-arte","category-voces-economicas-de-la-nacion"],"jetpack_publicize_connections":[],"jetpack_featured_media_url":"https:\/\/primicias.net\/web\/wp-content\/uploads\/2026\/09\/Enmanuel-Cedeno-Brea.jpeg","jetpack_sharing_enabled":true,"_links":{"self":[{"href":"https:\/\/primicias.net\/web\/wp-json\/wp\/v2\/posts\/244764","targetHints":{"allow":["GET"]}}],"collection":[{"href":"https:\/\/primicias.net\/web\/wp-json\/wp\/v2\/posts"}],"about":[{"href":"https:\/\/primicias.net\/web\/wp-json\/wp\/v2\/types\/post"}],"author":[{"embeddable":true,"href":"https:\/\/primicias.net\/web\/wp-json\/wp\/v2\/users\/8"}],"replies":[{"embeddable":true,"href":"https:\/\/primicias.net\/web\/wp-json\/wp\/v2\/comments?post=244764"}],"version-history":[{"count":1,"href":"https:\/\/primicias.net\/web\/wp-json\/wp\/v2\/posts\/244764\/revisions"}],"predecessor-version":[{"id":244767,"href":"https:\/\/primicias.net\/web\/wp-json\/wp\/v2\/posts\/244764\/revisions\/244767"}],"wp:featuredmedia":[{"embeddable":true,"href":"https:\/\/primicias.net\/web\/wp-json\/wp\/v2\/media\/244765"}],"wp:attachment":[{"href":"https:\/\/primicias.net\/web\/wp-json\/wp\/v2\/media?parent=244764"}],"wp:term":[{"taxonomy":"category","embeddable":true,"href":"https:\/\/primicias.net\/web\/wp-json\/wp\/v2\/categories?post=244764"},{"taxonomy":"post_tag","embeddable":true,"href":"https:\/\/primicias.net\/web\/wp-json\/wp\/v2\/tags?post=244764"}],"curies":[{"name":"wp","href":"https:\/\/api.w.org\/{rel}","templated":true}]}}