{"id":244759,"date":"2026-09-05T11:28:22","date_gmt":"2026-09-05T15:28:22","guid":{"rendered":"https:\/\/primicias.net\/web\/?p=244759"},"modified":"2026-09-05T11:28:22","modified_gmt":"2026-09-05T15:28:22","slug":"cementos-progreso-dominicana-beneficia-a-2500-ninos-con-operativo-de-inicio-de-clases","status":"publish","type":"post","link":"https:\/\/primicias.net\/web\/cementos-progreso-dominicana-beneficia-a-2500-ninos-con-operativo-de-inicio-de-clases\/","title":{"rendered":"Cementos Progreso Dominicana beneficia a 2,500 ni\u00f1os con  operativo de inicio de clases"},"content":{"rendered":"<p dir=\"ltr\">La empresa reafirma su compromiso con la educaci\u00f3n y las comunidades a trav\u00e9s de acciones que promueven oportunidades, solidaridad y generaci\u00f3n de valor en su entorno.<img loading=\"lazy\" decoding=\"async\" class=\"alignnone size-medium wp-image-244760\" src=\"https:\/\/primicias.net\/web\/wp-content\/uploads\/2026\/09\/Colaboradores-CEMPRO-ninos-y-maestros-de-la-comunidad-300x204.jpg\" alt=\"\" width=\"300\" height=\"204\" srcset=\"https:\/\/primicias.net\/web\/wp-content\/uploads\/2026\/09\/Colaboradores-CEMPRO-ninos-y-maestros-de-la-comunidad-300x204.jpg 300w, https:\/\/primicias.net\/web\/wp-content\/uploads\/2026\/09\/Colaboradores-CEMPRO-ninos-y-maestros-de-la-comunidad-1024x698.jpg 1024w, https:\/\/primicias.net\/web\/wp-content\/uploads\/2026\/09\/Colaboradores-CEMPRO-ninos-y-maestros-de-la-comunidad-768x523.jpg 768w, https:\/\/primicias.net\/web\/wp-content\/uploads\/2026\/09\/Colaboradores-CEMPRO-ninos-y-maestros-de-la-comunidad-1536x1046.jpg 1536w, https:\/\/primicias.net\/web\/wp-content\/uploads\/2026\/09\/Colaboradores-CEMPRO-ninos-y-maestros-de-la-comunidad-2048x1395.jpg 2048w, https:\/\/primicias.net\/web\/wp-content\/uploads\/2026\/09\/Colaboradores-CEMPRO-ninos-y-maestros-de-la-comunidad-220x150.jpg 220w\" sizes=\"auto, (max-width: 300px) 100vw, 300px\" \/><\/p>\n<p>&nbsp;<\/p>\n<p dir=\"ltr\">Santo Domingo, Rep\u00fablica Dominicana. \u2013 Como parte de su compromiso con el bienestar y desarrollo de las comunidades cercanas a sus operaciones, Cementos Progreso Dominicana realiz\u00f3 su Operativo de Inicio de Clases 2026-2027, beneficiando a aproximadamente 2,500 ni\u00f1os y ni\u00f1as de comunidades aleda\u00f1as a sus operaciones.<img loading=\"lazy\" decoding=\"async\" class=\"alignnone size-medium wp-image-244761\" src=\"https:\/\/primicias.net\/web\/wp-content\/uploads\/2026\/09\/Colaboradores-CEMPRO-y-ninos-de-la-comunidad-300x200.jpg\" alt=\"\" width=\"300\" height=\"200\" srcset=\"https:\/\/primicias.net\/web\/wp-content\/uploads\/2026\/09\/Colaboradores-CEMPRO-y-ninos-de-la-comunidad-300x200.jpg 300w, https:\/\/primicias.net\/web\/wp-content\/uploads\/2026\/09\/Colaboradores-CEMPRO-y-ninos-de-la-comunidad-1024x683.jpg 1024w, https:\/\/primicias.net\/web\/wp-content\/uploads\/2026\/09\/Colaboradores-CEMPRO-y-ninos-de-la-comunidad-768x512.jpg 768w, https:\/\/primicias.net\/web\/wp-content\/uploads\/2026\/09\/Colaboradores-CEMPRO-y-ninos-de-la-comunidad-1536x1024.jpg 1536w, https:\/\/primicias.net\/web\/wp-content\/uploads\/2026\/09\/Colaboradores-CEMPRO-y-ninos-de-la-comunidad-2048x1365.jpg 2048w\" sizes=\"auto, (max-width: 300px) 100vw, 300px\" \/><\/p>\n<p>&nbsp;<\/p>\n<p dir=\"ltr\">A trav\u00e9s de esta jornada, la empresa realiz\u00f3 la entrega de kits escolares para acompa\u00f1ar a los estudiantes en el inicio del nuevo a\u00f1o escolar y contribuir a que cuenten con herramientas que apoyen su desempe\u00f1o acad\u00e9mico.<\/p>\n<p>&nbsp;<\/p>\n<p dir=\"ltr\">La jornada cont\u00f3 con la participaci\u00f3n de colaboradores voluntarios del programa \u201cUnidos por un Sue\u00f1o\u201d, quienes se involucraron activamente en la preparaci\u00f3n de los kits posteriormente entregados a los beneficiarios, sumando el valor del voluntariado a esta acci\u00f3n de solidaridad con las comunidades.<\/p>\n<p>&nbsp;<\/p>\n<p dir=\"ltr\">\u201cEn Cementos Progreso entendemos que construir progreso implica tambi\u00e9n generar oportunidades para las comunidades donde estamos presentes. Apoyar la educaci\u00f3n de nuestros ni\u00f1os y j\u00f3venes es una manera concreta de contribuir a su desarrollo y al futuro de nuestro entorno. Estas acciones reflejan nuestro compromiso de estar cerca de nuestra gente y de generar valor que trascienda nuestras operaciones\u201d, expres\u00f3 Enrique Garc\u00eda, vicepresidente ejecutivo de Cementos Progreso para la regi\u00f3n Caribe.<\/p>\n<p>&nbsp;<\/p>\n<p dir=\"ltr\">Como parte de este mismo compromiso con la educaci\u00f3n y la generaci\u00f3n de valor en las comunidades, Cementos Progreso tambi\u00e9n desarroll\u00f3 una jornada de recolecci\u00f3n y reutilizaci\u00f3n de cuadernos usados, en colaboraci\u00f3n con el programa \u201cCuadernos por un Ma\u00f1ana\u201d, liderado por la joven dominicana Karla Faxas. Esta acci\u00f3n contribuy\u00f3 tanto a facilitar el acceso a materiales escolares como a promover pr\u00e1cticas de reutilizaci\u00f3n, generando valor para las personas y el entorno.<\/p>\n<p>&nbsp;<\/p>\n<p dir=\"ltr\">Estas iniciativas forman parte del compromiso de Cementos Progreso Dominicana con su pilar de sostenibilidad \u201cCiudadano Responsable\u201d, desde el cual la empresa impulsa iniciativas orientadas a generar un impacto positivo y sostenible en las comunidades donde est\u00e1 presente.<\/p>\n","protected":false},"excerpt":{"rendered":"<p>La empresa reafirma su compromiso con la educaci\u00f3n y las comunidades a trav\u00e9s de acciones que promueven oportunidades, solidaridad y generaci\u00f3n de valor en su entorno. &nbsp; Santo Domingo, Rep\u00fablica Dominicana. \u2013 Como parte de su compromiso con el bienestar y desarrollo de las comunidades cercanas a sus operaciones, Cementos Progreso Dominicana realiz\u00f3 su Operativo &hellip;<\/p>\n","protected":false},"author":8,"featured_media":244760,"comment_status":"open","ping_status":"closed","sticky":false,"template":"","format":"standard","meta":{"_jetpack_newsletter_access":"","_jetpack_dont_email_post_to_subs":false,"_jetpack_newsletter_tier_id":0,"_jetpack_memberships_contains_paywalled_content":false,"_jetpack_feature_clip_id":0,"_jetpack_memberships_contains_paid_content":false,"footnotes":"","jetpack_publicize_message":"","jetpack_publicize_feature_enabled":true,"jetpack_social_post_already_shared":true,"jetpack_social_options":{"image_generator_settings":{"template":"highway","default_image_id":0,"font":"","enabled":false},"version":2},"jetpack_post_was_ever_published":false},"categories":[35,141,164,217],"tags":[],"class_list":["post-244759","post","type-post","status-publish","format-standard","has-post-thumbnail","hentry","category-economia-arte","category-educacion","category-industria","category-responsabilidad-social-empresarial"],"jetpack_publicize_connections":[],"jetpack_featured_media_url":"https:\/\/primicias.net\/web\/wp-content\/uploads\/2026\/09\/Colaboradores-CEMPRO-ninos-y-maestros-de-la-comunidad-scaled.jpg","jetpack_sharing_enabled":true,"_links":{"self":[{"href":"https:\/\/primicias.net\/web\/wp-json\/wp\/v2\/posts\/244759","targetHints":{"allow":["GET"]}}],"collection":[{"href":"https:\/\/primicias.net\/web\/wp-json\/wp\/v2\/posts"}],"about":[{"href":"https:\/\/primicias.net\/web\/wp-json\/wp\/v2\/types\/post"}],"author":[{"embeddable":true,"href":"https:\/\/primicias.net\/web\/wp-json\/wp\/v2\/users\/8"}],"replies":[{"embeddable":true,"href":"https:\/\/primicias.net\/web\/wp-json\/wp\/v2\/comments?post=244759"}],"version-history":[{"count":1,"href":"https:\/\/primicias.net\/web\/wp-json\/wp\/v2\/posts\/244759\/revisions"}],"predecessor-version":[{"id":244762,"href":"https:\/\/primicias.net\/web\/wp-json\/wp\/v2\/posts\/244759\/revisions\/244762"}],"wp:featuredmedia":[{"embeddable":true,"href":"https:\/\/primicias.net\/web\/wp-json\/wp\/v2\/media\/244760"}],"wp:attachment":[{"href":"https:\/\/primicias.net\/web\/wp-json\/wp\/v2\/media?parent=244759"}],"wp:term":[{"taxonomy":"category","embeddable":true,"href":"https:\/\/primicias.net\/web\/wp-json\/wp\/v2\/categories?post=244759"},{"taxonomy":"post_tag","embeddable":true,"href":"https:\/\/primicias.net\/web\/wp-json\/wp\/v2\/tags?post=244759"}],"curies":[{"name":"wp","href":"https:\/\/api.w.org\/{rel}","templated":true}]}}