{"id":244753,"date":"2026-09-05T11:22:55","date_gmt":"2026-09-05T15:22:55","guid":{"rendered":"https:\/\/primicias.net\/web\/?p=244753"},"modified":"2026-09-05T11:22:55","modified_gmt":"2026-09-05T15:22:55","slug":"fundacion-refidomsa-transforma-el-preescolar-las-abejitas-con-una-renovacion-integral","status":"publish","type":"post","link":"https:\/\/primicias.net\/web\/fundacion-refidomsa-transforma-el-preescolar-las-abejitas-con-una-renovacion-integral\/","title":{"rendered":"Fundaci\u00f3n REFIDOMSA transforma el Preescolar Las Abejitas con una  renovaci\u00f3n integral"},"content":{"rendered":"<p>&nbsp;<\/p>\n<p>La intervenci\u00f3n fortalece las condiciones educativas, recreativas y de seguridad para<br \/>\ndecenas de ni\u00f1os y ni\u00f1as de la comunidad<br \/>\nSanto Domingo. \u2013 La Fundaci\u00f3n Refiner\u00eda Dominicana de Petr\u00f3leo (REFIDOMSA)<br \/>\nentreg\u00f3 completamente renovado el Preescolar Las Abejitas, tras una intervenci\u00f3n<br \/>\nintegral destinada a mejorar las condiciones de aprendizaje, seguridad y recreaci\u00f3n de<br \/>\ndecenas de ni\u00f1os y ni\u00f1as que reciben formaci\u00f3n en este centro educativo.<br \/>\nLa entrega fue encabezada por el presidente de la Refiner\u00eda Dominicana de Petr\u00f3leo<br \/>\n(REFIDOMSA), Samuel Pereyra, junto a Noelia Garc\u00eda de Pereyra, miembro del Consejo<br \/>\nde la Fundaci\u00f3n REFIDOMSA, y Sabrina And\u00fajar, directora ejecutiva de la entidad.<br \/>\nEl acto cont\u00f3 adem\u00e1s con la presencia del presidente de la C\u00e1mara de Diputados,<br \/>\nAlfredo Pacheco; la alcaldesa del Distrito Nacional, Carolina Mej\u00eda; el diputado An\u00edbal<br \/>\nD\u00edaz, y Rita Abinader, quienes acompa\u00f1aron a la entrega de las renovadas instalaciones.<br \/>\nPereyra destac\u00f3 que la intervenci\u00f3n del Preescolar Las Abejitas responde al compromiso<br \/>\nde REFIDOMSA de contribuir con iniciativas que tengan un impacto directo y duradero<br \/>\nen las comunidades.<br \/>\n\u201cServir tambi\u00e9n significa saber escuchar. Do\u00f1a Josefina toc\u00f3 nuestra puerta pensando<br \/>\nen sus alumnos y nosotros respondimos sum\u00e1ndonos al esfuerzo que ella y esta<br \/>\ncomunidad realizan todos los dias para ofrecerles a sus ni\u00f1os un espacio digno donde<br \/>\naprender y crecer\u201d, expres\u00f3 Pereyra.<br \/>\nEl presidente de REFIDOMSA afirm\u00f3 que la responsabilidad de una empresa trasciende<br \/>\nsus resultados operativos y financieros, y sostuvo que la instituci\u00f3n continuar\u00e1<br \/>\nrespaldando proyectos capaces de generar transformaciones concretas en la vida de las<br \/>\npersonas.<br \/>\n\u201cQueremos que cada acci\u00f3n que emprendamos deje una huella positiva. Esa es la visi\u00f3n<br \/>\nque hemos impulsado desde REFIDOMSA y su Fundaci\u00f3n: estar cerca de la gente y<br \/>\naportar all\u00ed donde podemos contribuir a mejorar su calidad de vida\u201d, agreg\u00f3.<br \/>\nLa directora del Preescolar Las Abejitas, Josefina Mart\u00ednez, valor\u00f3 la transformaci\u00f3n del<br \/>\ncentro y agradeci\u00f3 el respaldo recibido, al considerar que las nuevas condiciones<br \/>\ncontribuir\u00e1n significativamente al desarrollo de los estudiantes y al trabajo cotidiano de<br \/>\ndocentes y colaboradores.<\/p>\n<p>\u201cLas Abejitas es un lugar al que le hemos dedicado muchos a\u00f1os de trabajo, cari\u00f1o y<br \/>\nesfuerzo, y verlo hoy renovado nos llena de alegr\u00eda. Gracias a Samuel Pereyra y a la<br \/>\nFundaci\u00f3n REFIDOMSA por escucharnos y por responder a una necesidad que era muy<br \/>\nimportante para nuestros ni\u00f1os y para toda nuestra comunidad\u201d, manifest\u00f3 Mart\u00ednez.<br \/>\nComo parte de la iniciativa, la Fundaci\u00f3n Refidomsa tambi\u00e9n realiz\u00f3 la entrega de kits<br \/>\nescolares y libros de textos para todos los estudiantes del Preescolar Las Abejitas,<br \/>\ncompletando la renovaci\u00f3n de la infraestructura con recursos destinados a apoyar su<br \/>\nproceso de ense\u00f1anza de aprendizaje.<br \/>\nUna transformaci\u00f3n integral<br \/>\nLos trabajos ejecutados abarcaron el acondicionamiento del patio lateral, la sustituci\u00f3n<br \/>\ncompleta del techo, la colocaci\u00f3n de nuevos pisos, la adecuaci\u00f3n de aceras y el<br \/>\nreforzamiento de distintas \u00e1reas de la estructura.<br \/>\nAsimismo, fueron sustituidas puertas y ventanas, remodelados los ba\u00f1os y renovada la<br \/>\nfachada principal. Como parte de la intervenci\u00f3n tambi\u00e9n se construy\u00f3 un nuevo portal<br \/>\nde acceso, fortaleciendo la seguridad y mejorando la imagen del centro educativo.<br \/>\nLa remodelaci\u00f3n incluy\u00f3 la instalaci\u00f3n de plafones en las \u00e1reas interiores, mejoras en el<br \/>\nsistema el\u00e9ctrico, nueva iluminaci\u00f3n interior y exterior, la incorporaci\u00f3n de mobiliario<br \/>\nescolar y la creaci\u00f3n de un mural tem\u00e1tico que aporta color e identidad a los espacios<br \/>\ndestinados al aprendizaje.<br \/>\nTambi\u00e9n fue reacondicionada la cancha del preescolar, proporcionando a los<br \/>\nestudiantes un espacio m\u00e1s adecuado para desarrollar actividades recreativas,<br \/>\ndeportivas y de convivencia.<br \/>\nPor parte de la Refiner\u00eda tambi\u00e9n participaron Ren\u00e9 Gonz\u00e1lez, gerente s\u00e9nior de<br \/>\nProyectos Civiles y Mantenimiento, \u00e1rea responsable de acompa\u00f1ar la ejecuci\u00f3n t\u00e9cnica<br \/>\nde los trabajos, y Luis Mi\u00f1oso, director de Comunicaciones, junto a representantes de la<br \/>\nFundaci\u00f3n, miembros de la comunidad educativa e invitados especiales.<br \/>\nCon la renovaci\u00f3n del Preescolar Las Abejitas, la Fundaci\u00f3n REFIDOMSA contin\u00faa<br \/>\ndesarrollando iniciativas enfocadas en educaci\u00f3n, bienestar social y fortalecimiento<br \/>\ncomunitario, como parte de su compromiso de contribuir al desarrollo y generar<br \/>\nmejoras tangibles en las comunidades donde desarrolla sus programas.<\/p>\n<p>&nbsp;<\/p>\n<p>&nbsp;<\/p>\n<p><img loading=\"lazy\" decoding=\"async\" class=\"alignnone size-medium wp-image-244754\" src=\"https:\/\/primicias.net\/web\/wp-content\/uploads\/2026\/09\/2-1-300x280.jpeg\" alt=\"\" width=\"300\" height=\"280\" srcset=\"https:\/\/primicias.net\/web\/wp-content\/uploads\/2026\/09\/2-1-300x280.jpeg 300w, https:\/\/primicias.net\/web\/wp-content\/uploads\/2026\/09\/2-1-1024x955.jpeg 1024w, https:\/\/primicias.net\/web\/wp-content\/uploads\/2026\/09\/2-1-768x716.jpeg 768w, https:\/\/primicias.net\/web\/wp-content\/uploads\/2026\/09\/2-1-1536x1433.jpeg 1536w, https:\/\/primicias.net\/web\/wp-content\/uploads\/2026\/09\/2-1-2048x1910.jpeg 2048w\" sizes=\"auto, (max-width: 300px) 100vw, 300px\" \/><\/p>\n<p>Carolina Mej\u00eda, Samuel Pereyra, Rita Patricia Abinader, Noelia<br \/>\nGarc\u00eda de Pereyra, Sabrina And\u00fajar y Josefina Mart\u00ednez, junto a otros invitados,<br \/>\ndurante el acto de entrega del renovado Preescolar Las Abejitas.<\/p>\n<p><img loading=\"lazy\" decoding=\"async\" class=\"alignnone size-medium wp-image-244755\" src=\"https:\/\/primicias.net\/web\/wp-content\/uploads\/2026\/09\/3-1-200x300.jpeg\" alt=\"\" width=\"200\" height=\"300\" srcset=\"https:\/\/primicias.net\/web\/wp-content\/uploads\/2026\/09\/3-1-200x300.jpeg 200w, https:\/\/primicias.net\/web\/wp-content\/uploads\/2026\/09\/3-1-682x1024.jpeg 682w, https:\/\/primicias.net\/web\/wp-content\/uploads\/2026\/09\/3-1-768x1153.jpeg 768w, https:\/\/primicias.net\/web\/wp-content\/uploads\/2026\/09\/3-1-1023x1536.jpeg 1023w, https:\/\/primicias.net\/web\/wp-content\/uploads\/2026\/09\/3-1.jpeg 1066w\" sizes=\"auto, (max-width: 200px) 100vw, 200px\" \/><br \/>\n1- Samuel Pereyra comparte con los estudiantes del Preescolar Las Abejitas<br \/>\ndurante la entrega de kits escolares y libros de texto realizada como parte<br \/>\nde la iniciativa de la Fundaci\u00f3n REFIDOMSA.<\/p>\n<p><img loading=\"lazy\" decoding=\"async\" class=\"alignnone size-medium wp-image-244756\" src=\"https:\/\/primicias.net\/web\/wp-content\/uploads\/2026\/09\/1-1-300x200.jpeg\" alt=\"\" width=\"300\" height=\"200\" srcset=\"https:\/\/primicias.net\/web\/wp-content\/uploads\/2026\/09\/1-1-300x200.jpeg 300w, https:\/\/primicias.net\/web\/wp-content\/uploads\/2026\/09\/1-1-1024x682.jpeg 1024w, https:\/\/primicias.net\/web\/wp-content\/uploads\/2026\/09\/1-1-768x512.jpeg 768w, https:\/\/primicias.net\/web\/wp-content\/uploads\/2026\/09\/1-1.jpeg 1280w\" sizes=\"auto, (max-width: 300px) 100vw, 300px\" \/><\/p>\n<p>Vista de las renovadas instalaciones del Preescolar Las Abejitas,<br \/>\nintervenido integralmente por la Fundaci\u00f3n REFIDOMSA para ofrecer<br \/>\nespacios m\u00e1s seguros, funcionales y adecuados para los ni\u00f1os y ni\u00f1as del<br \/>\ncentro.<\/p>\n","protected":false},"excerpt":{"rendered":"<p>&nbsp; La intervenci\u00f3n fortalece las condiciones educativas, recreativas y de seguridad para decenas de ni\u00f1os y ni\u00f1as de la comunidad Santo Domingo. \u2013 La Fundaci\u00f3n Refiner\u00eda Dominicana de Petr\u00f3leo (REFIDOMSA) entreg\u00f3 completamente renovado el Preescolar Las Abejitas, tras una intervenci\u00f3n integral destinada a mejorar las condiciones de aprendizaje, seguridad y recreaci\u00f3n de decenas de ni\u00f1os &hellip;<\/p>\n","protected":false},"author":8,"featured_media":244754,"comment_status":"open","ping_status":"closed","sticky":false,"template":"","format":"standard","meta":{"_jetpack_newsletter_access":"","_jetpack_dont_email_post_to_subs":false,"_jetpack_newsletter_tier_id":0,"_jetpack_memberships_contains_paywalled_content":false,"_jetpack_feature_clip_id":0,"_jetpack_memberships_contains_paid_content":false,"footnotes":"","jetpack_publicize_message":"","jetpack_publicize_feature_enabled":true,"jetpack_social_post_already_shared":true,"jetpack_social_options":{"image_generator_settings":{"template":"highway","default_image_id":0,"font":"","enabled":false},"version":2},"jetpack_post_was_ever_published":false},"categories":[43,141,164],"tags":[],"class_list":["post-244753","post","type-post","status-publish","format-standard","has-post-thumbnail","hentry","category-economicas","category-educacion","category-industria"],"jetpack_publicize_connections":[],"jetpack_featured_media_url":"https:\/\/primicias.net\/web\/wp-content\/uploads\/2026\/09\/2-1-scaled.jpeg","jetpack_sharing_enabled":true,"_links":{"self":[{"href":"https:\/\/primicias.net\/web\/wp-json\/wp\/v2\/posts\/244753","targetHints":{"allow":["GET"]}}],"collection":[{"href":"https:\/\/primicias.net\/web\/wp-json\/wp\/v2\/posts"}],"about":[{"href":"https:\/\/primicias.net\/web\/wp-json\/wp\/v2\/types\/post"}],"author":[{"embeddable":true,"href":"https:\/\/primicias.net\/web\/wp-json\/wp\/v2\/users\/8"}],"replies":[{"embeddable":true,"href":"https:\/\/primicias.net\/web\/wp-json\/wp\/v2\/comments?post=244753"}],"version-history":[{"count":1,"href":"https:\/\/primicias.net\/web\/wp-json\/wp\/v2\/posts\/244753\/revisions"}],"predecessor-version":[{"id":244757,"href":"https:\/\/primicias.net\/web\/wp-json\/wp\/v2\/posts\/244753\/revisions\/244757"}],"wp:featuredmedia":[{"embeddable":true,"href":"https:\/\/primicias.net\/web\/wp-json\/wp\/v2\/media\/244754"}],"wp:attachment":[{"href":"https:\/\/primicias.net\/web\/wp-json\/wp\/v2\/media?parent=244753"}],"wp:term":[{"taxonomy":"category","embeddable":true,"href":"https:\/\/primicias.net\/web\/wp-json\/wp\/v2\/categories?post=244753"},{"taxonomy":"post_tag","embeddable":true,"href":"https:\/\/primicias.net\/web\/wp-json\/wp\/v2\/tags?post=244753"}],"curies":[{"name":"wp","href":"https:\/\/api.w.org\/{rel}","templated":true}]}}