{"id":244729,"date":"2026-09-04T10:11:37","date_gmt":"2026-09-04T14:11:37","guid":{"rendered":"https:\/\/primicias.net\/web\/?p=244729"},"modified":"2026-09-04T10:11:37","modified_gmt":"2026-09-04T14:11:37","slug":"autoridades-fiscalizan-158-motociclistas-en-dos-dias-por-violaciones-a-la-ley-de-transito","status":"publish","type":"post","link":"https:\/\/primicias.net\/web\/autoridades-fiscalizan-158-motociclistas-en-dos-dias-por-violaciones-a-la-ley-de-transito\/","title":{"rendered":"Autoridades fiscalizan 158 motociclistas en dos d\u00edas por violaciones a la Ley de Tr\u00e1nsito"},"content":{"rendered":"<p><b>Santo Domingo.\u00a0<\/b>El Instituto Nacional de Tr\u00e1nsito y Transporte Terrestre (INTRANT) y la Direcci\u00f3n General de Seguridad de Tr\u00e1nsito y Transporte Terrestre (DIGESETT) elevaron a 158 el n\u00famero de motociclistas fiscalizados durante los operativos conjuntos que desarrollan para fortalecer el cumplimiento de la Ley de Tr\u00e1nsito y contribuir a una movilidad m\u00e1s segura y ordenada.<\/p>\n<p>Durante la jornada de este mi\u00e9rcoles fueron retenidas 73 motocicletas, de las cuales 38 correspondieron al operativo realizado en horario matutino y 35 al vespertino, debido a que sus conductores incurrieron en distintas infracciones, entre ellas circular sin casco protector, violentar la luz roja del sem\u00e1foro y otras violaciones a la normativa de tr\u00e1nsito.<\/p>\n<p>Estas fiscalizaciones se suman a las 85 realizadas durante el primer d\u00eda del operativo, desarrollado el pasado martes, para alcanzar un acumulado de 158 motociclistas fiscalizados en dos jornadas.<\/p>\n<p>El director ejecutivo del INTRANT, Juan Manuel M\u00e9ndez, afirm\u00f3 que durante su gesti\u00f3n trabajar\u00e1 para garantizar el respeto de las normas que regulan el tr\u00e1nsito y la movilidad, como parte de las acciones dirigidas a preservar vidas y mejorar la convivencia en las v\u00edas p\u00fablicas.<\/p>\n<p><img loading=\"lazy\" decoding=\"async\" class=\"alignnone size-full wp-image-244733\" src=\"https:\/\/primicias.net\/web\/wp-content\/uploads\/2026\/09\/Foto-4-Intrant.jpeg\" alt=\"\" width=\"1280\" height=\"720\" srcset=\"https:\/\/primicias.net\/web\/wp-content\/uploads\/2026\/09\/Foto-4-Intrant.jpeg 1280w, https:\/\/primicias.net\/web\/wp-content\/uploads\/2026\/09\/Foto-4-Intrant-300x169.jpeg 300w, https:\/\/primicias.net\/web\/wp-content\/uploads\/2026\/09\/Foto-4-Intrant-1024x576.jpeg 1024w, https:\/\/primicias.net\/web\/wp-content\/uploads\/2026\/09\/Foto-4-Intrant-768x432.jpeg 768w, https:\/\/primicias.net\/web\/wp-content\/uploads\/2026\/09\/Foto-4-Intrant-390x220.jpeg 390w\" sizes=\"auto, (max-width: 1280px) 100vw, 1280px\" \/> <img loading=\"lazy\" decoding=\"async\" class=\"alignnone size-full wp-image-244732\" src=\"https:\/\/primicias.net\/web\/wp-content\/uploads\/2026\/09\/Foto-2-Intrant-1.jpeg\" alt=\"\" width=\"1280\" height=\"720\" srcset=\"https:\/\/primicias.net\/web\/wp-content\/uploads\/2026\/09\/Foto-2-Intrant-1.jpeg 1280w, https:\/\/primicias.net\/web\/wp-content\/uploads\/2026\/09\/Foto-2-Intrant-1-300x169.jpeg 300w, https:\/\/primicias.net\/web\/wp-content\/uploads\/2026\/09\/Foto-2-Intrant-1-1024x576.jpeg 1024w, https:\/\/primicias.net\/web\/wp-content\/uploads\/2026\/09\/Foto-2-Intrant-1-768x432.jpeg 768w, https:\/\/primicias.net\/web\/wp-content\/uploads\/2026\/09\/Foto-2-Intrant-1-390x220.jpeg 390w\" sizes=\"auto, (max-width: 1280px) 100vw, 1280px\" \/> <img loading=\"lazy\" decoding=\"async\" class=\"alignnone size-full wp-image-244731\" src=\"https:\/\/primicias.net\/web\/wp-content\/uploads\/2026\/09\/Foto-3-Intrant.jpeg\" alt=\"\" width=\"1280\" height=\"1280\" srcset=\"https:\/\/primicias.net\/web\/wp-content\/uploads\/2026\/09\/Foto-3-Intrant.jpeg 1280w, https:\/\/primicias.net\/web\/wp-content\/uploads\/2026\/09\/Foto-3-Intrant-300x300.jpeg 300w, https:\/\/primicias.net\/web\/wp-content\/uploads\/2026\/09\/Foto-3-Intrant-1024x1024.jpeg 1024w, https:\/\/primicias.net\/web\/wp-content\/uploads\/2026\/09\/Foto-3-Intrant-150x150.jpeg 150w, https:\/\/primicias.net\/web\/wp-content\/uploads\/2026\/09\/Foto-3-Intrant-768x768.jpeg 768w, https:\/\/primicias.net\/web\/wp-content\/uploads\/2026\/09\/Foto-3-Intrant-250x250.jpeg 250w\" sizes=\"auto, (max-width: 1280px) 100vw, 1280px\" \/><\/p>\n<p>\u201cNuestra gesti\u00f3n tiene el compromiso de hacer cumplir la Ley de Tr\u00e1nsito. Vamos a trabajar de manera firme y permanente para que las normas sean respetadas por todos, porque el orden en las v\u00edas y la seguridad vial requieren del compromiso de las autoridades, pero tambi\u00e9n de cada conductor\u201d, expres\u00f3 M\u00e9ndez.<\/p>\n<p>Las autoridades del INTRANT y la DIGESETT dejaron establecido que mantendr\u00e1n una actuaci\u00f3n firme frente a los motociclistas y conductores en sentido general que incurran en violaciones a la Ley de Tr\u00e1nsito.<\/p>\n<p>Asimismo, anunciaron que los operativos tendr\u00e1n car\u00e1cter permanente, con el objetivo de fomentar el respeto a las disposiciones que regulan la circulaci\u00f3n en las v\u00edas p\u00fablicas y reducir las conductas que ponen en riesgo la seguridad de conductores, pasajeros y peatones.<\/p>\n<p>Las jornadas se han concentrado inicialmente en las principales calles y avenidas del Gran Santo Domingo donde se registran mayores vol\u00famenes de tr\u00e1nsito, y las autoridades informaron que estas acciones ser\u00e1n extendidas progresivamente a todo el territorio nacional.<\/p>\n<p>El INTRANT reiter\u00f3 que las medidas forman parte de los esfuerzos institucionales orientados a fortalecer el ordenamiento del tr\u00e1nsito, promover una conducci\u00f3n responsable y avanzar hacia una cultura de respeto a la ley y de mayor seguridad vial.<\/p>\n","protected":false},"excerpt":{"rendered":"<p>Santo Domingo.\u00a0El Instituto Nacional de Tr\u00e1nsito y Transporte Terrestre (INTRANT) y la Direcci\u00f3n General de Seguridad de Tr\u00e1nsito y Transporte Terrestre (DIGESETT) elevaron a 158 el n\u00famero de motociclistas fiscalizados durante los operativos conjuntos que desarrollan para fortalecer el cumplimiento de la Ley de Tr\u00e1nsito y contribuir a una movilidad m\u00e1s segura y ordenada. Durante &hellip;<\/p>\n","protected":false},"author":4,"featured_media":244730,"comment_status":"open","ping_status":"closed","sticky":false,"template":"","format":"standard","meta":{"_jetpack_newsletter_access":"","_jetpack_dont_email_post_to_subs":false,"_jetpack_newsletter_tier_id":0,"_jetpack_memberships_contains_paywalled_content":false,"_jetpack_feature_clip_id":0,"_jetpack_memberships_contains_paid_content":false,"footnotes":"","jetpack_publicize_message":"","jetpack_publicize_feature_enabled":true,"jetpack_social_post_already_shared":true,"jetpack_social_options":{"image_generator_settings":{"template":"highway","default_image_id":0,"font":"","enabled":false},"version":2},"jetpack_post_was_ever_published":false},"categories":[31],"tags":[],"class_list":["post-244729","post","type-post","status-publish","format-standard","has-post-thumbnail","hentry","category-nacionales"],"jetpack_publicize_connections":[],"jetpack_featured_media_url":"https:\/\/primicias.net\/web\/wp-content\/uploads\/2026\/09\/Foto-1-Intrant.jpeg","jetpack_sharing_enabled":true,"_links":{"self":[{"href":"https:\/\/primicias.net\/web\/wp-json\/wp\/v2\/posts\/244729","targetHints":{"allow":["GET"]}}],"collection":[{"href":"https:\/\/primicias.net\/web\/wp-json\/wp\/v2\/posts"}],"about":[{"href":"https:\/\/primicias.net\/web\/wp-json\/wp\/v2\/types\/post"}],"author":[{"embeddable":true,"href":"https:\/\/primicias.net\/web\/wp-json\/wp\/v2\/users\/4"}],"replies":[{"embeddable":true,"href":"https:\/\/primicias.net\/web\/wp-json\/wp\/v2\/comments?post=244729"}],"version-history":[{"count":1,"href":"https:\/\/primicias.net\/web\/wp-json\/wp\/v2\/posts\/244729\/revisions"}],"predecessor-version":[{"id":244734,"href":"https:\/\/primicias.net\/web\/wp-json\/wp\/v2\/posts\/244729\/revisions\/244734"}],"wp:featuredmedia":[{"embeddable":true,"href":"https:\/\/primicias.net\/web\/wp-json\/wp\/v2\/media\/244730"}],"wp:attachment":[{"href":"https:\/\/primicias.net\/web\/wp-json\/wp\/v2\/media?parent=244729"}],"wp:term":[{"taxonomy":"category","embeddable":true,"href":"https:\/\/primicias.net\/web\/wp-json\/wp\/v2\/categories?post=244729"},{"taxonomy":"post_tag","embeddable":true,"href":"https:\/\/primicias.net\/web\/wp-json\/wp\/v2\/tags?post=244729"}],"curies":[{"name":"wp","href":"https:\/\/api.w.org\/{rel}","templated":true}]}}