{"id":244725,"date":"2026-09-04T10:04:48","date_gmt":"2026-09-04T14:04:48","guid":{"rendered":"https:\/\/primicias.net\/web\/?p=244725"},"modified":"2026-09-04T10:04:48","modified_gmt":"2026-09-04T14:04:48","slug":"caei-y-jardin-botanico-nacional-ponen-en-marcha-plan-para-proteger-cuatro-especies-de-flora-amenazadas","status":"publish","type":"post","link":"https:\/\/primicias.net\/web\/caei-y-jardin-botanico-nacional-ponen-en-marcha-plan-para-proteger-cuatro-especies-de-flora-amenazadas\/","title":{"rendered":"CAEI y Jard\u00edn Bot\u00e1nico Nacional ponen en marcha plan para proteger cuatro especies de flora amenazadas"},"content":{"rendered":"<p style=\"font-weight: 400;\">El Jard\u00edn Bot\u00e1nico Nacional Dr. Rafael M. Moscoso (JBN) y el Consorcio Azucarero de Empresas Industriales (CAEI) suscribieron un acuerdo de colaboraci\u00f3n para desarrollar acciones orientadas a la conservaci\u00f3n de la biodiversidad dominicana, con \u00e9nfasis en la restauraci\u00f3n ecol\u00f3gica, propagaci\u00f3n de especies nativas y end\u00e9micas, reforestaci\u00f3n y educaci\u00f3n ambiental.<\/p>\n<p style=\"font-weight: 400;\">Como parte del acuerdo, ambas instituciones implementar\u00e1n un Programa para la Conservaci\u00f3n de Especies en Peligro de Extinci\u00f3n, que contempla la producci\u00f3n y establecimiento de 7,000 plantas en \u00e1reas estrat\u00e9gicas identificadas por CAEI. De este total, 1,000 corresponder\u00e1n a cuatro especies de flora seleccionadas: Cubanola domingensis, Goetzea ekmanii, Ziziphus rhodoxylon y Krugiodendron ferreum, mientras que los 6,000 restantes corresponder\u00e1n a otras especies aut\u00f3ctonas.<\/p>\n<p style=\"font-weight: 400;\">La iniciativa incluye la construcci\u00f3n de un vivero de especies end\u00e9micas y nativas en las instalaciones de CAEI, con el acompa\u00f1amiento t\u00e9cnico del JBN, como parte de las acciones destinadas a fortalecer la producci\u00f3n y propagaci\u00f3n de plantas para los procesos de restauraci\u00f3n y conservaci\u00f3n.<\/p>\n<p style=\"font-weight: 400;\">\u201cEsta alianza nos permite unir capacidades y conocimientos para avanzar en acciones concretas de conservaci\u00f3n de nuestra flora. Desde el Jard\u00edn Bot\u00e1nico Nacional estaremos aportando nuestra experiencia t\u00e9cnica en la identificaci\u00f3n, propagaci\u00f3n y establecimiento de estas especies, as\u00ed como en el monitoreo de las \u00e1reas intervenidas. Valoramos especialmente que este proyecto incluya la participaci\u00f3n de las comunidades, porque la conservaci\u00f3n es un compromiso que debemos construir entre todos\u201d, destac\u00f3 Pedro Su\u00e1rez, director general del JBN.<\/p>\n<p style=\"font-weight: 400;\">\u201cEn CAEI entendemos la sostenibilidad como una responsabilidad que se traduce en acciones concretas. Este acuerdo nos permite poner nuestras capacidades y nuestro territorio al servicio de la conservaci\u00f3n de especies de la flora dominicana, trabajando de la mano con una instituci\u00f3n especializada como el Jard\u00edn Bot\u00e1nico Nacional y promoviendo, adem\u00e1s, la participaci\u00f3n de nuestros colaboradores y las comunidades cercanas\u201d, afirm\u00f3 Benigno Trueba, vicepresidente Ejecutivo de CAEI.<\/p>\n<p><img loading=\"lazy\" decoding=\"async\" class=\"alignnone size-full wp-image-244726\" src=\"https:\/\/primicias.net\/web\/wp-content\/uploads\/2026\/09\/C6A4848.jpg\" alt=\"\" width=\"1280\" height=\"853\" srcset=\"https:\/\/primicias.net\/web\/wp-content\/uploads\/2026\/09\/C6A4848.jpg 1280w, https:\/\/primicias.net\/web\/wp-content\/uploads\/2026\/09\/C6A4848-300x200.jpg 300w, https:\/\/primicias.net\/web\/wp-content\/uploads\/2026\/09\/C6A4848-1024x682.jpg 1024w, https:\/\/primicias.net\/web\/wp-content\/uploads\/2026\/09\/C6A4848-768x512.jpg 768w\" sizes=\"auto, (max-width: 1280px) 100vw, 1280px\" \/><\/p>\n<p style=\"font-weight: 400;\">El proyecto tambi\u00e9n estar\u00e1 enfocado en el desarrollo de jornadas de siembra, mantenimiento y monitoreo, con el prop\u00f3sito de evaluar la supervivencia y el crecimiento de las plantas establecidas.<\/p>\n<p style=\"font-weight: 400;\">El Jard\u00edn Bot\u00e1nico Nacional (JBN), en coordinaci\u00f3n con los especialistas de CAEI, brindar\u00e1 el soporte t\u00e9cnico para fortalecer los procesos de identificaci\u00f3n, recolecci\u00f3n y propagaci\u00f3n de las especies seleccionadas como parte del programa de conservaci\u00f3n impulsado por CAEI. Ambas instituciones trabajar\u00e1n conjuntamente en la producci\u00f3n de plantas, las jornadas de reforestaci\u00f3n y el monitoreo de las \u00e1reas intervenidas.<\/p>\n<p style=\"font-weight: 400;\">Este esfuerzo conjunto permitir\u00e1, adem\u00e1s, documentar y generar una l\u00ednea base de informaci\u00f3n bot\u00e1nica y ecol\u00f3gica de las zonas intervenidas, que servir\u00e1 de referencia para el seguimiento de las acciones implementadas y la evoluci\u00f3n de las \u00e1reas restauradas.<\/p>\n<p style=\"font-weight: 400;\">Como parte de los componentes de educaci\u00f3n ambiental y participaci\u00f3n comunitaria, ambas instituciones desarrollar\u00e1n actividades de sensibilizaci\u00f3n dirigidas a los colaboradores de CAEI y a las comunidades aleda\u00f1as. Durante la primera fase del proyecto se prev\u00e9 la integraci\u00f3n de cinco comunidades locales, con el prop\u00f3sito de promover su participaci\u00f3n en las acciones de conservaci\u00f3n y restauraci\u00f3n ecol\u00f3gica.<\/p>\n<p style=\"font-weight: 400;\">El acuerdo fue rubricado por Pedro Su\u00e1rez, director general del Jard\u00edn Bot\u00e1nico Nacional, y Benigno Trueba, vicepresidente ejecutivo de CAEI, durante un acto celebrado en las oficinas del consorcio, con la participaci\u00f3n de directivos y representantes de ambas instituciones, personal t\u00e9cnico e invitados especiales.<\/p>\n<p style=\"font-weight: 400;\">La iniciativa se desarrolla en el marco de las celebraciones por el 50 aniversario de la fundaci\u00f3n del Jard\u00edn Bot\u00e1nico Nacional y reafirma la colaboraci\u00f3n entre ambas instituciones para contribuir a la protecci\u00f3n de la flora dominicana y la restauraci\u00f3n de ecosistemas mediante acciones concretas de conservaci\u00f3n, educaci\u00f3n y participaci\u00f3n comunitaria.<\/p>\n<p style=\"font-weight: 400;\"><strong>Sobre CAEI<\/strong><\/p>\n<p style=\"font-weight: 400;\">El Consorcio Azucarero de Empresas Industriales (CAEI), junto a sus empresas vinculadas La Finca Unidad, Endulzza del Caribe y San Pedro BioEnergy, conforma un modelo de econom\u00eda circular que transforma la ca\u00f1a de az\u00facar en az\u00facar, sus derivados y energ\u00eda renovable y sostenible.<\/p>\n<p style=\"font-weight: 400;\">CAEI forma parte del portafolio de activos administrados por Putney Capital Management, gestor afiliado de INICIA.<\/p>\n","protected":false},"excerpt":{"rendered":"<p>El Jard\u00edn Bot\u00e1nico Nacional Dr. Rafael M. Moscoso (JBN) y el Consorcio Azucarero de Empresas Industriales (CAEI) suscribieron un acuerdo de colaboraci\u00f3n para desarrollar acciones orientadas a la conservaci\u00f3n de la biodiversidad dominicana, con \u00e9nfasis en la restauraci\u00f3n ecol\u00f3gica, propagaci\u00f3n de especies nativas y end\u00e9micas, reforestaci\u00f3n y educaci\u00f3n ambiental. Como parte del acuerdo, ambas instituciones &hellip;<\/p>\n","protected":false},"author":4,"featured_media":244727,"comment_status":"open","ping_status":"closed","sticky":false,"template":"","format":"standard","meta":{"_jetpack_newsletter_access":"","_jetpack_dont_email_post_to_subs":false,"_jetpack_newsletter_tier_id":0,"_jetpack_memberships_contains_paywalled_content":false,"_jetpack_feature_clip_id":0,"_jetpack_memberships_contains_paid_content":false,"footnotes":"","jetpack_publicize_message":"","jetpack_publicize_feature_enabled":true,"jetpack_social_post_already_shared":true,"jetpack_social_options":{"image_generator_settings":{"template":"highway","default_image_id":0,"font":"","enabled":false},"version":2},"jetpack_post_was_ever_published":false},"categories":[31],"tags":[],"class_list":["post-244725","post","type-post","status-publish","format-standard","has-post-thumbnail","hentry","category-nacionales"],"jetpack_publicize_connections":[],"jetpack_featured_media_url":"https:\/\/primicias.net\/web\/wp-content\/uploads\/2026\/09\/Benigno-Trueba-y-Pedro-Suarez.jpg","jetpack_sharing_enabled":true,"_links":{"self":[{"href":"https:\/\/primicias.net\/web\/wp-json\/wp\/v2\/posts\/244725","targetHints":{"allow":["GET"]}}],"collection":[{"href":"https:\/\/primicias.net\/web\/wp-json\/wp\/v2\/posts"}],"about":[{"href":"https:\/\/primicias.net\/web\/wp-json\/wp\/v2\/types\/post"}],"author":[{"embeddable":true,"href":"https:\/\/primicias.net\/web\/wp-json\/wp\/v2\/users\/4"}],"replies":[{"embeddable":true,"href":"https:\/\/primicias.net\/web\/wp-json\/wp\/v2\/comments?post=244725"}],"version-history":[{"count":1,"href":"https:\/\/primicias.net\/web\/wp-json\/wp\/v2\/posts\/244725\/revisions"}],"predecessor-version":[{"id":244728,"href":"https:\/\/primicias.net\/web\/wp-json\/wp\/v2\/posts\/244725\/revisions\/244728"}],"wp:featuredmedia":[{"embeddable":true,"href":"https:\/\/primicias.net\/web\/wp-json\/wp\/v2\/media\/244727"}],"wp:attachment":[{"href":"https:\/\/primicias.net\/web\/wp-json\/wp\/v2\/media?parent=244725"}],"wp:term":[{"taxonomy":"category","embeddable":true,"href":"https:\/\/primicias.net\/web\/wp-json\/wp\/v2\/categories?post=244725"},{"taxonomy":"post_tag","embeddable":true,"href":"https:\/\/primicias.net\/web\/wp-json\/wp\/v2\/tags?post=244725"}],"curies":[{"name":"wp","href":"https:\/\/api.w.org\/{rel}","templated":true}]}}