{"id":244721,"date":"2026-09-04T10:00:27","date_gmt":"2026-09-04T14:00:27","guid":{"rendered":"https:\/\/primicias.net\/web\/?p=244721"},"modified":"2026-09-04T10:00:27","modified_gmt":"2026-09-04T14:00:27","slug":"sura-y-adosafi-promueven-una-gestion-integral-del-riesgo-para-fortalecer-la-rentabilidad-de-los-activos-inmobiliarios","status":"publish","type":"post","link":"https:\/\/primicias.net\/web\/sura-y-adosafi-promueven-una-gestion-integral-del-riesgo-para-fortalecer-la-rentabilidad-de-los-activos-inmobiliarios\/","title":{"rendered":"SURA y ADOSAFI promueven una gesti\u00f3n integral del riesgo para fortalecer la rentabilidad de los activos inmobiliarios"},"content":{"rendered":"<p style=\"font-weight: 400;\"><strong>Santo Domingo, Rep\u00fablica Dominicana. Septiembre 2026.\u00a0<\/strong>Con el objetivo de promover una visi\u00f3n m\u00e1s estrat\u00e9gica sobre la administraci\u00f3n de activos inmobiliarios generadores de renta, Seguros SURA y la Asociaci\u00f3n Dominicana de Sociedades Administradoras de Fondos de Inversi\u00f3n (ADOSAFI) realizaron el encuentro\u00a0<strong>\u201cActivos Inmobiliarios m\u00e1s rentables: c\u00f3mo gestionar los riesgos\u201d,<\/strong>\u00a0un espacio de di\u00e1logo dirigido a ejecutivos de las Administradoras de Fondos de Inversi\u00f3n (AFI) y los medios de comunicaci\u00f3n.<\/p>\n<p style=\"font-weight: 400;\">El evento abord\u00f3 los principales desaf\u00edos que enfrentan los inversionistas y administradores de activos en un entorno cada vez m\u00e1s din\u00e1mico, donde la rentabilidad no depende \u00fanicamente de la generaci\u00f3n de ingresos, sino tambi\u00e9n de la capacidad de protegerlos frente a riesgos financieros, legales y operativos.<\/p>\n<p style=\"font-weight: 400;\">Durante la jornada se desarrollaron temas relacionados con los nuevos retos jur\u00eddicos del mercado de alquileres, incluyendo la recuperaci\u00f3n de inmuebles, el manejo de conflictos, los riesgos legales m\u00e1s frecuentes y las tendencias regulatorias que impactan la administraci\u00f3n de activos generadores de renta. Asimismo, se analizaron los riesgos financieros asociados al incumplimiento de pagos, el deterioro de los inmuebles, el fraude documental y su impacto sobre los flujos esperados de inversi\u00f3n.<\/p>\n<p style=\"font-weight: 400;\">El encuentro tambi\u00e9n present\u00f3 una perspectiva integral de la protecci\u00f3n de los ingresos por renta, abordando aspectos como la adecuada selecci\u00f3n del inquilino, la prevenci\u00f3n y transferencia del riesgo, la continuidad del flujo financiero y el respaldo jur\u00eddico especializado para propietarios e inversionistas. Como parte de esta visi\u00f3n, los participantes conocieron\u00a0<strong>Garant\u00eda de Alquiler SURA,<\/strong>\u00a0una soluci\u00f3n dise\u00f1ada para respaldar a propietarios e inversionistas frente a los riesgos asociados a los contratos de arrendamiento, contribuyendo a proteger los ingresos por renta, reducir la exposici\u00f3n financiera y fortalecer la estabilidad de los activos inmobiliarios.<\/p>\n<figure id=\"attachment_244722\" aria-describedby=\"caption-attachment-244722\" style=\"width: 2560px\" class=\"wp-caption alignnone\"><img loading=\"lazy\" decoding=\"async\" class=\"size-full wp-image-244722\" src=\"https:\/\/primicias.net\/web\/wp-content\/uploads\/2026\/09\/FOTO-PRINCIPAL-2-Jose-Miranda-Arelis-Polanco-Santiago-Sicard-Gina-Jimenez-Carolyn-Perez-Juan-Alfredo-Regalado-scaled.jpeg\" alt=\"\" width=\"2560\" height=\"1707\" srcset=\"https:\/\/primicias.net\/web\/wp-content\/uploads\/2026\/09\/FOTO-PRINCIPAL-2-Jose-Miranda-Arelis-Polanco-Santiago-Sicard-Gina-Jimenez-Carolyn-Perez-Juan-Alfredo-Regalado-scaled.jpeg 2560w, https:\/\/primicias.net\/web\/wp-content\/uploads\/2026\/09\/FOTO-PRINCIPAL-2-Jose-Miranda-Arelis-Polanco-Santiago-Sicard-Gina-Jimenez-Carolyn-Perez-Juan-Alfredo-Regalado-300x200.jpeg 300w, https:\/\/primicias.net\/web\/wp-content\/uploads\/2026\/09\/FOTO-PRINCIPAL-2-Jose-Miranda-Arelis-Polanco-Santiago-Sicard-Gina-Jimenez-Carolyn-Perez-Juan-Alfredo-Regalado-1024x683.jpeg 1024w, https:\/\/primicias.net\/web\/wp-content\/uploads\/2026\/09\/FOTO-PRINCIPAL-2-Jose-Miranda-Arelis-Polanco-Santiago-Sicard-Gina-Jimenez-Carolyn-Perez-Juan-Alfredo-Regalado-768x512.jpeg 768w, https:\/\/primicias.net\/web\/wp-content\/uploads\/2026\/09\/FOTO-PRINCIPAL-2-Jose-Miranda-Arelis-Polanco-Santiago-Sicard-Gina-Jimenez-Carolyn-Perez-Juan-Alfredo-Regalado-1536x1024.jpeg 1536w, https:\/\/primicias.net\/web\/wp-content\/uploads\/2026\/09\/FOTO-PRINCIPAL-2-Jose-Miranda-Arelis-Polanco-Santiago-Sicard-Gina-Jimenez-Carolyn-Perez-Juan-Alfredo-Regalado-2048x1365.jpeg 2048w\" sizes=\"auto, (max-width: 2560px) 100vw, 2560px\" \/><figcaption id=\"caption-attachment-244722\" class=\"wp-caption-text\">Jose\u0301 Miranda, Arelis Polanco, Santiago Sicard, Gina Jime\u0301nez, Carolyn Pe\u0301rez, Juan Alfredo Regalado<\/figcaption><\/figure>\n<p style=\"font-weight: 400;\">En el marco del encuentro, se compartieron estrategias para fortalecer la gesti\u00f3n integral del riesgo a lo largo de todo el ciclo de administraci\u00f3n de un inmueble, desde la evaluaci\u00f3n y selecci\u00f3n de los inquilinos hasta la atenci\u00f3n de eventuales incumplimientos. Asimismo, se destac\u00f3 la importancia de combinar prevenci\u00f3n, respaldo jur\u00eddico especializado y transferencia del riesgo como pilares para la sostenibilidad de las inversiones y la continuidad de los ingresos por renta.<\/p>\n<p style=\"font-weight: 400;\">Como cierre del encuentro se desarroll\u00f3 el conversatorio ejecutivo\u00a0<strong>\u201cLa nueva ecuaci\u00f3n de la rentabilidad inmobiliaria\u201d<\/strong>, donde expertos analizaron c\u00f3mo la protecci\u00f3n de los ingresos se ha convertido en una variable tan importante como la generaci\u00f3n misma de rentabilidad, particularmente en un mercado que demanda cada vez mayor resiliencia y capacidad de adaptaci\u00f3n.<\/p>\n<p><em>\u00abLa rentabilidad de un activo inmobiliario no depende \u00fanicamente de su capacidad de generar ingresos, sino tambi\u00e9n de su capacidad de protegerlos. Hoy los inversionistas requieren herramientas que les permitan anticipar, mitigar y gestionar los riesgos que pueden afectar el desempe\u00f1o de sus activos y la estabilidad de sus flujos financieros. La gesti\u00f3n del riesgo debe ser vista como una herramienta para preservar valor y fortalecer la sostenibilidad de las inversiones a largo plazo\u00bb, destac\u00f3\u00a0<\/em>Carolyn P\u00e9rez, l\u00edder de Competitividad de Seguros SURA.<\/p>\n<p style=\"font-weight: 400;\">El encuentro se llev\u00f3 a cabo en el Hotel Intercontinental de Santo Domingo y reuni\u00f3 a representantes de los sectores financiero, inmobiliario y de inversi\u00f3n para intercambiar conocimientos, analizar tendencias y promover mejores pr\u00e1cticas orientadas a fortalecer la protecci\u00f3n de los activos y la sostenibilidad de los ingresos por renta.<\/p>\n","protected":false},"excerpt":{"rendered":"<p>Santo Domingo, Rep\u00fablica Dominicana. Septiembre 2026.\u00a0Con el objetivo de promover una visi\u00f3n m\u00e1s estrat\u00e9gica sobre la administraci\u00f3n de activos inmobiliarios generadores de renta, Seguros SURA y la Asociaci\u00f3n Dominicana de Sociedades Administradoras de Fondos de Inversi\u00f3n (ADOSAFI) realizaron el encuentro\u00a0\u201cActivos Inmobiliarios m\u00e1s rentables: c\u00f3mo gestionar los riesgos\u201d,\u00a0un espacio de di\u00e1logo dirigido a ejecutivos de las &hellip;<\/p>\n","protected":false},"author":4,"featured_media":244723,"comment_status":"open","ping_status":"closed","sticky":false,"template":"","format":"standard","meta":{"_jetpack_newsletter_access":"","_jetpack_dont_email_post_to_subs":false,"_jetpack_newsletter_tier_id":0,"_jetpack_memberships_contains_paywalled_content":false,"_jetpack_feature_clip_id":0,"_jetpack_memberships_contains_paid_content":false,"footnotes":"","jetpack_publicize_message":"","jetpack_publicize_feature_enabled":true,"jetpack_social_post_already_shared":true,"jetpack_social_options":{"image_generator_settings":{"template":"highway","default_image_id":0,"font":"","enabled":false},"version":2},"jetpack_post_was_ever_published":false},"categories":[52],"tags":[],"class_list":["post-244721","post","type-post","status-publish","format-standard","has-post-thumbnail","hentry","category-sociales"],"jetpack_publicize_connections":[],"jetpack_featured_media_url":"https:\/\/primicias.net\/web\/wp-content\/uploads\/2026\/09\/FOTO-PRINCIPAL-Jose-Miranda-Arelis-Polanco-Gina-Jimenez-Carolyn-Perez-Juan-Alfredo-Regalado-scaled.jpeg","jetpack_sharing_enabled":true,"_links":{"self":[{"href":"https:\/\/primicias.net\/web\/wp-json\/wp\/v2\/posts\/244721","targetHints":{"allow":["GET"]}}],"collection":[{"href":"https:\/\/primicias.net\/web\/wp-json\/wp\/v2\/posts"}],"about":[{"href":"https:\/\/primicias.net\/web\/wp-json\/wp\/v2\/types\/post"}],"author":[{"embeddable":true,"href":"https:\/\/primicias.net\/web\/wp-json\/wp\/v2\/users\/4"}],"replies":[{"embeddable":true,"href":"https:\/\/primicias.net\/web\/wp-json\/wp\/v2\/comments?post=244721"}],"version-history":[{"count":1,"href":"https:\/\/primicias.net\/web\/wp-json\/wp\/v2\/posts\/244721\/revisions"}],"predecessor-version":[{"id":244724,"href":"https:\/\/primicias.net\/web\/wp-json\/wp\/v2\/posts\/244721\/revisions\/244724"}],"wp:featuredmedia":[{"embeddable":true,"href":"https:\/\/primicias.net\/web\/wp-json\/wp\/v2\/media\/244723"}],"wp:attachment":[{"href":"https:\/\/primicias.net\/web\/wp-json\/wp\/v2\/media?parent=244721"}],"wp:term":[{"taxonomy":"category","embeddable":true,"href":"https:\/\/primicias.net\/web\/wp-json\/wp\/v2\/categories?post=244721"},{"taxonomy":"post_tag","embeddable":true,"href":"https:\/\/primicias.net\/web\/wp-json\/wp\/v2\/tags?post=244721"}],"curies":[{"name":"wp","href":"https:\/\/api.w.org\/{rel}","templated":true}]}}