{"id":244716,"date":"2026-09-04T09:51:59","date_gmt":"2026-09-04T13:51:59","guid":{"rendered":"https:\/\/primicias.net\/web\/?p=244716"},"modified":"2026-09-04T09:51:59","modified_gmt":"2026-09-04T13:51:59","slug":"ministerio-de-cultura-y-sard-presentan-la-xiii-bienal-internacional-de-arquitectura-y-urbanismo-que-se-celebrara-en-noviembre","status":"publish","type":"post","link":"https:\/\/primicias.net\/web\/ministerio-de-cultura-y-sard-presentan-la-xiii-bienal-internacional-de-arquitectura-y-urbanismo-que-se-celebrara-en-noviembre\/","title":{"rendered":"Ministerio de Cultura y SARD presentan la XIII Bienal Internacional de Arquitectura y Urbanismo, que se celebrar\u00e1 en noviembre"},"content":{"rendered":"<p><strong>Santo Domingo, D.N.\u2013<\/strong>\u00a0El Ministerio de Cultura de la Rep\u00fablica Dominicana y la Sociedad de Arquitectos de la Rep\u00fablica Dominicana (SARD) presentaron oficialmente la\u00a0<strong>XIII Bienal Internacional de Arquitectura y Urbanismo de la Rep\u00fablica Dominicana (BIAURD 2026)<\/strong>, que se celebrar\u00e1 los d\u00edas 19, 20 y 21 de noviembre, bajo el lema \u201cTRANSVERSO: Di\u00e1logos que conectan en todas las dimensiones\u201d.<\/p>\n<p>La nueva edici\u00f3n del principal encuentro nacional dedicado a la arquitectura y el urbanismo tendr\u00e1 como eje general la innovaci\u00f3n, tecnolog\u00eda e identidad\u201d y estar\u00e1 dedicada al destacado arquitecto dominicano Pedro Borrell, en reconocimiento a su trayectoria y a sus aportes al desarrollo de la arquitectura nacional.<\/p>\n<p>El lanzamiento estuvo encabezado por el viceministro de Patrimonio Cultural, se\u00f1or Gamal Michel\u00e9n, y la presidenta de la Sociedad de Arquitectos de la Rep\u00fablica Dominicana, Lucirys Mateo, quienes ofrecieron detalles sobre la programaci\u00f3n, las novedades y los principales componentes de esta edici\u00f3n.<\/p>\n<p>La BIAURD 2026 se plantea como un espacio para analizar y debatir los desaf\u00edos que atraviesan la arquitectura y el territorio en la actualidad, incluyendo el crecimiento urbano, la transformaci\u00f3n del paisaje, la vivienda, la movilidad, el patrimonio, la resiliencia clim\u00e1tica, la tecnolog\u00eda y la construcci\u00f3n de una visi\u00f3n territorial de futuro.<\/p>\n<figure id=\"attachment_244719\" aria-describedby=\"caption-attachment-244719\" style=\"width: 1280px\" class=\"wp-caption alignnone\"><img loading=\"lazy\" decoding=\"async\" class=\"size-full wp-image-244719\" src=\"https:\/\/primicias.net\/web\/wp-content\/uploads\/2026\/09\/2.Oliver-Severino-y-Francesco-Gravina.jpg\" alt=\"\" width=\"1280\" height=\"853\" srcset=\"https:\/\/primicias.net\/web\/wp-content\/uploads\/2026\/09\/2.Oliver-Severino-y-Francesco-Gravina.jpg 1280w, https:\/\/primicias.net\/web\/wp-content\/uploads\/2026\/09\/2.Oliver-Severino-y-Francesco-Gravina-300x200.jpg 300w, https:\/\/primicias.net\/web\/wp-content\/uploads\/2026\/09\/2.Oliver-Severino-y-Francesco-Gravina-1024x682.jpg 1024w, https:\/\/primicias.net\/web\/wp-content\/uploads\/2026\/09\/2.Oliver-Severino-y-Francesco-Gravina-768x512.jpg 768w\" sizes=\"auto, (max-width: 1280px) 100vw, 1280px\" \/><figcaption id=\"caption-attachment-244719\" class=\"wp-caption-text\">Oliver Severino y Francesco Gravina<\/figcaption><\/figure>\n<p><strong>El Salvador, pa\u00eds invitado de honor<\/strong><\/p>\n<p>Uno de los elementos destacados de esta edici\u00f3n ser\u00e1 la participaci\u00f3n de El Salvador como pa\u00eds invitado de honor, con el prop\u00f3sito de ampliar el di\u00e1logo regional entre el Caribe y Centroam\u00e9rica en torno a los desaf\u00edos que comparten sus territorios.<\/p>\n<p>La participaci\u00f3n estar\u00e1 articulada bajo la l\u00ednea \u201cDel Caribe a Centroam\u00e9rica: territorios conectados por la memoria y la transformaci\u00f3n\u201d, que propone abordar temas relacionados con la vulnerabilidad clim\u00e1tica, la presi\u00f3n urbana y la identidad cultural.<\/p>\n<figure id=\"attachment_244717\" aria-describedby=\"caption-attachment-244717\" style=\"width: 1280px\" class=\"wp-caption alignnone\"><img loading=\"lazy\" decoding=\"async\" class=\"size-full wp-image-244717\" src=\"https:\/\/primicias.net\/web\/wp-content\/uploads\/2026\/09\/3.Yermys-Pena-Adis-Ozuna-y-Karen-Troncoso.jpg\" alt=\"\" width=\"1280\" height=\"898\" srcset=\"https:\/\/primicias.net\/web\/wp-content\/uploads\/2026\/09\/3.Yermys-Pena-Adis-Ozuna-y-Karen-Troncoso.jpg 1280w, https:\/\/primicias.net\/web\/wp-content\/uploads\/2026\/09\/3.Yermys-Pena-Adis-Ozuna-y-Karen-Troncoso-300x210.jpg 300w, https:\/\/primicias.net\/web\/wp-content\/uploads\/2026\/09\/3.Yermys-Pena-Adis-Ozuna-y-Karen-Troncoso-1024x718.jpg 1024w, https:\/\/primicias.net\/web\/wp-content\/uploads\/2026\/09\/3.Yermys-Pena-Adis-Ozuna-y-Karen-Troncoso-768x539.jpg 768w\" sizes=\"auto, (max-width: 1280px) 100vw, 1280px\" \/><figcaption id=\"caption-attachment-244717\" class=\"wp-caption-text\">Yermys Pen\u0303a, Adis Ozuna y Karen Troncoso<\/figcaption><\/figure>\n<p><strong>Un certamen que ampl\u00eda sus perspectivas<\/strong><\/p>\n<p>Como parte de la XIII BIAURD se presentaron tambi\u00e9n las bases del concurso y sus \u00e1reas de evaluaci\u00f3n, que abarcan diversas expresiones de la pr\u00e1ctica arquitect\u00f3nica y urbana.<\/p>\n<p>Entre las categor\u00edas se encuentran Arquitectura construida; Urbanismo y planificaci\u00f3n territorial; Espacio p\u00fablico y paisaje; Vivienda y h\u00e1bitat; Patrimonio, memoria e identidad; Arquitectura sostenible y resiliente; Investigaci\u00f3n, teor\u00eda y cr\u00edtica; Innovaci\u00f3n tecnol\u00f3gica y procesos experimentales; y Arquitectura joven o emergente.<\/p>\n<p>La organizaci\u00f3n dar\u00e1 a conocer las fechas correspondientes a la postulaci\u00f3n de obras arquitect\u00f3nicas, urbanas y paisaj\u00edsticas, as\u00ed como los detalles del proceso de participaci\u00f3n.<\/p>\n<p>De acuerdo con la presidenta de la SARD, esta edici\u00f3n parte de la idea de que los grandes desaf\u00edos contempor\u00e1neos se manifiestan simult\u00e1neamente en m\u00faltiples dimensiones: el territorio, la ciudad, el paisaje, la vivienda, la infraestructura, la cultura, la tecnolog\u00eda, el clima y la vida cotidiana.<\/p>\n<p>En ese sentido, explic\u00f3 que el concepto \u201cTRANSVERSO\u201d busca propiciar conexiones entre distintas realidades y disciplinas, entendiendo la arquitectura y el urbanismo como herramientas para interpretar y transformar el entorno.<\/p>\n<p><strong>\u00a0<\/strong><\/p>\n<p><strong>Una plataforma para el di\u00e1logo y el pensamiento<\/strong><\/p>\n<p>La XIII Bienal Internacional de Arquitectura y Urbanismo de la Rep\u00fablica Dominicana aspira a consolidarse como una plataforma de exhibici\u00f3n, pensamiento cr\u00edtico, debate e intercambio, as\u00ed como un espacio para proyectar las pr\u00e1cticas arquitect\u00f3nicas y urbanas dominicanas hacia el \u00e1mbito regional.<\/p>\n<p>La edici\u00f3n 2026 incorpora adem\u00e1s nuevas iniciativas orientadas a fortalecer el alcance del certamen y contribuir a su reposicionamiento como referente regional.<\/p>\n<p>Con la celebraci\u00f3n de la BIAURD 2026, el Ministerio de Cultura y la Sociedad de Arquitectos de la Rep\u00fablica Dominicana reafirman su compromiso con la promoci\u00f3n de la arquitectura, el urbanismo y la reflexi\u00f3n sobre los procesos de transformaci\u00f3n del territorio y las ciudades.<\/p>\n<p>La XIII Bienal Internacional de Arquitectura y Urbanismo de la Rep\u00fablica Dominicana se celebrar\u00e1 los d\u00edas 19, 20 y 21 de noviembre de 2026, con una programaci\u00f3n que reunir\u00e1 a profesionales, acad\u00e9micos, estudiantes, investigadores y representantes de distintos sectores vinculados a la arquitectura y el desarrollo urbano.<\/p>\n<p>En el acto de lanzamiento tambi\u00e9n estuvieron presentes el director del Museo de Arte Moderno, Federico Fondeur; el presidente del Colegio Dominicano de Ingenieros, Arquitectos y Agrimensores (Codia), George Richardson; Addis Ozuna, expresidenta de la SARD, as\u00ed los arquitectos Omar Ranciel y Hermel Gonz\u00e1lez.<\/p>\n<p>As\u00ed como directores de escuelas de arquitectura, urbanistas, paisajistas,\u00a0 profesionales de las industrias creativas y miembros de la Sociedad de Arquitectos de Rep\u00fablica Dominicana.<\/p>\n","protected":false},"excerpt":{"rendered":"<p>Santo Domingo, D.N.\u2013\u00a0El Ministerio de Cultura de la Rep\u00fablica Dominicana y la Sociedad de Arquitectos de la Rep\u00fablica Dominicana (SARD) presentaron oficialmente la\u00a0XIII Bienal Internacional de Arquitectura y Urbanismo de la Rep\u00fablica Dominicana (BIAURD 2026), que se celebrar\u00e1 los d\u00edas 19, 20 y 21 de noviembre, bajo el lema \u201cTRANSVERSO: Di\u00e1logos que conectan en todas &hellip;<\/p>\n","protected":false},"author":4,"featured_media":244718,"comment_status":"open","ping_status":"closed","sticky":false,"template":"","format":"standard","meta":{"_jetpack_newsletter_access":"","_jetpack_dont_email_post_to_subs":false,"_jetpack_newsletter_tier_id":0,"_jetpack_memberships_contains_paywalled_content":false,"_jetpack_feature_clip_id":0,"_jetpack_memberships_contains_paid_content":false,"footnotes":"","jetpack_publicize_message":"","jetpack_publicize_feature_enabled":true,"jetpack_social_post_already_shared":true,"jetpack_social_options":{"image_generator_settings":{"template":"highway","default_image_id":0,"font":"","enabled":false},"version":2},"jetpack_post_was_ever_published":false},"categories":[52],"tags":[],"class_list":["post-244716","post","type-post","status-publish","format-standard","has-post-thumbnail","hentry","category-sociales"],"jetpack_publicize_connections":[],"jetpack_featured_media_url":"https:\/\/primicias.net\/web\/wp-content\/uploads\/2026\/09\/1-Lucirys-Mateo-Pedro-Borrell-Gamal-Michelen-Joan-Ferrer-y-Federico-Fondeur.jpg","jetpack_sharing_enabled":true,"_links":{"self":[{"href":"https:\/\/primicias.net\/web\/wp-json\/wp\/v2\/posts\/244716","targetHints":{"allow":["GET"]}}],"collection":[{"href":"https:\/\/primicias.net\/web\/wp-json\/wp\/v2\/posts"}],"about":[{"href":"https:\/\/primicias.net\/web\/wp-json\/wp\/v2\/types\/post"}],"author":[{"embeddable":true,"href":"https:\/\/primicias.net\/web\/wp-json\/wp\/v2\/users\/4"}],"replies":[{"embeddable":true,"href":"https:\/\/primicias.net\/web\/wp-json\/wp\/v2\/comments?post=244716"}],"version-history":[{"count":1,"href":"https:\/\/primicias.net\/web\/wp-json\/wp\/v2\/posts\/244716\/revisions"}],"predecessor-version":[{"id":244720,"href":"https:\/\/primicias.net\/web\/wp-json\/wp\/v2\/posts\/244716\/revisions\/244720"}],"wp:featuredmedia":[{"embeddable":true,"href":"https:\/\/primicias.net\/web\/wp-json\/wp\/v2\/media\/244718"}],"wp:attachment":[{"href":"https:\/\/primicias.net\/web\/wp-json\/wp\/v2\/media?parent=244716"}],"wp:term":[{"taxonomy":"category","embeddable":true,"href":"https:\/\/primicias.net\/web\/wp-json\/wp\/v2\/categories?post=244716"},{"taxonomy":"post_tag","embeddable":true,"href":"https:\/\/primicias.net\/web\/wp-json\/wp\/v2\/tags?post=244716"}],"curies":[{"name":"wp","href":"https:\/\/api.w.org\/{rel}","templated":true}]}}