{"id":244699,"date":"2026-09-03T16:54:48","date_gmt":"2026-09-03T20:54:48","guid":{"rendered":"https:\/\/primicias.net\/web\/?p=244699"},"modified":"2026-09-03T16:55:22","modified_gmt":"2026-09-03T20:55:22","slug":"micm-revelala-republica-dominicana-sale-victoriosa-en-arbitraje-internacional-de-mas-de-us100-millones","status":"publish","type":"post","link":"https:\/\/primicias.net\/web\/micm-revelala-republica-dominicana-sale-victoriosa-en-arbitraje-internacional-de-mas-de-us100-millones\/","title":{"rendered":"MICM revela:La Rep\u00fablica Dominicana sale victoriosa en arbitraje internacional de m\u00e1s de US$100 millones"},"content":{"rendered":"<div><i>El Tribunal Arbitral desestim\u00f3 en su totalidad las reclamaciones, superiores a los US$100 millones, derivadas de la terminaci\u00f3n del contrato de recolecci\u00f3n de residuos s\u00f3lidos del Ayuntamiento de Santo Domingo Este.<\/i><\/div>\n<div><b>Santo Domingo, Rep\u00fablica Dominicana \u2013 3 de septiembre de 2026. &#8211;\u00a0<\/b>\u00a0La Rep\u00fablica Dominicana obtuvo una decisi\u00f3n enteramente favorable en el arbitraje internacional iniciado en su contra por el se\u00f1or Yves Martine Garnier, al amparo del Acuerdo entre el Gobierno de la Rep\u00fablica Francesa y el Gobierno de la Rep\u00fablica Dominicana sobre Promoci\u00f3n y Protecci\u00f3n Rec\u00edproca de Inversiones, del 14 de enero de 1999. Mediante laudo dictado el 19 de agosto de 2026, el Tribunal Arbitral desestim\u00f3 la totalidad de las pretensiones del demandante, que ascend\u00edan a m\u00e1s de US$100 millones, equivalentes a m\u00e1s de 5,882 millones de pesos, a la tasa de cambio actual. <img loading=\"lazy\" decoding=\"async\" class=\"alignnone size-medium wp-image-244700\" src=\"https:\/\/primicias.net\/web\/wp-content\/uploads\/2026\/09\/Sede-del-Ministerio-de-Industria-Comercio-y-Mipymes-300x195.jpg\" alt=\"\" width=\"300\" height=\"195\" srcset=\"https:\/\/primicias.net\/web\/wp-content\/uploads\/2026\/09\/Sede-del-Ministerio-de-Industria-Comercio-y-Mipymes-300x195.jpg 300w, https:\/\/primicias.net\/web\/wp-content\/uploads\/2026\/09\/Sede-del-Ministerio-de-Industria-Comercio-y-Mipymes-1024x664.jpg 1024w, https:\/\/primicias.net\/web\/wp-content\/uploads\/2026\/09\/Sede-del-Ministerio-de-Industria-Comercio-y-Mipymes-768x498.jpg 768w, https:\/\/primicias.net\/web\/wp-content\/uploads\/2026\/09\/Sede-del-Ministerio-de-Industria-Comercio-y-Mipymes-1536x996.jpg 1536w, https:\/\/primicias.net\/web\/wp-content\/uploads\/2026\/09\/Sede-del-Ministerio-de-Industria-Comercio-y-Mipymes-2048x1328.jpg 2048w\" sizes=\"auto, (max-width: 300px) 100vw, 300px\" \/><\/div>\n<div><\/div>\n<div>El procedimiento, iniciado el 4 de octubre de 2021 conforme al art\u00edculo 7 del referido acuerdo y administrado por la Corte Permanente de Arbitraje bajo el caso n\u00fam. 2022-01, tuvo su origen en la terminaci\u00f3n del contrato de concesi\u00f3n para la gesti\u00f3n y recolecci\u00f3n de residuos s\u00f3lidos suscrito entre EGTT Dominicana, S.A., empresa del demandante, y el Ayuntamiento del municipio Santo Domingo Este.<\/div>\n<div><\/div>\n<div>El Tribunal determin\u00f3 que la terminaci\u00f3n del contrato de concesi\u00f3n fue v\u00e1lida conforme al derecho dominicano, en raz\u00f3n de las deficiencias de EGTT Dominicana en la prestaci\u00f3n del servicio, y que los hechos alegados por el demandante no alcanzaban el est\u00e1ndar exigido para configurar una violaci\u00f3n de las obligaciones internacionales asumidas por el Estado dominicano en virtud del tratado.<\/div>\n<div><\/div>\n<div>\u00abLa defensa del Estado no es \u00fanicamente la defensa del erario: es la defensa de la seriedad con la que este pa\u00eds honra sus compromisos. La Rep\u00fablica Dominicana cumple sus obligaciones frente a los inversionistas extranjeros y, precisamente por ello, sostiene con firmeza sus posiciones cuando una reclamaci\u00f3n carece de fundamento\u00bb, expres\u00f3 el ministro de Industria, Comercio y Mipymes, Yayo Sanz Lovat\u00f3n.<\/div>\n<div><\/div>\n<div>La defensa de la Rep\u00fablica Dominicana fue coordinada originalmente por el Ministerio de Industria, Comercio y Mipymes (MICM), junto al Gobierno de la Municipalidad de Santo Domingo Este, a la cual se sum\u00f3 posteriormente el Ministerio de Justicia, entidad que en virtud de la Ley n\u00fam. 80-25, tendr\u00e1 la representaci\u00f3n del Estado en los arbitrajes de inversi\u00f3n. El Estado dominicano cont\u00f3 con la asistencia de la firma internacional Foley Hoag LLP, a trav\u00e9s de su oficina de Washington, D.C.<\/div>\n<div><\/div>\n<div>Este resultado se inscribe dentro de la pol\u00edtica de defensa activa del Estado dominicano en materia de arbitraje de inversi\u00f3n, orientada a proteger los recursos p\u00fablicos y a preservar el clima de seguridad jur\u00eddica que sustenta la inversi\u00f3n extranjera en el pa\u00eds<\/div>\n","protected":false},"excerpt":{"rendered":"<p>El Tribunal Arbitral desestim\u00f3 en su totalidad las reclamaciones, superiores a los US$100 millones, derivadas de la terminaci\u00f3n del contrato de recolecci\u00f3n de residuos s\u00f3lidos del Ayuntamiento de Santo Domingo Este. Santo Domingo, Rep\u00fablica Dominicana \u2013 3 de septiembre de 2026. &#8211;\u00a0\u00a0La Rep\u00fablica Dominicana obtuvo una decisi\u00f3n enteramente favorable en el arbitraje internacional iniciado en &hellip;<\/p>\n","protected":false},"author":8,"featured_media":244700,"comment_status":"open","ping_status":"closed","sticky":false,"template":"","format":"standard","meta":{"_jetpack_newsletter_access":"","_jetpack_dont_email_post_to_subs":false,"_jetpack_newsletter_tier_id":0,"_jetpack_memberships_contains_paywalled_content":false,"_jetpack_feature_clip_id":0,"_jetpack_memberships_contains_paid_content":false,"footnotes":"","jetpack_publicize_message":"","jetpack_publicize_feature_enabled":true,"jetpack_social_post_already_shared":true,"jetpack_social_options":{"image_generator_settings":{"template":"highway","default_image_id":0,"font":"","enabled":false},"version":2},"jetpack_post_was_ever_published":false},"categories":[35,1],"tags":[],"class_list":["post-244699","post","type-post","status-publish","format-standard","has-post-thumbnail","hentry","category-economia-arte","category-noticias"],"jetpack_publicize_connections":[],"jetpack_featured_media_url":"https:\/\/primicias.net\/web\/wp-content\/uploads\/2026\/09\/Sede-del-Ministerio-de-Industria-Comercio-y-Mipymes-scaled.jpg","jetpack_sharing_enabled":true,"_links":{"self":[{"href":"https:\/\/primicias.net\/web\/wp-json\/wp\/v2\/posts\/244699","targetHints":{"allow":["GET"]}}],"collection":[{"href":"https:\/\/primicias.net\/web\/wp-json\/wp\/v2\/posts"}],"about":[{"href":"https:\/\/primicias.net\/web\/wp-json\/wp\/v2\/types\/post"}],"author":[{"embeddable":true,"href":"https:\/\/primicias.net\/web\/wp-json\/wp\/v2\/users\/8"}],"replies":[{"embeddable":true,"href":"https:\/\/primicias.net\/web\/wp-json\/wp\/v2\/comments?post=244699"}],"version-history":[{"count":1,"href":"https:\/\/primicias.net\/web\/wp-json\/wp\/v2\/posts\/244699\/revisions"}],"predecessor-version":[{"id":244701,"href":"https:\/\/primicias.net\/web\/wp-json\/wp\/v2\/posts\/244699\/revisions\/244701"}],"wp:featuredmedia":[{"embeddable":true,"href":"https:\/\/primicias.net\/web\/wp-json\/wp\/v2\/media\/244700"}],"wp:attachment":[{"href":"https:\/\/primicias.net\/web\/wp-json\/wp\/v2\/media?parent=244699"}],"wp:term":[{"taxonomy":"category","embeddable":true,"href":"https:\/\/primicias.net\/web\/wp-json\/wp\/v2\/categories?post=244699"},{"taxonomy":"post_tag","embeddable":true,"href":"https:\/\/primicias.net\/web\/wp-json\/wp\/v2\/tags?post=244699"}],"curies":[{"name":"wp","href":"https:\/\/api.w.org\/{rel}","templated":true}]}}