{"id":244683,"date":"2026-09-03T16:36:50","date_gmt":"2026-09-03T20:36:50","guid":{"rendered":"https:\/\/primicias.net\/web\/?p=244683"},"modified":"2026-09-03T16:36:50","modified_gmt":"2026-09-03T20:36:50","slug":"bukele-y-el-presupuesto-educativo-salvadoreno","status":"publish","type":"post","link":"https:\/\/primicias.net\/web\/bukele-y-el-presupuesto-educativo-salvadoreno\/","title":{"rendered":"Bukele y el presupuesto educativo salvadore\u00f1o"},"content":{"rendered":"<p><strong>POR JUAN CRUZ TRIFFOLIO<\/strong><\/p>\n<p><strong>Soci\u00f3logo \u2013 Comunicador Dominicano<\/strong><\/p>\n<p><a href=\"mailto:triffolio@gmail.com\"><strong>triffolio@gmail.com<\/strong><\/a><\/p>\n<p><img loading=\"lazy\" decoding=\"async\" class=\"alignnone size-medium wp-image-244685\" src=\"https:\/\/primicias.net\/web\/wp-content\/uploads\/2026\/09\/Juan-Cruz-Triffolio-Sociologo-Comunicador-Dominicano-1-257x300.jpeg\" alt=\"\" width=\"257\" height=\"300\" srcset=\"https:\/\/primicias.net\/web\/wp-content\/uploads\/2026\/09\/Juan-Cruz-Triffolio-Sociologo-Comunicador-Dominicano-1-257x300.jpeg 257w, https:\/\/primicias.net\/web\/wp-content\/uploads\/2026\/09\/Juan-Cruz-Triffolio-Sociologo-Comunicador-Dominicano-1-768x898.jpeg 768w, https:\/\/primicias.net\/web\/wp-content\/uploads\/2026\/09\/Juan-Cruz-Triffolio-Sociologo-Comunicador-Dominicano-1.jpeg 876w\" sizes=\"auto, (max-width: 257px) 100vw, 257px\" \/><\/p>\n<p><strong>\u00a0<\/strong><\/p>\n<p>En medio de las acentuadas cr\u00edticas por la militarizaci\u00f3n y redadas policiales en las escuelas el pol\u00e9mico presidente Nayib Bukele promete el 8% del PIB para educaci\u00f3n p\u00fablica en El Salvador.<img loading=\"lazy\" decoding=\"async\" class=\"alignnone size-medium wp-image-244684\" src=\"https:\/\/primicias.net\/web\/wp-content\/uploads\/2026\/09\/Nayib-Bukele-Presidente-Republica-de-El-Salvador-225x300.jpg\" alt=\"\" width=\"225\" height=\"300\" srcset=\"https:\/\/primicias.net\/web\/wp-content\/uploads\/2026\/09\/Nayib-Bukele-Presidente-Republica-de-El-Salvador-225x300.jpg 225w, https:\/\/primicias.net\/web\/wp-content\/uploads\/2026\/09\/Nayib-Bukele-Presidente-Republica-de-El-Salvador-767x1024.jpg 767w, https:\/\/primicias.net\/web\/wp-content\/uploads\/2026\/09\/Nayib-Bukele-Presidente-Republica-de-El-Salvador-768x1025.jpg 768w, https:\/\/primicias.net\/web\/wp-content\/uploads\/2026\/09\/Nayib-Bukele-Presidente-Republica-de-El-Salvador.jpg 1104w\" sizes=\"auto, (max-width: 225px) 100vw, 225px\" \/><\/p>\n<p>De entrada, se trata de un compromiso noble y ejemplarizador que, adem\u00e1s, marcar\u00eda un precedente formidable a nivel latinoamericano.<\/p>\n<p>Una inversi\u00f3n econ\u00f3mica superior a los tres mil millones de d\u00f3lares al a\u00f1o, significar\u00eda el triple de lo que invirtieron los gobiernos anteriores.<\/p>\n<p>Aparentemente, en inter\u00e9s de imprimirle a su promesa un sello de transparencia, el joven mandatario resalta que su Gobierno publicar\u00eda el desglose detallado del presupuesto, permitiendo a cualquier opositor, periodista y curioso medir su aplicaci\u00f3n.<\/p>\n<p>En consecuencia, se deduce que tanto en la forma que se realizar\u00eda el incremento, c\u00f3mo en el monto a ser designado y la manera en que ser\u00e1 fiscalizada su aplicaci\u00f3n, lo anunciado parecer\u00e1 totalmente distinto a lo ocurrido con el 4 por ciento para el sector educativo que hace unos a\u00f1os fue cacareado en la Rep\u00fablica Dominicana, con resultados de ineficiencias inaceptables.<\/p>\n<p>Vale tambi\u00e9n destacar que el expresivo gobernante salvadore\u00f1o prometi\u00f3 que repartir\u00e1 unas\u00a030 mil\u00a0becas sin importar que la oposici\u00f3n asimile la nueva pol\u00edtica estatal como una especie de ba\u00f1o de masas al dar a conocer su ofrecimiento frente a unos 50.000 estudiantes de secundaria.<\/p>\n<p>De igual modo, poco ha impactado que el sector de la oposici\u00f3n gubernamental, encabezada por Francisco Zelada, secretario general del Sindicato de Maestras y Maestros de la Educaci\u00f3n P\u00fablica, haya considerado que el cumplimiento de lo referido requerir\u00e1 \u201cun milagro econ\u00f3mico\u201d porque supuestamente carece de viabilidad financiera.<\/p>\n<p>Bukele insiste, con aparente fundamento, en que El Salvador pasar\u00e1 a ser \u201cel pa\u00eds que m\u00e1s invierte en educaci\u00f3n de Latinoam\u00e9rica\u201d, promete las puertas abiertas de la universidad y ha trasladado a los centros escolares la pol\u00edtica de mano dura que caracteriza su gesti\u00f3n, cimentada en la militarizaci\u00f3n y el control policial, obviando los clamores externados por sus adversarios.<\/p>\n<p>En el \u00faltimo a\u00f1o, el aguerrido y locuaz mandatario salvadore\u00f1o nombr\u00f3 al frente del Ministerio de Educaci\u00f3n a Karla Trigueros, una militar de carrera, procediendo de inmediato a eliminar los contenidos de equidad de g\u00e9nero, impuso un r\u00e9gimen disciplinario castrense de corte de pelo, restablecimiento de la higiene personal y la disciplina en los planteles educativos, al tiempo que aval\u00f3 las incursiones policiales que en algunas ocasiones ha derivado en la detenci\u00f3n de decenas de estudiantes.<\/p>\n<p>En pocas palabras, entre sus primeras medidas, la ministra Trigueros estableci\u00f3 normas de disciplina militar: cabello corto, uniforme impecable y la obligatoriedad de modales estrictos.<\/p>\n<p>Tambi\u00e9n se impuso un sistema de faltas: si un joven acumula 15 faltas en un a\u00f1o, reprueba de inmediato, independientemente de sus calificaciones.<\/p>\n<p>Como resultado del nuevo modelo educativo puesto vigencia por la gesti\u00f3n gubernamental encabezada por Nayib Bukele, en junio de 2025, la Fiscal\u00eda y la Polic\u00eda realizaron redadas simult\u00e1neas en cuatro institutos de bachillerato y arrestaron a 48 estudiantes (34 adultos y 14 menores), se\u00f1alados de intentar conformar una nueva estructura criminal llamada \u201cLa Raza\u201d.<\/p>\n<p>Como parec\u00eda esperarse, la oposici\u00f3n no perdi\u00f3 tiempo ni energ\u00eda en aprovechar la situaci\u00f3n para hacer sentir retumbar sus tambores de protesta, s\u00f3lo que sin lograr cristalizar sus reales prop\u00f3sitos.<\/p>\n<p>No hay dudas de que El Salvador est\u00e1 viviendo una novedosa experiencia en el \u00e1rea educativa, agridulce, con sus altas y bajas, tal como ha ocurrido con su sistema penitenciario, pero, sin dejar de ser interesante como respuesta a realidades sociales que urgen ser sometidas, al igual que en otros pa\u00edses de la regi\u00f3n, a un verdadero proceso de reingenier\u00eda.<\/p>\n<p>Dejemos el tiempo discurrir, sin las clarinadas propias del pesimismo y ya veremos lo que realmente acontece.<\/p>\n<p>No desesper\u00e9is\u2026<\/p>\n<p>&nbsp;<\/p>\n<p>&nbsp;<\/p>\n","protected":false},"excerpt":{"rendered":"<p>POR JUAN CRUZ TRIFFOLIO Soci\u00f3logo \u2013 Comunicador Dominicano triffolio@gmail.com \u00a0 En medio de las acentuadas cr\u00edticas por la militarizaci\u00f3n y redadas policiales en las escuelas el pol\u00e9mico presidente Nayib Bukele promete el 8% del PIB para educaci\u00f3n p\u00fablica en El Salvador. De entrada, se trata de un compromiso noble y ejemplarizador que, adem\u00e1s, marcar\u00eda un &hellip;<\/p>\n","protected":false},"author":8,"featured_media":244685,"comment_status":"open","ping_status":"closed","sticky":false,"template":"","format":"standard","meta":{"_jetpack_newsletter_access":"","_jetpack_dont_email_post_to_subs":false,"_jetpack_newsletter_tier_id":0,"_jetpack_memberships_contains_paywalled_content":false,"_jetpack_feature_clip_id":0,"_jetpack_memberships_contains_paid_content":false,"footnotes":"","jetpack_publicize_message":"","jetpack_publicize_feature_enabled":true,"jetpack_social_post_already_shared":true,"jetpack_social_options":{"image_generator_settings":{"template":"highway","default_image_id":0,"font":"","enabled":false},"version":2},"jetpack_post_was_ever_published":false},"categories":[35,141,2,163],"tags":[],"class_list":["post-244683","post","type-post","status-publish","format-standard","has-post-thumbnail","hentry","category-economia-arte","category-educacion","category-tie-world","category-voces-nacionales-e-internacionales"],"jetpack_publicize_connections":[],"jetpack_featured_media_url":"https:\/\/primicias.net\/web\/wp-content\/uploads\/2026\/09\/Juan-Cruz-Triffolio-Sociologo-Comunicador-Dominicano-1.jpeg","jetpack_sharing_enabled":true,"_links":{"self":[{"href":"https:\/\/primicias.net\/web\/wp-json\/wp\/v2\/posts\/244683","targetHints":{"allow":["GET"]}}],"collection":[{"href":"https:\/\/primicias.net\/web\/wp-json\/wp\/v2\/posts"}],"about":[{"href":"https:\/\/primicias.net\/web\/wp-json\/wp\/v2\/types\/post"}],"author":[{"embeddable":true,"href":"https:\/\/primicias.net\/web\/wp-json\/wp\/v2\/users\/8"}],"replies":[{"embeddable":true,"href":"https:\/\/primicias.net\/web\/wp-json\/wp\/v2\/comments?post=244683"}],"version-history":[{"count":1,"href":"https:\/\/primicias.net\/web\/wp-json\/wp\/v2\/posts\/244683\/revisions"}],"predecessor-version":[{"id":244686,"href":"https:\/\/primicias.net\/web\/wp-json\/wp\/v2\/posts\/244683\/revisions\/244686"}],"wp:featuredmedia":[{"embeddable":true,"href":"https:\/\/primicias.net\/web\/wp-json\/wp\/v2\/media\/244685"}],"wp:attachment":[{"href":"https:\/\/primicias.net\/web\/wp-json\/wp\/v2\/media?parent=244683"}],"wp:term":[{"taxonomy":"category","embeddable":true,"href":"https:\/\/primicias.net\/web\/wp-json\/wp\/v2\/categories?post=244683"},{"taxonomy":"post_tag","embeddable":true,"href":"https:\/\/primicias.net\/web\/wp-json\/wp\/v2\/tags?post=244683"}],"curies":[{"name":"wp","href":"https:\/\/api.w.org\/{rel}","templated":true}]}}