{"id":244679,"date":"2026-09-03T16:31:25","date_gmt":"2026-09-03T20:31:25","guid":{"rendered":"https:\/\/primicias.net\/web\/?p=244679"},"modified":"2026-09-03T16:31:25","modified_gmt":"2026-09-03T20:31:25","slug":"santo-domingo-sera-sede-del-12-o-encuentro-iberoamericano-de-museos","status":"publish","type":"post","link":"https:\/\/primicias.net\/web\/santo-domingo-sera-sede-del-12-o-encuentro-iberoamericano-de-museos\/","title":{"rendered":"Santo Domingo ser\u00e1 sede del 12.\u00ba Encuentro Iberoamericano de Museos"},"content":{"rendered":"<div dir=\"auto\">La destacada cita cultural se celebra bajo el lema \u201cPatrimonios compartidos, futuros comunes\u201d<\/div>\n<div dir=\"auto\">Santo Domingo.\u2013 El Ministerio de Cultura y la Direcci\u00f3n General de Museos anunciaron la celebraci\u00f3n en la Rep\u00fablica Dominicana del 12.\u00ba Encuentro Iberoamericano de Museos del 14 al 16 de septiembre de 2026.<img loading=\"lazy\" decoding=\"async\" class=\"alignnone size-medium wp-image-244680\" src=\"https:\/\/primicias.net\/web\/wp-content\/uploads\/2026\/09\/IMG-20260902-WA0033-300x200.jpg\" alt=\"\" width=\"300\" height=\"200\" srcset=\"https:\/\/primicias.net\/web\/wp-content\/uploads\/2026\/09\/IMG-20260902-WA0033-300x200.jpg 300w, https:\/\/primicias.net\/web\/wp-content\/uploads\/2026\/09\/IMG-20260902-WA0033-1024x682.jpg 1024w, https:\/\/primicias.net\/web\/wp-content\/uploads\/2026\/09\/IMG-20260902-WA0033-768x512.jpg 768w, https:\/\/primicias.net\/web\/wp-content\/uploads\/2026\/09\/IMG-20260902-WA0033-1536x1024.jpg 1536w, https:\/\/primicias.net\/web\/wp-content\/uploads\/2026\/09\/IMG-20260902-WA0033-2048x1365.jpg 2048w\" sizes=\"auto, (max-width: 300px) 100vw, 300px\" \/><\/div>\n<div dir=\"auto\">El Encuentro Iberoamericano de Museos es el principal espacio de cooperaci\u00f3n, reflexi\u00f3n e intercambio del sector muse\u00edstico en Iberoam\u00e9rica. Impulsado por el Programa Ibermuseos desde 2007, se ha consolidado como una plataforma para el di\u00e1logo regional, el intercambio de experiencias y el fortalecimiento de las pol\u00edticas p\u00fablicas en materia de museos.<\/div>\n<div dir=\"auto\">La celebraci\u00f3n de esta edici\u00f3n, que por primera vez tiene lugar en el pa\u00eds, reafirma el compromiso de la Rep\u00fablica Dominicana con la promoci\u00f3n de la cultura, la preservaci\u00f3n del patrimonio y el fortalecimiento del sector muse\u00edstico iberoamericano, al tiempo que proyecta a la naci\u00f3n como un espacio para el intercambio de experiencias y buenas pr\u00e1cticas.<\/div>\n<div dir=\"auto\">Bajo el lema \u201cPatrimonios compartidos, futuros comunes\u201d, el encuentro reunir\u00e1 a profesionales del sector para reflexionar sobre los desaf\u00edos actuales de los museos, compartir experiencias y fortalecer las redes de colaboraci\u00f3n regional.<\/div>\n<div dir=\"auto\">La agenda abordar\u00e1 temas como la diversidad y la apropiaci\u00f3n social del patrimonio, el impacto de la inteligencia artificial en las narrativas museales y la protecci\u00f3n de los territorios bioculturales ante los riesgos clim\u00e1ticos.<\/div>\n<div dir=\"auto\"><\/div>\n<div dir=\"auto\"><\/div>\n<div dir=\"auto\">Sobre el Programa Ibermuseos<\/div>\n<div dir=\"auto\">Ibermuseos es el principal programa de cooperaci\u00f3n intergubernamental dedicado al fortalecimiento del sector muse\u00edstico en Iberoam\u00e9rica. Desde 2007, trabaja en el desarrollo de pol\u00edticas p\u00fablicas, la formaci\u00f3n y cualificaci\u00f3n de profesionales y la protecci\u00f3n del patrimonio museol\u00f3gico.<\/div>\n<div dir=\"auto\">El programa articula actualmente una red de 22 pa\u00edses y contribuye al fortalecimiento de las m\u00e1s de 10.000 instituciones muse\u00edsticas de la regi\u00f3n, promoviendo la cooperaci\u00f3n, el intercambio de conocimientos y la construcci\u00f3n de pol\u00edticas que favorezcan el desarrollo sostenible de los museos iberoamericanos.<\/div>\n","protected":false},"excerpt":{"rendered":"<p>La destacada cita cultural se celebra bajo el lema \u201cPatrimonios compartidos, futuros comunes\u201d Santo Domingo.\u2013 El Ministerio de Cultura y la Direcci\u00f3n General de Museos anunciaron la celebraci\u00f3n en la Rep\u00fablica Dominicana del 12.\u00ba Encuentro Iberoamericano de Museos del 14 al 16 de septiembre de 2026. El Encuentro Iberoamericano de Museos es el principal espacio &hellip;<\/p>\n","protected":false},"author":8,"featured_media":244680,"comment_status":"open","ping_status":"closed","sticky":false,"template":"","format":"standard","meta":{"_jetpack_newsletter_access":"","_jetpack_dont_email_post_to_subs":false,"_jetpack_newsletter_tier_id":0,"_jetpack_memberships_contains_paywalled_content":false,"_jetpack_feature_clip_id":0,"_jetpack_memberships_contains_paid_content":false,"footnotes":"","jetpack_publicize_message":"","jetpack_publicize_feature_enabled":true,"jetpack_social_post_already_shared":true,"jetpack_social_options":{"image_generator_settings":{"template":"highway","default_image_id":0,"font":"","enabled":false},"version":2},"jetpack_post_was_ever_published":false},"categories":[200],"tags":[],"class_list":["post-244679","post","type-post","status-publish","format-standard","has-post-thumbnail","hentry","category-cultura"],"jetpack_publicize_connections":[],"jetpack_featured_media_url":"https:\/\/primicias.net\/web\/wp-content\/uploads\/2026\/09\/IMG-20260902-WA0033.jpg","jetpack_sharing_enabled":true,"_links":{"self":[{"href":"https:\/\/primicias.net\/web\/wp-json\/wp\/v2\/posts\/244679","targetHints":{"allow":["GET"]}}],"collection":[{"href":"https:\/\/primicias.net\/web\/wp-json\/wp\/v2\/posts"}],"about":[{"href":"https:\/\/primicias.net\/web\/wp-json\/wp\/v2\/types\/post"}],"author":[{"embeddable":true,"href":"https:\/\/primicias.net\/web\/wp-json\/wp\/v2\/users\/8"}],"replies":[{"embeddable":true,"href":"https:\/\/primicias.net\/web\/wp-json\/wp\/v2\/comments?post=244679"}],"version-history":[{"count":1,"href":"https:\/\/primicias.net\/web\/wp-json\/wp\/v2\/posts\/244679\/revisions"}],"predecessor-version":[{"id":244681,"href":"https:\/\/primicias.net\/web\/wp-json\/wp\/v2\/posts\/244679\/revisions\/244681"}],"wp:featuredmedia":[{"embeddable":true,"href":"https:\/\/primicias.net\/web\/wp-json\/wp\/v2\/media\/244680"}],"wp:attachment":[{"href":"https:\/\/primicias.net\/web\/wp-json\/wp\/v2\/media?parent=244679"}],"wp:term":[{"taxonomy":"category","embeddable":true,"href":"https:\/\/primicias.net\/web\/wp-json\/wp\/v2\/categories?post=244679"},{"taxonomy":"post_tag","embeddable":true,"href":"https:\/\/primicias.net\/web\/wp-json\/wp\/v2\/tags?post=244679"}],"curies":[{"name":"wp","href":"https:\/\/api.w.org\/{rel}","templated":true}]}}