{"id":244675,"date":"2026-09-03T16:27:52","date_gmt":"2026-09-03T20:27:52","guid":{"rendered":"https:\/\/primicias.net\/web\/?p=244675"},"modified":"2026-09-03T16:27:52","modified_gmt":"2026-09-03T20:27:52","slug":"punta-cana-reune-a-mas-de-260-senadores-jci-de-20-paises-de-las-americas-y-el-caribe","status":"publish","type":"post","link":"https:\/\/primicias.net\/web\/punta-cana-reune-a-mas-de-260-senadores-jci-de-20-paises-de-las-americas-y-el-caribe\/","title":{"rendered":"Punta Cana re\u00fane a m\u00e1s de 260 senadores JCI de 20 pa\u00edses de Las Am\u00e9ricas y el Caribe"},"content":{"rendered":"<p><em>Rep\u00fablica Dominicana acoge del 2 al 6 de septiembre el XVI Encuentro de Senadores JCI, con una agenda que incluye networking, intercambio cultural, premiaciones y la elecci\u00f3n de nuevas autoridades regionales.<img loading=\"lazy\" decoding=\"async\" class=\"alignnone size-medium wp-image-244676\" src=\"https:\/\/primicias.net\/web\/wp-content\/uploads\/2026\/09\/Senado-JCI-RD-Senado-JCI-RD-300x169.webp\" alt=\"\" width=\"300\" height=\"169\" srcset=\"https:\/\/primicias.net\/web\/wp-content\/uploads\/2026\/09\/Senado-JCI-RD-Senado-JCI-RD-300x169.webp 300w, https:\/\/primicias.net\/web\/wp-content\/uploads\/2026\/09\/Senado-JCI-RD-Senado-JCI-RD-1024x578.webp 1024w, https:\/\/primicias.net\/web\/wp-content\/uploads\/2026\/09\/Senado-JCI-RD-Senado-JCI-RD-768x434.webp 768w, https:\/\/primicias.net\/web\/wp-content\/uploads\/2026\/09\/Senado-JCI-RD-Senado-JCI-RD-390x220.webp 390w, https:\/\/primicias.net\/web\/wp-content\/uploads\/2026\/09\/Senado-JCI-RD-Senado-JCI-RD.webp 1280w\" sizes=\"auto, (max-width: 300px) 100vw, 300px\" \/><\/em><\/p>\n<p>&nbsp;<\/p>\n<p><strong><i>PUNTA CANA,\u00a0<\/i><\/strong><strong>RD<\/strong><strong><i>.<\/i><\/strong>\u00a0-M\u00e1s de 260 senadores de la C\u00e1mara Junior Internacional (JCI), procedentes de 20 pa\u00edses de Las Am\u00e9ricas y el Caribe, se re\u00fanen en Rep\u00fablica Dominicana para participar en el XVI Encuentro de Senadores JCI de Las Am\u00e9ricas y el Caribe, que se desarrolla del 2 al 6 de septiembre en el Hotel Hard Rock Punta Cana.<\/p>\n<p>&nbsp;<\/p>\n<p>El encuentro congrega a l\u00edderes y exl\u00edderes de distintas generaciones con el prop\u00f3sito de fortalecer v\u00ednculos, compartir experiencias y generar nuevas oportunidades de colaboraci\u00f3n, en un espacio que combina actividades institucionales, de networking, culturales y sociales.<\/p>\n<p>&nbsp;<\/p>\n<p>La presidenta del Senado JCI Rep\u00fablica Dominicana, Carmen Reyes, y la directora del evento, Ivette C\u00e1ceres, destacaron la importancia de que el pa\u00eds sea sede de esta reuni\u00f3n regional y se\u00f1alaron que la programaci\u00f3n fue dise\u00f1ada para propiciar el intercambio entre los participantes y proyectar la hospitalidad dominicana.<\/p>\n<p>&nbsp;<\/p>\n<p>\u201cRecibir a m\u00e1s de 260 senadores de 20 pa\u00edses representa un gran honor y una enorme responsabilidad para la Rep\u00fablica Dominicana. Queremos que cada participante se lleve el mejor recuerdo de nuestro pa\u00eds y encuentre nuevas oportunidades para compartir, conectar y seguir aportando al liderazgo de nuestra regi\u00f3n\u201d, expresaron.<\/p>\n<p>&nbsp;<\/p>\n<p>Entre las principales actividades figuran las jornadas de networking, el tradicional Global Village, dedicado al intercambio cultural entre las delegaciones, y la Asamblea de la Asociaci\u00f3n de Senadores JCI de Las Am\u00e9ricas y el Caribe (ASAC), en la que ser\u00e1n escogidas sus nuevas autoridades.<\/p>\n<p>&nbsp;<\/p>\n<p>La agenda incluye adem\u00e1s una ceremonia de premiaciones para reconocer la trayectoria y los aportes de destacados senadores y l\u00edderes, as\u00ed como la denominada Tarde de Recuerdos, concebida como un espacio para compartir experiencias y momentos relevantes de la historia de la organizaci\u00f3n.<\/p>\n<p>&nbsp;<\/p>\n<p>El encuentro tambi\u00e9n contempla actividades de confraternidad y experiencias sociales que permitir\u00e1n a las delegaciones disfrutar de los atractivos de Punta Cana y conocer parte de la cultura dominicana.<\/p>\n<p>&nbsp;<\/p>\n<p>Con la participaci\u00f3n de representantes de 20 pa\u00edses, Rep\u00fablica Dominicana se convierte durante cinco d\u00edas en escenario de un encuentro que busca preservar los v\u00ednculos construidos por el movimiento JCI, fortalecer el liderazgo y abrir nuevas oportunidades de colaboraci\u00f3n entre sus miembros.<\/p>\n","protected":false},"excerpt":{"rendered":"<p>Rep\u00fablica Dominicana acoge del 2 al 6 de septiembre el XVI Encuentro de Senadores JCI, con una agenda que incluye networking, intercambio cultural, premiaciones y la elecci\u00f3n de nuevas autoridades regionales. &nbsp; PUNTA CANA,\u00a0RD.\u00a0-M\u00e1s de 260 senadores de la C\u00e1mara Junior Internacional (JCI), procedentes de 20 pa\u00edses de Las Am\u00e9ricas y el Caribe, se re\u00fanen &hellip;<\/p>\n","protected":false},"author":8,"featured_media":244676,"comment_status":"open","ping_status":"closed","sticky":false,"template":"","format":"standard","meta":{"_jetpack_newsletter_access":"","_jetpack_dont_email_post_to_subs":false,"_jetpack_newsletter_tier_id":0,"_jetpack_memberships_contains_paywalled_content":false,"_jetpack_feature_clip_id":0,"_jetpack_memberships_contains_paid_content":false,"footnotes":"","jetpack_publicize_message":"","jetpack_publicize_feature_enabled":true,"jetpack_social_post_already_shared":true,"jetpack_social_options":{"image_generator_settings":{"template":"highway","default_image_id":0,"font":"","enabled":false},"version":2},"jetpack_post_was_ever_published":false},"categories":[227],"tags":[],"class_list":["post-244675","post","type-post","status-publish","format-standard","has-post-thumbnail","hentry","category-punta-cana"],"jetpack_publicize_connections":[],"jetpack_featured_media_url":"https:\/\/primicias.net\/web\/wp-content\/uploads\/2026\/09\/Senado-JCI-RD-Senado-JCI-RD.webp","jetpack_sharing_enabled":true,"_links":{"self":[{"href":"https:\/\/primicias.net\/web\/wp-json\/wp\/v2\/posts\/244675","targetHints":{"allow":["GET"]}}],"collection":[{"href":"https:\/\/primicias.net\/web\/wp-json\/wp\/v2\/posts"}],"about":[{"href":"https:\/\/primicias.net\/web\/wp-json\/wp\/v2\/types\/post"}],"author":[{"embeddable":true,"href":"https:\/\/primicias.net\/web\/wp-json\/wp\/v2\/users\/8"}],"replies":[{"embeddable":true,"href":"https:\/\/primicias.net\/web\/wp-json\/wp\/v2\/comments?post=244675"}],"version-history":[{"count":1,"href":"https:\/\/primicias.net\/web\/wp-json\/wp\/v2\/posts\/244675\/revisions"}],"predecessor-version":[{"id":244677,"href":"https:\/\/primicias.net\/web\/wp-json\/wp\/v2\/posts\/244675\/revisions\/244677"}],"wp:featuredmedia":[{"embeddable":true,"href":"https:\/\/primicias.net\/web\/wp-json\/wp\/v2\/media\/244676"}],"wp:attachment":[{"href":"https:\/\/primicias.net\/web\/wp-json\/wp\/v2\/media?parent=244675"}],"wp:term":[{"taxonomy":"category","embeddable":true,"href":"https:\/\/primicias.net\/web\/wp-json\/wp\/v2\/categories?post=244675"},{"taxonomy":"post_tag","embeddable":true,"href":"https:\/\/primicias.net\/web\/wp-json\/wp\/v2\/tags?post=244675"}],"curies":[{"name":"wp","href":"https:\/\/api.w.org\/{rel}","templated":true}]}}