{"id":244659,"date":"2026-09-03T16:10:15","date_gmt":"2026-09-03T20:10:15","guid":{"rendered":"https:\/\/primicias.net\/web\/?p=244659"},"modified":"2026-09-03T16:10:15","modified_gmt":"2026-09-03T20:10:15","slug":"republica-dominicana-y-haiti-desarrollan-agenda-de-trabajo-sobre-temas-de-interes-bilateral","status":"publish","type":"post","link":"https:\/\/primicias.net\/web\/republica-dominicana-y-haiti-desarrollan-agenda-de-trabajo-sobre-temas-de-interes-bilateral\/","title":{"rendered":"Rep\u00fablica Dominicana y Hait\u00ed desarrollan agenda de trabajo sobre temas de  inter\u00e9s bilateral"},"content":{"rendered":"<p>Dajab\u00f3n, Rep\u00fablica Dominicana. \u2013 El ministro de Relaciones Exteriores de la Rep\u00fablica<br \/>\nDominicana, V\u00edctor -Ito- Bison\u00f3, y la ministra de Asuntos Extranjeros y Cultos de Hait\u00ed<br \/>\n(MAEC), Raina Forbin, encabezaron este jueves en Dajab\u00f3n una reuni\u00f3n de trabajo entre<br \/>\ndelegaciones de ambos pa\u00edses, como parte del di\u00e1logo bilateral y de los esfuerzos para continuar<br \/>\nabordando asuntos de inter\u00e9s com\u00fan.<img loading=\"lazy\" decoding=\"async\" class=\"alignnone size-medium wp-image-244660\" src=\"https:\/\/primicias.net\/web\/wp-content\/uploads\/2026\/09\/IMG_4197.JPG-300x200.jpeg\" alt=\"\" width=\"300\" height=\"200\" srcset=\"https:\/\/primicias.net\/web\/wp-content\/uploads\/2026\/09\/IMG_4197.JPG-300x200.jpeg 300w, https:\/\/primicias.net\/web\/wp-content\/uploads\/2026\/09\/IMG_4197.JPG-1024x683.jpeg 1024w, https:\/\/primicias.net\/web\/wp-content\/uploads\/2026\/09\/IMG_4197.JPG-768x512.jpeg 768w, https:\/\/primicias.net\/web\/wp-content\/uploads\/2026\/09\/IMG_4197.JPG-1536x1024.jpeg 1536w, https:\/\/primicias.net\/web\/wp-content\/uploads\/2026\/09\/IMG_4197.JPG-2048x1365.jpeg 2048w\" sizes=\"auto, (max-width: 300px) 100vw, 300px\" \/><br \/>\nDurante el encuentro, las delegaciones intercambiaron sobre migraci\u00f3n y cooperaci\u00f3n jur\u00eddica,<br \/>\ncomercio bilateral, conectividad a\u00e9rea, cooperaci\u00f3n econ\u00f3mica y coordinaci\u00f3n en materia<br \/>\nfronteriza, \u00e1reas que forman parte de la agenda de trabajo entre ambas naciones.<img loading=\"lazy\" decoding=\"async\" class=\"alignnone size-medium wp-image-244661\" src=\"https:\/\/primicias.net\/web\/wp-content\/uploads\/2026\/09\/WhatsApp-Image-2026-09-03-at-1.16.00-PM-1-300x200.jpeg\" alt=\"\" width=\"300\" height=\"200\" srcset=\"https:\/\/primicias.net\/web\/wp-content\/uploads\/2026\/09\/WhatsApp-Image-2026-09-03-at-1.16.00-PM-1-300x200.jpeg 300w, https:\/\/primicias.net\/web\/wp-content\/uploads\/2026\/09\/WhatsApp-Image-2026-09-03-at-1.16.00-PM-1-1024x682.jpeg 1024w, https:\/\/primicias.net\/web\/wp-content\/uploads\/2026\/09\/WhatsApp-Image-2026-09-03-at-1.16.00-PM-1-768x512.jpeg 768w, https:\/\/primicias.net\/web\/wp-content\/uploads\/2026\/09\/WhatsApp-Image-2026-09-03-at-1.16.00-PM-1.jpeg 1280w\" sizes=\"auto, (max-width: 300px) 100vw, 300px\" \/><br \/>\nLas conversaciones se desarrollaron con el prop\u00f3sito de mantener una interlocuci\u00f3n directa y<br \/>\nconstructiva sobre los temas que inciden en la relaci\u00f3n bilateral y continuar identificando<br \/>\nmecanismos de cooperaci\u00f3n, desde el respeto a la soberan\u00eda de ambos Estados.<br \/>\nAl t\u00e9rmino del encuentro, ambos cancilleres emitieron la siguiente declaraci\u00f3n conjunta:<br \/>\nEl Ministerio de Relaciones Exteriores de Rep\u00fablica Dominicana (MIREX) y el Ministerio de<br \/>\nAsuntos Extranjeros y Cultos (MAEC) de la Rep\u00fablica de Hait\u00ed, encabezados por sus respectivos<br \/>\nministros se\u00f1or V\u00edctor O. Bison\u00f3 Haza y se\u00f1ora Raina Forbin, sostuvieron una reuni\u00f3n de trabajo<br \/>\nel d\u00eda 3 de septiembre de 2026, en las instalaciones del Parque Industrial CODEVI, durante la<br \/>\ncual trataron los asuntos centrales de la agenda bilateral entre ambas naciones.<br \/>\nDe manera particular, conversaron cuestiones relativas a la seguridad fronteriza y combate a las<br \/>\neconom\u00edas il\u00edcitas, los asuntos migratorios, la formalizaci\u00f3n del comercio e inversi\u00f3n y la<br \/>\nampliaci\u00f3n de la conectividad a\u00e9rea, \u00e1mbitos considerados como pilares para el desarrollo de<br \/>\nambos pa\u00edses. Los cancilleres coincidieron en la necesidad de robustecer los mecanismos de<br \/>\ncooperaci\u00f3n que faciliten una mejor gobernanza de la seguridad fronteriza y los asuntos<br \/>\nmigratorios.<br \/>\nDe igual forma, las delegaciones enfatizaron la importancia de que la Fuerza de Supresi\u00f3n de<br \/>\nBandas (GSF) siga recibiendo el apoyo de la comunidad internacional, especialmente en el<br \/>\nConsejo de Seguridad de la Organizaci\u00f3n de las Naciones Unidas (ONU). En ese tenor,<br \/>\nacordaron seguir las labores de sensibilizaci\u00f3n tendientes a garantizar el despliegue completo de<\/p>\n<p>la GSF, aprobada mediante la resoluci\u00f3n 2793 del 30 de septiembre de 2025, as\u00ed como la<br \/>\nrenovaci\u00f3n de su mandato. Esto permitir\u00e1 a la Misi\u00f3n alcanzar los resultados esperados,<br \/>\napoyando a las autoridades haitianas en el restablecimiento de la seguridad, el fortalecimiento de<br \/>\nlas instituciones y la creaci\u00f3n de las condiciones necesarias para avanzar hacia una paz<br \/>\nsostenible.<br \/>\nEn cuanto a la normalizaci\u00f3n de las operaciones consulares dominicanas en Hait\u00ed, ambas partes<br \/>\nexpresaron su voluntad de que las mismas puedan restablecerse a la mayor brevedad posible, una<br \/>\nvez las las condiciones de seguridad permitan su normal desenvolvimiento en cada jurisdicci\u00f3n.<br \/>\nPosterior a la reuni\u00f3n oficial, las autoridades diplom\u00e1ticas tuvieron la oportunidad de<br \/>\nintercambiar con una delegaci\u00f3n de empresarios sobre la importancia de desarrollar actividades<br \/>\nproductivas, fomentar la creaci\u00f3n de empleos y dinamizar las relaciones econ\u00f3micas entre ambos<br \/>\npa\u00edses. Los participantes destacaron el papel esencial del sector privado en el fortalecimiento de<br \/>\nlos v\u00ednculos entre Rep\u00fablica Dominicana y la Rep\u00fablica de Hait\u00ed.<br \/>\nDe parte de la canciller\u00eda dominicana, junto ministro Bison\u00f3, estuvieron presentes el se\u00f1or<br \/>\nRub\u00e9n Sil\u00ede, viceministro de Pol\u00edtica Exterior Multilateral; el se\u00f1or Francisco Caraballo,<br \/>\nviceministro de Pol\u00edtica Exterior Bilateral; el se\u00f1or Ram\u00f3n P\u00e9rez Ferm\u00edn, viceministro de<br \/>\nGesti\u00f3n y Operaciones del Servicio Exterior; el se\u00f1or Faruk Miguel, Embajador de Rep\u00fablica<br \/>\nDominicana en Hait\u00ed; el se\u00f1or Jatzel Rom\u00e1n, Embajador asesor del canciller.<br \/>\nLa delegaci\u00f3n haitiana que encabez\u00f3 la ministra Forbin estuvo integrada por el se\u00f1or Fritz<br \/>\nEmmanuel Longchamp, Embajador de Hait\u00ed en Rep\u00fablica Dominicana; la se\u00f1ora Winnie Hugot<br \/>\nGabriel, Directora de Gabinete; el se\u00f1or Jean-Claude Lappe, Director de Asuntos Pol\u00edticos; el<br \/>\nse\u00f1or Yves Rody Jean, Director de Asuntos Dominicanos y el se\u00f1or Ricot Almonord, Jefe de<br \/>\nPuesto Consular de Hait\u00ed en Dajab\u00f3n.<br \/>\nEl ambiente de este encuentro fue de amplia cordialidad y ambas delegaciones reiteraron su<br \/>\ndisposici\u00f3n de mantener activo el di\u00e1logo bilateral como v\u00eda privilegiada para la atenci\u00f3n de los<br \/>\nasuntos de inter\u00e9s com\u00fan, en un marco de respeto mutuo y buena vecindad.<\/p>\n","protected":false},"excerpt":{"rendered":"<p>Dajab\u00f3n, Rep\u00fablica Dominicana. \u2013 El ministro de Relaciones Exteriores de la Rep\u00fablica Dominicana, V\u00edctor -Ito- Bison\u00f3, y la ministra de Asuntos Extranjeros y Cultos de Hait\u00ed (MAEC), Raina Forbin, encabezaron este jueves en Dajab\u00f3n una reuni\u00f3n de trabajo entre delegaciones de ambos pa\u00edses, como parte del di\u00e1logo bilateral y de los esfuerzos para continuar abordando &hellip;<\/p>\n","protected":false},"author":8,"featured_media":244661,"comment_status":"open","ping_status":"closed","sticky":false,"template":"","format":"standard","meta":{"_jetpack_newsletter_access":"","_jetpack_dont_email_post_to_subs":false,"_jetpack_newsletter_tier_id":0,"_jetpack_memberships_contains_paywalled_content":false,"_jetpack_feature_clip_id":0,"_jetpack_memberships_contains_paid_content":false,"footnotes":"","jetpack_publicize_message":"","jetpack_publicize_feature_enabled":true,"jetpack_social_post_already_shared":true,"jetpack_social_options":{"image_generator_settings":{"template":"highway","default_image_id":0,"font":"","enabled":false},"version":2},"jetpack_post_was_ever_published":false},"categories":[151,31],"tags":[],"class_list":["post-244659","post","type-post","status-publish","format-standard","has-post-thumbnail","hentry","category-haiti","category-nacionales"],"jetpack_publicize_connections":[],"jetpack_featured_media_url":"https:\/\/primicias.net\/web\/wp-content\/uploads\/2026\/09\/WhatsApp-Image-2026-09-03-at-1.16.00-PM-1.jpeg","jetpack_sharing_enabled":true,"_links":{"self":[{"href":"https:\/\/primicias.net\/web\/wp-json\/wp\/v2\/posts\/244659","targetHints":{"allow":["GET"]}}],"collection":[{"href":"https:\/\/primicias.net\/web\/wp-json\/wp\/v2\/posts"}],"about":[{"href":"https:\/\/primicias.net\/web\/wp-json\/wp\/v2\/types\/post"}],"author":[{"embeddable":true,"href":"https:\/\/primicias.net\/web\/wp-json\/wp\/v2\/users\/8"}],"replies":[{"embeddable":true,"href":"https:\/\/primicias.net\/web\/wp-json\/wp\/v2\/comments?post=244659"}],"version-history":[{"count":1,"href":"https:\/\/primicias.net\/web\/wp-json\/wp\/v2\/posts\/244659\/revisions"}],"predecessor-version":[{"id":244662,"href":"https:\/\/primicias.net\/web\/wp-json\/wp\/v2\/posts\/244659\/revisions\/244662"}],"wp:featuredmedia":[{"embeddable":true,"href":"https:\/\/primicias.net\/web\/wp-json\/wp\/v2\/media\/244661"}],"wp:attachment":[{"href":"https:\/\/primicias.net\/web\/wp-json\/wp\/v2\/media?parent=244659"}],"wp:term":[{"taxonomy":"category","embeddable":true,"href":"https:\/\/primicias.net\/web\/wp-json\/wp\/v2\/categories?post=244659"},{"taxonomy":"post_tag","embeddable":true,"href":"https:\/\/primicias.net\/web\/wp-json\/wp\/v2\/tags?post=244659"}],"curies":[{"name":"wp","href":"https:\/\/api.w.org\/{rel}","templated":true}]}}