{"id":244651,"date":"2026-09-03T16:04:55","date_gmt":"2026-09-03T20:04:55","guid":{"rendered":"https:\/\/primicias.net\/web\/?p=244651"},"modified":"2026-09-03T16:04:55","modified_gmt":"2026-09-03T20:04:55","slug":"primicias-2026-temas-economicos-y-bancarios-danos-de-guerra-iran-eeuu-a-naciones-no-productoras-de-petroleo-turismo-crecimiento-de-activos-del-sistema-financiero-dominicano-tamano-del-pib-de-rd","status":"publish","type":"post","link":"https:\/\/primicias.net\/web\/primicias-2026-temas-economicos-y-bancarios-danos-de-guerra-iran-eeuu-a-naciones-no-productoras-de-petroleo-turismo-crecimiento-de-activos-del-sistema-financiero-dominicano-tamano-del-pib-de-rd\/","title":{"rendered":"Primicias 2026, Temas Econ\u00f3micos y Bancarios, da\u00f1os de guerra Ir\u00e1n-EEUU a naciones no productoras de petr\u00f3leo, turismo,  crecimiento de activos del sistema financiero dominicano, tama\u00f1o del PIB de RD  en debate, otros variados temas"},"content":{"rendered":"<p>Por Alex Jim\u00e9nez<\/p>\n<p>Director de Primicias<\/p>\n<p>El da\u00f1o de la guerra Ir\u00e1n-Estados Unidos a a las naciones no productoras de petr\u00f3leo, el incremento del consumo de gasolina en un 14.8% en el pa\u00eds, los activos del sistema financiero dominicano alcanzando RD$ 4.47 millones a junio del presente a\u00f1o, Estados Unidos exigiendo la interrupci\u00f3n del comercio con Ir\u00e1n, un embargo a las cuentas del Banco Central de la Rep\u00fablica Dominicana,\u00a0 la extensi\u00f3n de los programas Hope\/HELD en Hait\u00ed hasta el a\u00f1o 2028 firmada por el presidente Donald Trump posterior a la aprobaci\u00f3n en el Congreso de Estados Unidos,m los RD$ 182 millones de pesos que invertir\u00e1 el Ayuntamiento de Santo Domingo Oeste en calles y aceras, accidentes de tr\u00e1nsito derrribando frecuentemente postes del tendido el\u00e9ctrico en diferentes comunidades, la actuaci\u00f3n irregular que provoc\u00f3 la detenci\u00f3n de dos t\u00e9cnicos contratistas de EDESUR,, la construcci\u00f3n y reparaci\u00f3n de escuelas emn diferentes puntos del pa\u00eds, el d\u00f3lar a RD$ 59.20,\u00a0 los empleados de las escuelas reclamando\u00a0 un incrmento salarial, la incorporaci\u00f3n de la\u00a0 energ\u00eda renovable\u00a0 en los edificios del Estado, el desmantelamiento\u00a0 de una de las mayores f\u00e1bricas de alcohol adulterado, la necesidad de combatir las paradas de motoconchistas indocumentados haitianos,\u00a0 son Temas Econ\u00f3micos y Bancarios en Rep\u00fablica Dominicana y el Mundo.<\/p>\n<p><iframe loading=\"lazy\" title=\"DEUDA P\u00daBLICA AUMENTA Y GENERA ALERTA: \u00bfQU\u00c9 EST\u00c1 PASANDO CON LA ECONOM\u00cdA?\" width=\"500\" height=\"281\" src=\"https:\/\/www.youtube.com\/embed\/AgVeOuP2ECc?feature=oembed\" frameborder=\"0\" allow=\"accelerometer; autoplay; clipboard-write; encrypted-media; gyroscope; picture-in-picture; web-share\" referrerpolicy=\"strict-origin-when-cross-origin\" allowfullscreen><\/iframe><\/p>\n<p><img loading=\"lazy\" decoding=\"async\" class=\"alignnone size-medium wp-image-244652\" src=\"https:\/\/primicias.net\/web\/wp-content\/uploads\/2026\/09\/Ligia-Bonetti-y-Mercedes-Ramos-300x165.jpeg\" alt=\"\" width=\"300\" height=\"165\" srcset=\"https:\/\/primicias.net\/web\/wp-content\/uploads\/2026\/09\/Ligia-Bonetti-y-Mercedes-Ramos-300x165.jpeg 300w, https:\/\/primicias.net\/web\/wp-content\/uploads\/2026\/09\/Ligia-Bonetti-y-Mercedes-Ramos-1024x565.jpeg 1024w, https:\/\/primicias.net\/web\/wp-content\/uploads\/2026\/09\/Ligia-Bonetti-y-Mercedes-Ramos-768x423.jpeg 768w, https:\/\/primicias.net\/web\/wp-content\/uploads\/2026\/09\/Ligia-Bonetti-y-Mercedes-Ramos-1536x847.jpeg 1536w, https:\/\/primicias.net\/web\/wp-content\/uploads\/2026\/09\/Ligia-Bonetti-y-Mercedes-Ramos.jpeg 1803w\" sizes=\"auto, (max-width: 300px) 100vw, 300px\" \/><\/p>\n<p><b>Ligia Bonetti y Mercedes Ramos destacan la formaci\u00f3n t\u00e9cnico profesional como puente entre el talento y las necesidades de las empresas<\/b><\/p>\n<p>&nbsp;<\/p>\n<p>\u00b7\u00a0\u00a0\u00a0\u00a0\u00a0\u00a0\u00a0\u00a0\u00a0<i>Empresarias resaltaron en B\u00e1varo, La Altagracia,\u00a0 el papel de la capacitaci\u00f3n t\u00e9cnica, las alianzas con el INFOTEP y las experiencias pr\u00e1cticas para facilitar la inserci\u00f3n y el crecimiento profesional<\/i><\/p>\n<p>&nbsp;<\/p>\n<p>La formaci\u00f3n t\u00e9cnico profesional representa una oportunidad estrat\u00e9gica para responder a las necesidades de talento del sector productivo y ampliar las posibilidades de inserci\u00f3n y crecimiento laboral de las personas, as\u00ed coincidieron las empresarias Ligia Bonetti y Mercedes Ramos durante un panel celebrado en el marco del XXVIII Congreso de la Junta Agroempresarial Dominicana (JAD).<\/p>\n<p>&nbsp;<\/p>\n<p>Bonetti, presidenta ejecutiva del Grupo SID, destac\u00f3 la importancia de que la capacitaci\u00f3n mantenga una estrecha conexi\u00f3n con los procesos y requerimientos de las empresas, al considerar que una formaci\u00f3n efectiva debe preparar a las personas para comprender c\u00f3mo funciona la organizaci\u00f3n y cu\u00e1l es el impacto de sus funciones dentro de ella.<\/p>\n<p>&nbsp;<\/p>\n<p>En ese sentido, resalt\u00f3 la alianza que durante m\u00e1s de 17 a\u00f1os ha mantenido Grupo SID con el Instituto Nacional de Formaci\u00f3n T\u00e9cnico Profesional (INFOTEP), mediante la cual m\u00e1s de 300 colaboradores de la empresa han participado en programas de formaci\u00f3n.<\/p>\n<p><img loading=\"lazy\" decoding=\"async\" class=\"alignnone size-medium wp-image-244654\" src=\"https:\/\/primicias.net\/web\/wp-content\/uploads\/2026\/09\/Ligia-Bonetti-y-Mercedes-Ramos-1-1-300x207.jpeg\" alt=\"\" width=\"300\" height=\"207\" srcset=\"https:\/\/primicias.net\/web\/wp-content\/uploads\/2026\/09\/Ligia-Bonetti-y-Mercedes-Ramos-1-1-300x207.jpeg 300w, https:\/\/primicias.net\/web\/wp-content\/uploads\/2026\/09\/Ligia-Bonetti-y-Mercedes-Ramos-1-1-1024x705.jpeg 1024w, https:\/\/primicias.net\/web\/wp-content\/uploads\/2026\/09\/Ligia-Bonetti-y-Mercedes-Ramos-1-1-768x529.jpeg 768w, https:\/\/primicias.net\/web\/wp-content\/uploads\/2026\/09\/Ligia-Bonetti-y-Mercedes-Ramos-1-1.jpeg 1291w\" sizes=\"auto, (max-width: 300px) 100vw, 300px\" \/><\/p>\n<p>Otros temas de impacto:<\/p>\n<p>Repudio a las escandalosas facturas el\u00e9ctricas de las Edes<\/p>\n<p>La 38a Exposici\u00f3n Comercial de la Asociaci\u00f3n de Hoteles y Turismo de la Rep\u00fablica Dominicana en Punta Cana<\/p>\n<p>La importancia del torneo de beisbol de la LIDOM para la econom\u00eda dominicana<\/p>\n<p>La escasez de agua impactando la econom\u00eda dominicana<\/p>\n<p>La importancia del HOPE\/HELP para la econom\u00eda de Hait\u00ed y de la Rep\u00fablica Dominicana<\/p>\n<p>El encarecimiento de los pl\u00e1tanos por la sequ\u00eda en RD<\/p>\n<p>El combate a la fabricaci\u00f3n ilegal de alcohol<\/p>\n<p>El alza en el precio del barril de petr\u00f3leo<\/p>\n<p>La firma de acuerdos petroleros entre Venezuela y Estados Unidos<\/p>\n<p>Enmanuel Cede\u00f1o Brea con grandes retos en la Superintendencia de Bancos<\/p>\n<p>Tamboril, capital mundial del cigarro, resaltado por productores de puros<\/p>\n<p>Hato Mayor, capital del c\u00edtrico<\/p>\n<p>La expansi\u00f3n de negocios del Grupo Ramos y de Centro Cuesta Nacional<\/p>\n<p>El negocio de la venta de armas en RD<\/p>\n<p>Un encuentro de importancia entre los cancilleres de RD y Hait\u00ed en CODEVI, en la zona fronteriza Norte<\/p>\n<p>Moca, capital de las galletas de manteca<\/p>\n<p>La propuesta de que se invierta en el exterior los fondos de pensiones<\/p>\n<p>Los US$ 27.7 mil millones del d\u00e9ficit comercial China-RD, el pa\u00eds necesita incrementar sus exportaciones<\/p>\n<p>Las Matas de Farf\u00e1n y su queso arihs revestido de or\u00e9gano<\/p>\n<p>Monci\u00f3n, capital del casabe<\/p>\n<p>Detenciones por lavado activos en el exterior<\/p>\n<p>Casabe, empanadas de yuca\u00a0 y el panecico, presentes en la econom\u00eda de San Jos\u00e9 de las matas<\/p>\n<p>Chivo Liniero, Valverde,\u00a0 Santiago Rodr\u00edguez, Montecristi y Dajab\u00f3n, capitales de plato importante en la gastronom\u00eda dominicana<\/p>\n<p>San Francisco de Macor\u00eds, capital agroindustrial<\/p>\n<p>Jarabacoa, capital ecotur\u00edstica<\/p>\n<p>El incremento del transporte mar\u00edtimo<\/p>\n<p>El incremento en los pasajes en la ruta Azua-Santo Domingo<\/p>\n<p><img loading=\"lazy\" decoding=\"async\" class=\"alignnone size-medium wp-image-244655\" src=\"https:\/\/primicias.net\/web\/wp-content\/uploads\/2026\/09\/Inicio-Aventurate-RD-300x200.jpg\" alt=\"\" width=\"300\" height=\"200\" srcset=\"https:\/\/primicias.net\/web\/wp-content\/uploads\/2026\/09\/Inicio-Aventurate-RD-300x200.jpg 300w, https:\/\/primicias.net\/web\/wp-content\/uploads\/2026\/09\/Inicio-Aventurate-RD-1024x683.jpg 1024w, https:\/\/primicias.net\/web\/wp-content\/uploads\/2026\/09\/Inicio-Aventurate-RD-768x512.jpg 768w, https:\/\/primicias.net\/web\/wp-content\/uploads\/2026\/09\/Inicio-Aventurate-RD-1536x1024.jpg 1536w, https:\/\/primicias.net\/web\/wp-content\/uploads\/2026\/09\/Inicio-Aventurate-RD-2048x1365.jpg 2048w\" sizes=\"auto, (max-width: 300px) 100vw, 300px\" \/><\/p>\n<div><b>Inicia en Puerto Pladta la segunda edici\u00f3n de Avent\u00farate RD en Puerto Plata<\/b><\/div>\n<div><b>\u00a0<\/b><\/div>\n<div>La feria re\u00fane a m\u00e1s de 300 compradores nacionales e internacionales<\/div>\n<div><\/div>\n<div>Con la participaci\u00f3n de 60 expositores y 300 agentes de viajes y turoperadores, se realiza la segunda edici\u00f3n de la feria Avent\u00farate RD, que busca la promoci\u00f3n y comercializaci\u00f3n de experiencias de aventura, naturaleza y cultura de Rep\u00fablica Dominicana.<img loading=\"lazy\" decoding=\"async\" class=\"alignnone size-medium wp-image-244656\" src=\"https:\/\/primicias.net\/web\/wp-content\/uploads\/2026\/09\/Ballet-MITUR-en-Aventurate-RD-300x200.jpg\" alt=\"\" width=\"300\" height=\"200\" srcset=\"https:\/\/primicias.net\/web\/wp-content\/uploads\/2026\/09\/Ballet-MITUR-en-Aventurate-RD-300x200.jpg 300w, https:\/\/primicias.net\/web\/wp-content\/uploads\/2026\/09\/Ballet-MITUR-en-Aventurate-RD-1024x683.jpg 1024w, https:\/\/primicias.net\/web\/wp-content\/uploads\/2026\/09\/Ballet-MITUR-en-Aventurate-RD-768x512.jpg 768w, https:\/\/primicias.net\/web\/wp-content\/uploads\/2026\/09\/Ballet-MITUR-en-Aventurate-RD-1536x1024.jpg 1536w, https:\/\/primicias.net\/web\/wp-content\/uploads\/2026\/09\/Ballet-MITUR-en-Aventurate-RD-2048x1365.jpg 2048w\" sizes=\"auto, (max-width: 300px) 100vw, 300px\" \/><\/div>\n<div><\/div>\n<div>En el evento, que se desarrolla en la Novia del Atl\u00e1ntico, desde este lunes y se extender\u00e1 hasta este jueves, participan autoridades, representantes del sector tur\u00edstico, empresarios, expositores, agentes de viajes y turoperadores.<\/div>\n<div><\/div>\n<div>Jakaira Cid, CEO de Manureva y de Avent\u00farate RD, inform\u00f3 que en el c\u00f3nclave participan agentes mayoristas y minoristas procedentes de m\u00e1s de 15 pa\u00edses.<\/div>\n<div><\/div>\n<div>Se\u00f1al\u00f3 que este inter\u00e9s responde a la evoluci\u00f3n de un viajero que ya no se conforma con visitar un destino, sino que busca vivirlo a trav\u00e9s de su gente, su cultura y las historias que puede llevar consigo.<\/div>\n<div><\/div>\n<div>Expres\u00f3 que Avent\u00farate RD es una plataforma para promover un turismo sostenible, capaz de generar oportunidades, proteger los recursos y mostrar al mundo \u00abesa otra Rep\u00fablica Dominicana\u00bb, mediante experiencias vinculadas con la gastronom\u00eda, la naturaleza y otras ofertas.<\/div>\n<div><\/div>\n<div>Cid sostuvo que la innovaci\u00f3n, la tecnolog\u00eda y la inteligencia artificial abren nuevas posibilidades para conectar mercados y personalizar la oferta, pero advirti\u00f3 que ese avance debe acompa\u00f1arse de la preservaci\u00f3n de la identidad de las comunidades.<\/div>\n<div><\/div>\n<div>Yira Vermenthon, directora de Iniciativas Tur\u00edsticas del Ministerio de Turismo, reafirm\u00f3 el inter\u00e9s institucional en respaldar espacios que favorezcan la diversificaci\u00f3n del producto tur\u00edstico nacional y la integraci\u00f3n de propuestas de aventura, naturaleza, cultura y comunidad.<\/div>\n","protected":false},"excerpt":{"rendered":"<p>Por Alex Jim\u00e9nez Director de Primicias El da\u00f1o de la guerra Ir\u00e1n-Estados Unidos a a las naciones no productoras de petr\u00f3leo, el incremento del consumo de gasolina en un 14.8% en el pa\u00eds, los activos del sistema financiero dominicano alcanzando RD$ 4.47 millones a junio del presente a\u00f1o, Estados Unidos exigiendo la interrupci\u00f3n del comercio &hellip;<\/p>\n","protected":false},"author":8,"featured_media":164987,"comment_status":"open","ping_status":"closed","sticky":false,"template":"","format":"standard","meta":{"_jetpack_newsletter_access":"","_jetpack_dont_email_post_to_subs":false,"_jetpack_newsletter_tier_id":0,"_jetpack_memberships_contains_paywalled_content":false,"_jetpack_feature_clip_id":0,"_jetpack_memberships_contains_paid_content":false,"footnotes":"","jetpack_publicize_message":"","jetpack_publicize_feature_enabled":true,"jetpack_social_post_already_shared":true,"jetpack_social_options":{"image_generator_settings":{"template":"highway","default_image_id":0,"font":"","enabled":false},"version":2},"jetpack_post_was_ever_published":false},"categories":[65,35,164,31,135,182],"tags":[],"class_list":["post-244651","post","type-post","status-publish","format-standard","has-post-thumbnail","hentry","category-bancarias","category-economia-arte","category-industria","category-nacionales","category-videos","category-voces-economicas-de-la-nacion"],"jetpack_publicize_connections":[],"jetpack_featured_media_url":"https:\/\/primicias.net\/web\/wp-content\/uploads\/2024\/05\/Superintendencia-de-Bancos-fachada-1-scaled.jpg","jetpack_sharing_enabled":true,"_links":{"self":[{"href":"https:\/\/primicias.net\/web\/wp-json\/wp\/v2\/posts\/244651","targetHints":{"allow":["GET"]}}],"collection":[{"href":"https:\/\/primicias.net\/web\/wp-json\/wp\/v2\/posts"}],"about":[{"href":"https:\/\/primicias.net\/web\/wp-json\/wp\/v2\/types\/post"}],"author":[{"embeddable":true,"href":"https:\/\/primicias.net\/web\/wp-json\/wp\/v2\/users\/8"}],"replies":[{"embeddable":true,"href":"https:\/\/primicias.net\/web\/wp-json\/wp\/v2\/comments?post=244651"}],"version-history":[{"count":1,"href":"https:\/\/primicias.net\/web\/wp-json\/wp\/v2\/posts\/244651\/revisions"}],"predecessor-version":[{"id":244657,"href":"https:\/\/primicias.net\/web\/wp-json\/wp\/v2\/posts\/244651\/revisions\/244657"}],"wp:featuredmedia":[{"embeddable":true,"href":"https:\/\/primicias.net\/web\/wp-json\/wp\/v2\/media\/164987"}],"wp:attachment":[{"href":"https:\/\/primicias.net\/web\/wp-json\/wp\/v2\/media?parent=244651"}],"wp:term":[{"taxonomy":"category","embeddable":true,"href":"https:\/\/primicias.net\/web\/wp-json\/wp\/v2\/categories?post=244651"},{"taxonomy":"post_tag","embeddable":true,"href":"https:\/\/primicias.net\/web\/wp-json\/wp\/v2\/tags?post=244651"}],"curies":[{"name":"wp","href":"https:\/\/api.w.org\/{rel}","templated":true}]}}