{"id":244629,"date":"2026-09-03T13:36:20","date_gmt":"2026-09-03T17:36:20","guid":{"rendered":"https:\/\/primicias.net\/web\/?p=244629"},"modified":"2026-09-03T13:36:20","modified_gmt":"2026-09-03T17:36:20","slug":"agmedo-medicoop-y-unibe-junto-al-srso-fortalecen-la-atencion-primaria-con-ciclo-de-conferencias","status":"publish","type":"post","link":"https:\/\/primicias.net\/web\/agmedo-medicoop-y-unibe-junto-al-srso-fortalecen-la-atencion-primaria-con-ciclo-de-conferencias\/","title":{"rendered":"AGMEDO, MEDICOOP y Unibe junto al SRSO fortalecen la atenci\u00f3n primaria con ciclo de conferencias"},"content":{"rendered":"<p>Santo Domingo, R.D.- Como parte de las iniciativas orientadas a fortalecer la formaci\u00f3n continua de los profesionales de la salud y promover un servicio basado en la prevenci\u00f3n, la calidad, la humanizaci\u00f3n y el bienestar integral de la poblaci\u00f3n, fue realizado el Ciclo de Conferencias en Atenci\u00f3n Primaria bajo el lema \u201cCuida tu coraz\u00f3n, tu mente y tu vida\u201d.<img loading=\"lazy\" decoding=\"async\" class=\"alignnone size-medium wp-image-244630\" src=\"https:\/\/primicias.net\/web\/wp-content\/uploads\/2026\/09\/PHOTO-2026-08-31-07-00-17-300x200.jpg\" alt=\"\" width=\"300\" height=\"200\" srcset=\"https:\/\/primicias.net\/web\/wp-content\/uploads\/2026\/09\/PHOTO-2026-08-31-07-00-17-300x200.jpg 300w, https:\/\/primicias.net\/web\/wp-content\/uploads\/2026\/09\/PHOTO-2026-08-31-07-00-17.jpg 720w\" sizes=\"auto, (max-width: 300px) 100vw, 300px\" \/><\/p>\n<p>La jornada formativa, en el marco de la celebraci\u00f3n del D\u00eda del M\u00e9dico Dominicano, estuvo encabezada por la Agrupaci\u00f3n M\u00e9dica Dominicana (AGMEDO), la Cooperativa Nacional de Servicios M\u00faltiples de los M\u00e9dicos (MEDICOOP) y la Universidad Iberoamericana (UNIBE), esta \u00faltima como aval acad\u00e9mico, en colaboraci\u00f3n con el Servicio Regional de Salud Ozama (SRSO).<\/p>\n<p>Durante la actividad, con la participaci\u00f3n de profesionales de la salud y especialistas de diferentes \u00e1reas, el doctor Edisson Rafael F\u00e9liz F\u00e9liz, director del SRSO, resalt\u00f3 la importancia de fortalecer las Unidades de Atenci\u00f3n Primaria y promover la capacitaci\u00f3n continua de los profesionales de la salud, al considerar que una atenci\u00f3n primaria fortalecida permite ofrecer servicios m\u00e1s oportunos y eficientes a la poblaci\u00f3n.<img loading=\"lazy\" decoding=\"async\" class=\"alignnone size-medium wp-image-244632\" src=\"https:\/\/primicias.net\/web\/wp-content\/uploads\/2026\/09\/PHOTO-2026-08-31-07-00-22-1-300x200.jpg\" alt=\"\" width=\"300\" height=\"200\" srcset=\"https:\/\/primicias.net\/web\/wp-content\/uploads\/2026\/09\/PHOTO-2026-08-31-07-00-22-1-300x200.jpg 300w, https:\/\/primicias.net\/web\/wp-content\/uploads\/2026\/09\/PHOTO-2026-08-31-07-00-22-1.jpg 720w\" sizes=\"auto, (max-width: 300px) 100vw, 300px\" \/><\/p>\n<p>En su intervenci\u00f3n en la jornada que tuvo lugar en el Sal\u00f3n de Recepci\u00f3n Dr. Juan Coronado, de MEDICOOP, el doctor F\u00e9liz F\u00e9liz destac\u00f3 que el fortalecimiento del primer nivel de atenci\u00f3n contribuye a reducir gastos y tiempo de los pacientes, al facilitar que puedan recibir servicios de salud cercanos a sus comunidades y evitar desplazamientos innecesarios hacia otros municipios o provincias.<\/p>\n<p>El titular del SRSO tambi\u00e9n valor\u00f3 la importancia de contar con bancos de sangre fortalecidos y con disponibilidad oportuna, especialmente ante situaciones de emergencia, en las que cada minuto puede ser determinante para preservar la vida de un paciente.<\/p>\n<p>De igual manera, resalt\u00f3 el respaldo de MEDICOOP a las iniciativas de educaci\u00f3n continuada y bienestar de los profesionales de la salud, se\u00f1alando que la entidad ha destinado aproximadamente siete millones de pesos para apoyar este tipo de acciones.<\/p>\n<p>En tanto, el presidente de la Agrupaci\u00f3n M\u00e9dica Dominicana (AGMEDO), doctor Jes\u00fas Mar\u00eda Guerrero, reafirm\u00f3 el compromiso de la entidad con el fortalecimiento de la atenci\u00f3n primaria mediante la capacitaci\u00f3n continua de los m\u00e9dicos generales.<\/p>\n<p>Se\u00f1al\u00f3 que los centros de primer nivel deben contar con la capacidad resolutiva necesaria para constituirse en la puerta de entrada al sistema de salud y atender oportunamente los casos que correspondan, contribuyendo as\u00ed a descongestionar los hospitales de mayor complejidad.<\/p>\n<p>El ciclo de conferencias cont\u00f3, adem\u00e1s, con la participaci\u00f3n de la doctora Johanna Ramos, cardi\u00f3loga, quien abord\u00f3 el tema \u201cLa presi\u00f3n arterial y el coraz\u00f3n en la atenci\u00f3n primaria\u201d, destacando la importancia de mantener h\u00e1bitos saludables y prevenir los factores de riesgo cardiovascular.<\/p>\n<p>Asimismo, el doctor Mauro Canario, conferencista, desarroll\u00f3 el tema \u201cHumanizaci\u00f3n de la asistencia m\u00e9dica en atenci\u00f3n primaria\u201d, mientras que la psiquiatra Katty G\u00f3mez abord\u00f3 \u201cSalud emocional en la atenci\u00f3n primaria\u201d.<\/p>\n<p>La jornada reuni\u00f3 cerca de 100 profesionales de la salud, quienes participaron en un espacio de actualizaci\u00f3n, formaci\u00f3n e intercambio de conocimientos con los especialistas invitados.<\/p>\n","protected":false},"excerpt":{"rendered":"<p>Santo Domingo, R.D.- Como parte de las iniciativas orientadas a fortalecer la formaci\u00f3n continua de los profesionales de la salud y promover un servicio basado en la prevenci\u00f3n, la calidad, la humanizaci\u00f3n y el bienestar integral de la poblaci\u00f3n, fue realizado el Ciclo de Conferencias en Atenci\u00f3n Primaria bajo el lema \u201cCuida tu coraz\u00f3n, tu &hellip;<\/p>\n","protected":false},"author":8,"featured_media":244630,"comment_status":"open","ping_status":"closed","sticky":false,"template":"","format":"standard","meta":{"_jetpack_newsletter_access":"","_jetpack_dont_email_post_to_subs":false,"_jetpack_newsletter_tier_id":0,"_jetpack_memberships_contains_paywalled_content":false,"_jetpack_feature_clip_id":0,"_jetpack_memberships_contains_paid_content":false,"footnotes":"","jetpack_publicize_message":"","jetpack_publicize_feature_enabled":true,"jetpack_social_post_already_shared":true,"jetpack_social_options":{"image_generator_settings":{"template":"highway","default_image_id":0,"font":"","enabled":false},"version":2},"jetpack_post_was_ever_published":false},"categories":[77],"tags":[],"class_list":["post-244629","post","type-post","status-publish","format-standard","has-post-thumbnail","hentry","category-salud"],"jetpack_publicize_connections":[],"jetpack_featured_media_url":"https:\/\/primicias.net\/web\/wp-content\/uploads\/2026\/09\/PHOTO-2026-08-31-07-00-17.jpg","jetpack_sharing_enabled":true,"_links":{"self":[{"href":"https:\/\/primicias.net\/web\/wp-json\/wp\/v2\/posts\/244629","targetHints":{"allow":["GET"]}}],"collection":[{"href":"https:\/\/primicias.net\/web\/wp-json\/wp\/v2\/posts"}],"about":[{"href":"https:\/\/primicias.net\/web\/wp-json\/wp\/v2\/types\/post"}],"author":[{"embeddable":true,"href":"https:\/\/primicias.net\/web\/wp-json\/wp\/v2\/users\/8"}],"replies":[{"embeddable":true,"href":"https:\/\/primicias.net\/web\/wp-json\/wp\/v2\/comments?post=244629"}],"version-history":[{"count":1,"href":"https:\/\/primicias.net\/web\/wp-json\/wp\/v2\/posts\/244629\/revisions"}],"predecessor-version":[{"id":244633,"href":"https:\/\/primicias.net\/web\/wp-json\/wp\/v2\/posts\/244629\/revisions\/244633"}],"wp:featuredmedia":[{"embeddable":true,"href":"https:\/\/primicias.net\/web\/wp-json\/wp\/v2\/media\/244630"}],"wp:attachment":[{"href":"https:\/\/primicias.net\/web\/wp-json\/wp\/v2\/media?parent=244629"}],"wp:term":[{"taxonomy":"category","embeddable":true,"href":"https:\/\/primicias.net\/web\/wp-json\/wp\/v2\/categories?post=244629"},{"taxonomy":"post_tag","embeddable":true,"href":"https:\/\/primicias.net\/web\/wp-json\/wp\/v2\/tags?post=244629"}],"curies":[{"name":"wp","href":"https:\/\/api.w.org\/{rel}","templated":true}]}}