{"id":244610,"date":"2026-09-03T12:46:04","date_gmt":"2026-09-03T16:46:04","guid":{"rendered":"https:\/\/primicias.net\/web\/?p=244610"},"modified":"2026-09-03T12:46:04","modified_gmt":"2026-09-03T16:46:04","slug":"bosch-recuerdos-y-la-familia-trujillo","status":"publish","type":"post","link":"https:\/\/primicias.net\/web\/bosch-recuerdos-y-la-familia-trujillo\/","title":{"rendered":"Bosch, recuerdos y la familia Trujillo"},"content":{"rendered":"<p style=\"font-weight: 400;\"><strong>POR JUAN CRUZ TRIFFOLIO<\/strong><\/p>\n<p style=\"font-weight: 400;\"><strong>Soci\u00f3logo \u2013 Comunicador Dominicano<\/strong><\/p>\n<p style=\"font-weight: 400;\"><a href=\"mailto:triffolio@gmail.com\"><strong>triffolio@gmail.com<\/strong><\/a><\/p>\n<p style=\"font-weight: 400;\"><strong>\u00a0<\/strong><\/p>\n<p style=\"font-weight: 400;\">Consecuencia de unos recuerdos de episodios ilustrativos de su vida, resalta el\u00a0<strong>profesor Juan Bosch<\/strong>, con una precisi\u00f3n envidiable, algunos hechos que demuestran de manera contundente la raz\u00f3n por lo que\u00a0<strong>la familia Trujillo<\/strong>, en otrora, era considerada\u00a0<strong>\u201cde segunda\u201d.<\/strong><\/p>\n<p style=\"font-weight: 400;\">Tal valoraci\u00f3n la ratifica treinta y dos a\u00f1os despu\u00e9s de haber publicado, en Caracas, Venezuela, la primera edici\u00f3n de su interesante obra titulada\u00a0<strong>Trujillo: causas de una tiran\u00eda sin ejemplo\u00a0<\/strong>donde, entre otros temas, aborda\u00a0<strong>la procedencia y condiciones socioecon\u00f3micas familiares<\/strong>\u00a0<strong>del dictador sancristobalense.<\/strong><\/p>\n<p style=\"font-weight: 400;\">Como inicio de sus evocaciones, el laureado pol\u00edtico y cuentista vegano puntualiza que, en 1923, durante la temporada de vacaciones,\u00a0<strong>viajaba de La Vega a la capital del pa\u00eds \u201cen un cami\u00f3n Ford de una tonelada\u201d<\/strong>, que\u00a0<strong>su padre Jos\u00e9 Andr\u00e9s Bosch Subirats, mejor conocido como Don Pepe Frijoles<\/strong>, hab\u00eda comprado \u201ccuando debido a la devastadora crisis de los a\u00f1os 1921-1922 hubo que clausurar la firma comercial, importadora y exportadora, establecida en\u00a0<strong>La Vega<\/strong>\u00a0con el nombre de\u00a0<strong>G\u00f3mez, Bosch y Compa\u00f1\u00eda\u201d<\/strong>, de la cual era gerente su padre.<\/p>\n<p><img loading=\"lazy\" decoding=\"async\" class=\"alignnone size-full wp-image-244612\" src=\"https:\/\/primicias.net\/web\/wp-content\/uploads\/2026\/09\/Rafael-Leonidas-Trujillo-Molina-1.jpeg\" alt=\"\" width=\"800\" height=\"1004\" srcset=\"https:\/\/primicias.net\/web\/wp-content\/uploads\/2026\/09\/Rafael-Leonidas-Trujillo-Molina-1.jpeg 800w, https:\/\/primicias.net\/web\/wp-content\/uploads\/2026\/09\/Rafael-Leonidas-Trujillo-Molina-1-239x300.jpeg 239w, https:\/\/primicias.net\/web\/wp-content\/uploads\/2026\/09\/Rafael-Leonidas-Trujillo-Molina-1-768x964.jpeg 768w\" sizes=\"auto, (max-width: 800px) 100vw, 800px\" \/> <img loading=\"lazy\" decoding=\"async\" class=\"alignnone size-full wp-image-244613\" src=\"https:\/\/primicias.net\/web\/wp-content\/uploads\/2026\/09\/Juan-Bosch-y-Gavino.webp\" alt=\"\" width=\"792\" height=\"620\" srcset=\"https:\/\/primicias.net\/web\/wp-content\/uploads\/2026\/09\/Juan-Bosch-y-Gavino.webp 792w, https:\/\/primicias.net\/web\/wp-content\/uploads\/2026\/09\/Juan-Bosch-y-Gavino-300x235.webp 300w, https:\/\/primicias.net\/web\/wp-content\/uploads\/2026\/09\/Juan-Bosch-y-Gavino-768x601.webp 768w\" sizes=\"auto, (max-width: 792px) 100vw, 792px\" \/><\/p>\n<p style=\"font-weight: 400;\">Destaca que para entonces se hac\u00eda el viaje con el cami\u00f3n cargado de frutos cosechados en\u00a0<strong>el Valle de La Vega Real<\/strong>\u00a0para ser vendidos en\u00a0<strong>Santo Domingo<\/strong>, luego de transitar unos cien kil\u00f3metros de distancia por\u00a0<strong>\u201cuna carretera no asfaltada\u201d.<\/strong><\/p>\n<p style=\"font-weight: 400;\">Subraya que a unos 25 o 30 kil\u00f3metros del principal centro poblado del pa\u00eds, al final de una larga curva conocida como\u00a0<strong>La U<\/strong>, exist\u00eda\u00a0<strong>un peque\u00f1o comercio ocupando una t\u00edpica construcci\u00f3n de madera de palma y techo de yaguas, donde con frecuencia visitaba su progenitor<\/strong>,\u00a0<strong>tal como lo hac\u00edan otros conductores,<\/strong>\u00a0\u201cpara preguntar qu\u00e9 ped\u00edan los due\u00f1os de esas pulper\u00edas campesinas que mi padre les llevara cuando volviera de regreso de la Capital a La Vega\u201d<\/p>\n<p style=\"font-weight: 400;\">Recuerda Juan Bosch que\u00a0<strong>unos ped\u00edan un saco de arroz o dos cajas de fideos<\/strong>, mientras otros solicitaban\u00a0<strong>algunas libras de frijoles, paquetes de cigarrillos, f\u00f3sforos o dos cajas de gas morado, que se usaba para cocinar.<\/strong><\/p>\n<p style=\"font-weight: 400;\">En procura de no olvidar, todos los productos demandados eran anotados en un cuaderno por\u00a0<strong>Don Jos\u00e9 Bosch<\/strong>\u00a0pues esa actividad le permit\u00eda abaratar el costo del viaje realizado.<\/p>\n<p style=\"font-weight: 400;\">Tiempo despu\u00e9s de lo narrado,\u00a0<strong>Juan Bosch<\/strong>\u00a0termin\u00f3 laborando en la\u00a0<strong>casa comercial de Ramon Corripio<\/strong>, en la cercan\u00eda de la\u00a0<strong>Puerta del Conde<\/strong>, donde se vend\u00edan provisiones al detalle,\u00a0<strong>asumiendo la responsabilidad de administrar todo lo que se relacionaba con los ingresos de dinero<\/strong>\u00a0y por tanto\u00a0<strong>\u201cten\u00eda que recibir los pagos en efectivo de compras que se hac\u00edan en el colmado o en el llamado almac\u00e9n\u201d.<\/strong><\/p>\n<p style=\"font-weight: 400;\">Para a aquel entonces, pocas personas recib\u00edan cheques en pago de trabajo o de algunas ventas por lo que a Bosch le llamaba la atenci\u00f3n que\u00a0<strong>un se\u00f1or de unos sesenta a\u00f1os<\/strong>\u00a0visitaba, cada fin de mes, a entregarle, \u201c<strong>debidamente firmado un cheque de cien pesos,<\/strong>\u00a0<strong>extendido por la Tesorer\u00eda Nacional,<\/strong>\u00a0lo que motivaba a pensar que era un empleado del Gobierno, que en ese caso desempe\u00f1aba el puesto de\u00a0<strong>Inspector de Frutos<\/strong>\u201d.<\/p>\n<p style=\"font-weight: 400;\">Eran los a\u00f1os de\u00a0<strong>Gobierno de Horacio Vasquez<\/strong>\u00a0cuando el jefe militar del pa\u00eds se llamaba\u00a0<strong>Rafael Leonidas Trujillo Molina<\/strong>\u00a0y el se\u00f1or de los cheques no era otro que\u00a0<strong>Jos\u00e9 Trujillo Valdez<\/strong>, el padre de quien, en un futuro no muy lejano, le enaltecer\u00edan como\u00a0<strong>Benefactor de la Patria<\/strong>\u00a0y\u00a0<strong>Per\u00ednclito de San Crist\u00f3bal.<\/strong><\/p>\n<p style=\"font-weight: 400;\">De igual modo, laborando en<strong>\u00a0la empresa Corripio<\/strong>\u00a0tambi\u00e9n logr\u00f3 conocer que el peque\u00f1o comerciante de\u00a0<strong>La U<\/strong>, a quien no\u00a0se conoc\u00eda como\u00a0<strong>Arismendy<\/strong>\u00a0<strong>Trujillo Molina<\/strong>\u00a0y que\u00a0<strong>don Jos\u00e9 Andr\u00e9s Bosch Subirats<\/strong>\u00a0le llevaba provisiones compradas en la capital, a su boh\u00edo de palmas y techo de yaguas, era el comerciante que nombraban como\u00a0<strong>Pet\u00e1n<\/strong>\u00a0en el punto de expendio en referencia.<\/p>\n<p style=\"font-weight: 400;\">Partiendo de la realidad descrita, el\u00a0<strong>profesor Bosch,\u00a0<\/strong>al cierre de su relato, concluye subrayando lo siguiente: \u201cLa cuant\u00eda de los ingresos mensuales del padre de\u00a0<strong>Rafael Leonidas Trujillo<\/strong>, que era ya el\u00a0<strong>jefe del Ej\u00e9rcito<\/strong>\u00a0dominicano, y la categor\u00eda del negocio propiedad de\u00a0<strong>Pet\u00e1n\u00a0<\/strong>son un \u00edndice convincente de que los familiares del pr\u00f3ximo dictador\u00a0<strong>eran miembros del conjunto de capas sociales\u00a0<\/strong>conocidas en esos a\u00f1os con la denominaci\u00f3n de\u00a0<strong>\u201cgentes de segunda\u201d.<\/strong><\/p>\n<p style=\"font-weight: 400;\">De lo antes manifestado tambi\u00e9n es posible deducir que formaban parte de un n\u00facleo familiar fuertemente despreciado por los que se autodenominaban\u00a0<strong>\u201cgentes de primera\u201d,\u00a0<\/strong>valoraci\u00f3n que con\u00a0<strong>el discurrir del tiempo<\/strong>\u00a0y el\u00a0<strong>ejercicio del poder pol\u00edtico<\/strong>\u00a0<strong>fue superada.<\/strong><\/p>\n<p style=\"font-weight: 400;\"><strong>\u00a1\u00a1Oh la vida que da sorpresas\u2026!!<\/strong><\/p>\n","protected":false},"excerpt":{"rendered":"<p>POR JUAN CRUZ TRIFFOLIO Soci\u00f3logo \u2013 Comunicador Dominicano triffolio@gmail.com \u00a0 Consecuencia de unos recuerdos de episodios ilustrativos de su vida, resalta el\u00a0profesor Juan Bosch, con una precisi\u00f3n envidiable, algunos hechos que demuestran de manera contundente la raz\u00f3n por lo que\u00a0la familia Trujillo, en otrora, era considerada\u00a0\u201cde segunda\u201d. Tal valoraci\u00f3n la ratifica treinta y dos a\u00f1os &hellip;<\/p>\n","protected":false},"author":4,"featured_media":130703,"comment_status":"open","ping_status":"closed","sticky":false,"template":"","format":"standard","meta":{"_jetpack_newsletter_access":"","_jetpack_dont_email_post_to_subs":false,"_jetpack_newsletter_tier_id":0,"_jetpack_memberships_contains_paywalled_content":false,"_jetpack_feature_clip_id":0,"_jetpack_memberships_contains_paid_content":false,"footnotes":"","jetpack_publicize_message":"","jetpack_publicize_feature_enabled":true,"jetpack_social_post_already_shared":true,"jetpack_social_options":{"image_generator_settings":{"template":"highway","default_image_id":0,"font":"","enabled":false},"version":2},"jetpack_post_was_ever_published":false},"categories":[49],"tags":[],"class_list":["post-244610","post","type-post","status-publish","format-standard","has-post-thumbnail","hentry","category-opinion"],"jetpack_publicize_connections":[],"jetpack_featured_media_url":"https:\/\/primicias.net\/web\/wp-content\/uploads\/2022\/12\/Triffolio-2022-1.jpg","jetpack_sharing_enabled":true,"_links":{"self":[{"href":"https:\/\/primicias.net\/web\/wp-json\/wp\/v2\/posts\/244610","targetHints":{"allow":["GET"]}}],"collection":[{"href":"https:\/\/primicias.net\/web\/wp-json\/wp\/v2\/posts"}],"about":[{"href":"https:\/\/primicias.net\/web\/wp-json\/wp\/v2\/types\/post"}],"author":[{"embeddable":true,"href":"https:\/\/primicias.net\/web\/wp-json\/wp\/v2\/users\/4"}],"replies":[{"embeddable":true,"href":"https:\/\/primicias.net\/web\/wp-json\/wp\/v2\/comments?post=244610"}],"version-history":[{"count":1,"href":"https:\/\/primicias.net\/web\/wp-json\/wp\/v2\/posts\/244610\/revisions"}],"predecessor-version":[{"id":244615,"href":"https:\/\/primicias.net\/web\/wp-json\/wp\/v2\/posts\/244610\/revisions\/244615"}],"wp:featuredmedia":[{"embeddable":true,"href":"https:\/\/primicias.net\/web\/wp-json\/wp\/v2\/media\/130703"}],"wp:attachment":[{"href":"https:\/\/primicias.net\/web\/wp-json\/wp\/v2\/media?parent=244610"}],"wp:term":[{"taxonomy":"category","embeddable":true,"href":"https:\/\/primicias.net\/web\/wp-json\/wp\/v2\/categories?post=244610"},{"taxonomy":"post_tag","embeddable":true,"href":"https:\/\/primicias.net\/web\/wp-json\/wp\/v2\/tags?post=244610"}],"curies":[{"name":"wp","href":"https:\/\/api.w.org\/{rel}","templated":true}]}}