{"id":244603,"date":"2026-09-03T12:41:04","date_gmt":"2026-09-03T16:41:04","guid":{"rendered":"https:\/\/primicias.net\/web\/?p=244603"},"modified":"2026-09-03T12:41:04","modified_gmt":"2026-09-03T16:41:04","slug":"centro-cultural-taino-casa-del-cordon-realiza-conversatorio-sobre-los-terremotos-historicos-de-la-espanola","status":"publish","type":"post","link":"https:\/\/primicias.net\/web\/centro-cultural-taino-casa-del-cordon-realiza-conversatorio-sobre-los-terremotos-historicos-de-la-espanola\/","title":{"rendered":"Centro Cultural Ta\u00edno Casa del Cord\u00f3n realiza conversatorio sobre los terremotos hist\u00f3ricos de La Espa\u00f1ola"},"content":{"rendered":"<p style=\"font-weight: 400;\">Santo Domingo, D.N. \u2013 El Centro Cultural Ta\u00edno Casa del Cord\u00f3n realiz\u00f3 el conversatorio \u201cLa isla que se mueve: terremotos hist\u00f3ricos en La Espa\u00f1ola\u201d, un encuentro dedicado a examinar la actividad s\u00edsmica de la isla y su influencia en la evoluci\u00f3n del territorio a lo largo de los siglos.<\/p>\n<p style=\"font-weight: 400;\">Durante la conversaci\u00f3n se explic\u00f3 c\u00f3mo la ubicaci\u00f3n de La Espa\u00f1ola entre las placas tect\u00f3nicas de Norteam\u00e9rica y del Caribe ha configurado un entorno marcado por la presencia de fallas s\u00edsmicamente activas. Asimismo, se revisaron distintos eventos que han afectado a la isla desde el per\u00edodo colonial.<\/p>\n<p style=\"font-weight: 400;\">El conversatorio cont\u00f3 con las intervenciones de Osiris de Le\u00f3n, ingeniero ge\u00f3logo y especialista en sismicidad y prevenci\u00f3n de desastres, y Joan Ferrer, abogado, historiador, genealogista e investigador. La actividad fue moderada por Jos\u00e9 Enrique Delmonte, asesor cultural del Centro Cultural Ta\u00edno Casa del Cord\u00f3n.<\/p>\n<p style=\"font-weight: 400;\"><img loading=\"lazy\" decoding=\"async\" class=\"alignnone size-full wp-image-244605\" src=\"https:\/\/primicias.net\/web\/wp-content\/uploads\/2026\/09\/DSC01398.jpg\" alt=\"\" width=\"1280\" height=\"720\" srcset=\"https:\/\/primicias.net\/web\/wp-content\/uploads\/2026\/09\/DSC01398.jpg 1280w, https:\/\/primicias.net\/web\/wp-content\/uploads\/2026\/09\/DSC01398-300x169.jpg 300w, https:\/\/primicias.net\/web\/wp-content\/uploads\/2026\/09\/DSC01398-1024x576.jpg 1024w, https:\/\/primicias.net\/web\/wp-content\/uploads\/2026\/09\/DSC01398-768x432.jpg 768w, https:\/\/primicias.net\/web\/wp-content\/uploads\/2026\/09\/DSC01398-390x220.jpg 390w\" sizes=\"auto, (max-width: 1280px) 100vw, 1280px\" \/><\/p>\n<p style=\"font-weight: 400;\"><strong>Recorrido por los terremotos hist\u00f3ricos<\/strong><\/p>\n<p style=\"font-weight: 400;\">Durante el encuentro se repasaron algunos de los terremotos de mayor magnitud documentados en la historia de la isla. Entre ellos figur\u00f3 el sismo del 4 de agosto de 1946, ocurrido frente a la costa noreste de Rep\u00fablica Dominicana, considerado el de mayor magnitud registrado instrumentalmente en La Espa\u00f1ola con una magnitud de 7.8.<\/p>\n<p style=\"font-weight: 400;\">Tambi\u00e9n se abordaron los terremotos de 1842, que afectaron zonas del norte de la isla, los eventos s\u00edsmicos registrados en 1751 en el sur del territorio, el terremoto de 1770 asociado a la falla Enriquillo y el sismo ocurrido en Hait\u00ed en 2010.<\/p>\n<p style=\"font-weight: 400;\">Los expositores explicaron que la isla de Santo Domingo se encuentra ubicada entre las placas tect\u00f3nicas de Norteam\u00e9rica y del Caribe y cuenta con 14 fallas s\u00edsmicamente activas.<\/p>\n<p style=\"font-weight: 400;\">Asimismo, abordaron el papel de estructuras geol\u00f3gicas como las fallas Septentrional y Enriquillo Plantain Garden, vinculadas a varios de los principales terremotos hist\u00f3ricos de la regi\u00f3n. De igual forma, analizaron c\u00f3mo estos fen\u00f3menos han incidido en el desarrollo de ciudades, infraestructuras y comunidades en distintos momentos de la historia.<\/p>\n<p style=\"font-weight: 400;\"><img loading=\"lazy\" decoding=\"async\" class=\"alignnone size-full wp-image-244604\" src=\"https:\/\/primicias.net\/web\/wp-content\/uploads\/2026\/09\/DSC01438.jpg\" alt=\"\" width=\"1280\" height=\"853\" srcset=\"https:\/\/primicias.net\/web\/wp-content\/uploads\/2026\/09\/DSC01438.jpg 1280w, https:\/\/primicias.net\/web\/wp-content\/uploads\/2026\/09\/DSC01438-300x200.jpg 300w, https:\/\/primicias.net\/web\/wp-content\/uploads\/2026\/09\/DSC01438-1024x682.jpg 1024w, https:\/\/primicias.net\/web\/wp-content\/uploads\/2026\/09\/DSC01438-768x512.jpg 768w\" sizes=\"auto, (max-width: 1280px) 100vw, 1280px\" \/><\/p>\n<p style=\"font-weight: 400;\"><strong>El papel de la conciencia ciudadana<\/strong><\/p>\n<p style=\"font-weight: 400;\">En el desarrollo del conversatorio se plante\u00f3 la importancia de ampliar el conocimiento p\u00fablico sobre la actividad s\u00edsmica presente en el pa\u00eds y generar una conciencia ciudadana responsable y una actitud preventiva ante estos fen\u00f3menos. Los panelistas destacaron la necesidad de comprender las caracter\u00edsticas geol\u00f3gicas del territorio y de mantener una preparaci\u00f3n adecuada frente a posibles eventos s\u00edsmicos.<\/p>\n<p style=\"font-weight: 400;\">La conversaci\u00f3n tambi\u00e9n abord\u00f3 el valor de la investigaci\u00f3n hist\u00f3rica y cient\u00edfica para comprender la recurrencia de estos movimientos tel\u00faricos y fortalecer la alerta ciudadana sobre los riesgos asociados a una isla ubicada en una de las zonas de mayor actividad tect\u00f3nica del Caribe.<\/p>\n<p style=\"font-weight: 400;\">Los interesados en conocer m\u00e1s sobre este y otros temas pueden visitar las instalaciones del Centro Cultural Ta\u00edno Casa del Cord\u00f3n y acceder a m\u00e1s conversatorios y contenidos audiovisuales a trav\u00e9s del canal de YouTube @casadelcordon.<\/p>\n","protected":false},"excerpt":{"rendered":"<p>Santo Domingo, D.N. \u2013 El Centro Cultural Ta\u00edno Casa del Cord\u00f3n realiz\u00f3 el conversatorio \u201cLa isla que se mueve: terremotos hist\u00f3ricos en La Espa\u00f1ola\u201d, un encuentro dedicado a examinar la actividad s\u00edsmica de la isla y su influencia en la evoluci\u00f3n del territorio a lo largo de los siglos. Durante la conversaci\u00f3n se explic\u00f3 c\u00f3mo &hellip;<\/p>\n","protected":false},"author":4,"featured_media":244606,"comment_status":"open","ping_status":"closed","sticky":false,"template":"","format":"standard","meta":{"_jetpack_newsletter_access":"","_jetpack_dont_email_post_to_subs":false,"_jetpack_newsletter_tier_id":0,"_jetpack_memberships_contains_paywalled_content":false,"_jetpack_feature_clip_id":0,"_jetpack_memberships_contains_paid_content":false,"footnotes":"","jetpack_publicize_message":"","jetpack_publicize_feature_enabled":true,"jetpack_social_post_already_shared":true,"jetpack_social_options":{"image_generator_settings":{"template":"highway","default_image_id":0,"font":"","enabled":false},"version":2},"jetpack_post_was_ever_published":false},"categories":[35],"tags":[],"class_list":["post-244603","post","type-post","status-publish","format-standard","has-post-thumbnail","hentry","category-economia-arte"],"jetpack_publicize_connections":[],"jetpack_featured_media_url":"https:\/\/primicias.net\/web\/wp-content\/uploads\/2026\/09\/DSC01169.jpg","jetpack_sharing_enabled":true,"_links":{"self":[{"href":"https:\/\/primicias.net\/web\/wp-json\/wp\/v2\/posts\/244603","targetHints":{"allow":["GET"]}}],"collection":[{"href":"https:\/\/primicias.net\/web\/wp-json\/wp\/v2\/posts"}],"about":[{"href":"https:\/\/primicias.net\/web\/wp-json\/wp\/v2\/types\/post"}],"author":[{"embeddable":true,"href":"https:\/\/primicias.net\/web\/wp-json\/wp\/v2\/users\/4"}],"replies":[{"embeddable":true,"href":"https:\/\/primicias.net\/web\/wp-json\/wp\/v2\/comments?post=244603"}],"version-history":[{"count":1,"href":"https:\/\/primicias.net\/web\/wp-json\/wp\/v2\/posts\/244603\/revisions"}],"predecessor-version":[{"id":244607,"href":"https:\/\/primicias.net\/web\/wp-json\/wp\/v2\/posts\/244603\/revisions\/244607"}],"wp:featuredmedia":[{"embeddable":true,"href":"https:\/\/primicias.net\/web\/wp-json\/wp\/v2\/media\/244606"}],"wp:attachment":[{"href":"https:\/\/primicias.net\/web\/wp-json\/wp\/v2\/media?parent=244603"}],"wp:term":[{"taxonomy":"category","embeddable":true,"href":"https:\/\/primicias.net\/web\/wp-json\/wp\/v2\/categories?post=244603"},{"taxonomy":"post_tag","embeddable":true,"href":"https:\/\/primicias.net\/web\/wp-json\/wp\/v2\/tags?post=244603"}],"curies":[{"name":"wp","href":"https:\/\/api.w.org\/{rel}","templated":true}]}}