{"id":244596,"date":"2026-09-03T12:37:12","date_gmt":"2026-09-03T16:37:12","guid":{"rendered":"https:\/\/primicias.net\/web\/?p=244596"},"modified":"2026-09-03T12:37:12","modified_gmt":"2026-09-03T16:37:12","slug":"gobierno-eleva-la-proteccion-del-patrimonio-natural-a-prioridad-de-seguridad-nacional","status":"publish","type":"post","link":"https:\/\/primicias.net\/web\/gobierno-eleva-la-proteccion-del-patrimonio-natural-a-prioridad-de-seguridad-nacional\/","title":{"rendered":"Gobierno eleva la protecci\u00f3n del patrimonio natural a prioridad de seguridad nacional"},"content":{"rendered":"<div>SANTO DOMINGO, Rep\u00fablica Dominicana. \u00a0Mediante un decreto, el presidente Luis Abinader declar\u00f3 de alto inter\u00e9s nacional y prioridad estrat\u00e9gica para la seguridad nacional la prevenci\u00f3n, detecci\u00f3n, investigaci\u00f3n, persecuci\u00f3n y combate de las conductas definidas en la disposici\u00f3n como terrorismo medioambiental.<\/div>\n<div><\/div>\n<div>El decreto establece una respuesta integral del Estado ante actos dolosos, individuales, colectivos u organizados, ejecutados por dominicanos o extranjeros con la finalidad de provocar da\u00f1os graves a los ecosistemas, los recursos naturales o las infraestructuras ecol\u00f3gicas estrat\u00e9gicas del pa\u00eds, cuando generen temor colectivo, afectaci\u00f3n masiva a la poblaci\u00f3n o presi\u00f3n indebida sobre las autoridades p\u00fablicas.<\/div>\n<div><\/div>\n<div>El presidente Abinader afirm\u00f3 que el Gobierno ha decidido actuar de manera dr\u00e1stica frente a estas conductas y asegur\u00f3 que el Estado utilizar\u00e1 todos los recursos disponibles para proteger el patrimonio natural dominicano.<\/div>\n<div><\/div>\n<div>\u201cEstamos preparados para hacer todo lo necesario para proteger nuestro patrimonio natural y aplicar con firmeza las leyes contra quienes lo destruyan\u201d, expres\u00f3 el mandatario.<\/div>\n<div><\/div>\n<div>La disposici\u00f3n coloca la protecci\u00f3n del patrimonio natural entre las prioridades estrat\u00e9gicas de seguridad nacional y ordena la articulaci\u00f3n de las instituciones responsables de la defensa, la inteligencia, la justicia y la protecci\u00f3n ambiental para prevenir y enfrentar este tipo de amenazas.<\/div>\n<div><\/div>\n<div>El ministro de Medio Ambiente y Recursos Naturales, Pa\u00edno Henr\u00edquez, destac\u00f3 que la decisi\u00f3n representa un cambio fundamental en la respuesta del Estado frente a quienes provocan da\u00f1os graves y deliberados al patrimonio natural dominicano, al reconocer que determinadas acciones contra los ecosistemas pueden trascender el \u00e1mbito ambiental y comprometer la seguridad de la Naci\u00f3n.<\/div>\n<div><\/div>\n<div>\u201cDurante demasiado tiempo hemos tratado los delitos contra el medio ambiente como si fueran delitos menores. Pero cuando se destruye un bosque, se amenaza nuestra agua; cuando se destruye una cuenca, se amenaza nuestra producci\u00f3n agr\u00edcola y nuestra seguridad alimentaria\u201d, expres\u00f3 Henr\u00edquez.<\/div>\n<div><\/div>\n<div>\u201cEl agua es seguridad nacional. Los bosques son seguridad nacional. Las \u00e1reas protegidas son seguridad nacional. Y quien atente deliberadamente contra ellos debe saber que tendr\u00e1 al Estado dominicano de frente\u201d, agreg\u00f3.<\/div>\n<div><\/div>\n<div><b>Una respuesta firme frente al da\u00f1o ambiental<\/b><\/div>\n<div><\/div>\n<div>El decreto instruye al Comit\u00e9 Nacional Antiterrorista (CAN) y a la Direcci\u00f3n Nacional Antiterrorista (DAN) a incorporar en sus planes operativos la identificaci\u00f3n, prevenci\u00f3n y neutralizaci\u00f3n de amenazas vinculadas al terrorismo medioambiental contra las infraestructuras ecol\u00f3gicas estrat\u00e9gicas del pa\u00eds.<\/div>\n<div><\/div>\n<div>La disposici\u00f3n reconoce como infraestructuras ecol\u00f3gicas estrat\u00e9gicas de la Naci\u00f3n las \u00e1reas protegidas y sus zonas de amortiguamiento, las cuencas hidrogr\u00e1ficas, los acu\u00edferos y reservas de agua subterr\u00e1nea, los manglares, humedales y arrecifes coralinos, los sistemas de abastecimiento de agua potable y los bosques de protecci\u00f3n y producci\u00f3n, as\u00ed como cualquier ecosistema cuya degradaci\u00f3n pueda comprometer la seguridad ambiental, alimentaria o h\u00eddrica del pa\u00eds.<\/div>\n<div><\/div>\n<div>Asimismo, establece que el Ministerio de Defensa, el Ministerio de Medio Ambiente y Recursos Naturales, el Ministerio de Justicia y la Direcci\u00f3n Nacional de Inteligencia (DNI) elaborar\u00e1n una Pol\u00edtica Nacional para la Prevenci\u00f3n y Combate del Terrorismo Medioambiental.<\/div>\n<div><\/div>\n<div>Esta pol\u00edtica estar\u00e1 orientada, entre otros objetivos, a identificar organizaciones criminales ambientales, detectar el financiamiento il\u00edcito de actividades depredadoras, proteger cuencas, bosques y \u00e1reas protegidas, prevenir incendios forestales provocados y resguardar infraestructuras de agua potable, saneamiento y energ\u00eda, incluidas las redes de distribuci\u00f3n el\u00e9ctrica.<\/div>\n<div><\/div>\n<div>El decreto se\u00f1ala que esta modalidad de criminalidad compleja puede estar vinculada a redes dedicadas al tr\u00e1fico il\u00edcito de recursos naturales, la agricultura ilegal dentro de \u00e1reas protegidas, la miner\u00eda ilegal, el comercio ilegal de especies protegidas, los incendios forestales provocados y la ocupaci\u00f3n il\u00edcita de \u00e1reas protegidas.<\/div>\n<div><\/div>\n<div>Tambi\u00e9n cita el art\u00edculo 265, numeral 5, de la Ley n\u00fam. 74-25, Org\u00e1nica que instituye el nuevo C\u00f3digo Penal de la Rep\u00fablica Dominicana, que establece penas de 20 a 30 a\u00f1os de prisi\u00f3n mayor, adem\u00e1s de multas de 30 a 40 salarios m\u00ednimos del sector p\u00fablico, para quien provoque voluntariamente un incendio en bosques, reservas forestales, nacimientos de r\u00edos, arroyos o ca\u00f1adas, parques nacionales o cualquier otra categor\u00eda de \u00e1rea protegida.<\/div>\n<div><\/div>\n<div><img loading=\"lazy\" decoding=\"async\" class=\"alignnone size-full wp-image-244600\" src=\"https:\/\/primicias.net\/web\/wp-content\/uploads\/2026\/09\/ALM0363-scaled.jpg\" alt=\"\" width=\"2560\" height=\"1707\" srcset=\"https:\/\/primicias.net\/web\/wp-content\/uploads\/2026\/09\/ALM0363-scaled.jpg 2560w, https:\/\/primicias.net\/web\/wp-content\/uploads\/2026\/09\/ALM0363-300x200.jpg 300w, https:\/\/primicias.net\/web\/wp-content\/uploads\/2026\/09\/ALM0363-1024x683.jpg 1024w, https:\/\/primicias.net\/web\/wp-content\/uploads\/2026\/09\/ALM0363-768x512.jpg 768w, https:\/\/primicias.net\/web\/wp-content\/uploads\/2026\/09\/ALM0363-1536x1024.jpg 1536w, https:\/\/primicias.net\/web\/wp-content\/uploads\/2026\/09\/ALM0363-2048x1365.jpg 2048w\" sizes=\"auto, (max-width: 2560px) 100vw, 2560px\" \/> <img loading=\"lazy\" decoding=\"async\" class=\"alignnone size-full wp-image-244599\" src=\"https:\/\/primicias.net\/web\/wp-content\/uploads\/2026\/09\/ALM0361-scaled.jpg\" alt=\"\" width=\"2560\" height=\"1707\" srcset=\"https:\/\/primicias.net\/web\/wp-content\/uploads\/2026\/09\/ALM0361-scaled.jpg 2560w, https:\/\/primicias.net\/web\/wp-content\/uploads\/2026\/09\/ALM0361-300x200.jpg 300w, https:\/\/primicias.net\/web\/wp-content\/uploads\/2026\/09\/ALM0361-1024x683.jpg 1024w, https:\/\/primicias.net\/web\/wp-content\/uploads\/2026\/09\/ALM0361-768x512.jpg 768w, https:\/\/primicias.net\/web\/wp-content\/uploads\/2026\/09\/ALM0361-1536x1024.jpg 1536w, https:\/\/primicias.net\/web\/wp-content\/uploads\/2026\/09\/ALM0361-2048x1365.jpg 2048w\" sizes=\"auto, (max-width: 2560px) 100vw, 2560px\" \/> <img loading=\"lazy\" decoding=\"async\" class=\"alignnone size-full wp-image-244598\" src=\"https:\/\/primicias.net\/web\/wp-content\/uploads\/2026\/09\/ALM0334-scaled.jpg\" alt=\"\" width=\"2560\" height=\"1707\" srcset=\"https:\/\/primicias.net\/web\/wp-content\/uploads\/2026\/09\/ALM0334-scaled.jpg 2560w, https:\/\/primicias.net\/web\/wp-content\/uploads\/2026\/09\/ALM0334-300x200.jpg 300w, https:\/\/primicias.net\/web\/wp-content\/uploads\/2026\/09\/ALM0334-1024x683.jpg 1024w, https:\/\/primicias.net\/web\/wp-content\/uploads\/2026\/09\/ALM0334-768x512.jpg 768w, https:\/\/primicias.net\/web\/wp-content\/uploads\/2026\/09\/ALM0334-1536x1024.jpg 1536w, https:\/\/primicias.net\/web\/wp-content\/uploads\/2026\/09\/ALM0334-2048x1365.jpg 2048w\" sizes=\"auto, (max-width: 2560px) 100vw, 2560px\" \/> <img loading=\"lazy\" decoding=\"async\" class=\"alignnone size-full wp-image-244597\" src=\"https:\/\/primicias.net\/web\/wp-content\/uploads\/2026\/09\/ALM0300-scaled.jpg\" alt=\"\" width=\"2560\" height=\"1345\" srcset=\"https:\/\/primicias.net\/web\/wp-content\/uploads\/2026\/09\/ALM0300-scaled.jpg 2560w, https:\/\/primicias.net\/web\/wp-content\/uploads\/2026\/09\/ALM0300-300x158.jpg 300w, https:\/\/primicias.net\/web\/wp-content\/uploads\/2026\/09\/ALM0300-1024x538.jpg 1024w, https:\/\/primicias.net\/web\/wp-content\/uploads\/2026\/09\/ALM0300-768x404.jpg 768w, https:\/\/primicias.net\/web\/wp-content\/uploads\/2026\/09\/ALM0300-1536x807.jpg 1536w, https:\/\/primicias.net\/web\/wp-content\/uploads\/2026\/09\/ALM0300-2048x1076.jpg 2048w\" sizes=\"auto, (max-width: 2560px) 100vw, 2560px\" \/><\/div>\n<div><\/div>\n<div><b>La ciudadan\u00eda como aliada<\/b><\/div>\n<div><\/div>\n<div>Como parte de esta pol\u00edtica, las instituciones competentes habilitar\u00e1n plataformas tecnol\u00f3gicas y mecanismos confidenciales de denuncia para reportar actividades que amenacen los recursos naturales estrat\u00e9gicos, garantizando la protecci\u00f3n de denunciantes y colaboradores de buena fe.<\/div>\n<div><\/div>\n<div>En l\u00ednea con este mandato, el Ministerio de Medio Ambiente y Recursos Naturales desarrolla una nueva plataforma de fiscalizaci\u00f3n, actualmente en fase de prueba, que permitir\u00e1 registrar, georreferenciar y dar seguimiento a cada denuncia, con el prop\u00f3sito de acelerar la respuesta institucional y garantizar la trazabilidad de las actuaciones.<\/div>\n<div><\/div>\n<div>Henr\u00edquez destac\u00f3 que la participaci\u00f3n ciudadana constituye un componente fundamental para detectar oportunamente las amenazas contra los recursos naturales y llam\u00f3 a la poblaci\u00f3n a utilizar los mecanismos que ser\u00e1n habilitados para reportar acciones que puedan comprometer el patrimonio ambiental.<\/div>\n<div><\/div>\n<div>El ministro reiter\u00f3 que la protecci\u00f3n de los recursos naturales no puede limitarse a sembrar \u00e1rboles, recoger residuos o desarrollar campa\u00f1as educativas, sino que tambi\u00e9n requiere prevenci\u00f3n, vigilancia, investigaci\u00f3n y una actuaci\u00f3n firme de las instituciones responsables.<\/div>\n<div><\/div>\n<div>\u201cHay momentos en los que proteger la naturaleza significa ejercer la autoridad del Estado. Y este es uno de esos momentos\u201d, afirm\u00f3.<\/div>\n<div><\/div>\n<div>Los ministerios de Medio Ambiente y Recursos Naturales y de Defensa presentar\u00e1n peri\u00f3dicamente al presidente de la Rep\u00fablica informes sobre riesgos, amenazas, incidentes y resultados de las acciones implementadas en cumplimiento del decreto.<\/div>\n<div><\/div>\n<div>Henr\u00edquez asegur\u00f3 que la instituci\u00f3n trabajar\u00e1 de manera articulada con las dem\u00e1s entidades involucradas para garantizar la protecci\u00f3n efectiva de los recursos naturales estrat\u00e9gicos y advirti\u00f3 que el Estado actuar\u00e1 frente a quienes conviertan la destrucci\u00f3n ambiental en una actividad lucrativa.<\/div>\n<div><\/div>\n<div>\u201cLa naturaleza dominicana no est\u00e1 en venta. No est\u00e1 abandonada. Y no est\u00e1 indefensa. Mientras tengamos la responsabilidad de protegerla, vamos a defenderla con la ley, con las instituciones, con determinaci\u00f3n y con toda la autoridad del Estado dominicano\u201d, concluy\u00f3 Henr\u00edquez.<\/div>\n","protected":false},"excerpt":{"rendered":"<p>SANTO DOMINGO, Rep\u00fablica Dominicana. \u00a0Mediante un decreto, el presidente Luis Abinader declar\u00f3 de alto inter\u00e9s nacional y prioridad estrat\u00e9gica para la seguridad nacional la prevenci\u00f3n, detecci\u00f3n, investigaci\u00f3n, persecuci\u00f3n y combate de las conductas definidas en la disposici\u00f3n como terrorismo medioambiental. El decreto establece una respuesta integral del Estado ante actos dolosos, individuales, colectivos u organizados, &hellip;<\/p>\n","protected":false},"author":4,"featured_media":244601,"comment_status":"open","ping_status":"closed","sticky":false,"template":"","format":"standard","meta":{"_jetpack_newsletter_access":"","_jetpack_dont_email_post_to_subs":false,"_jetpack_newsletter_tier_id":0,"_jetpack_memberships_contains_paywalled_content":false,"_jetpack_feature_clip_id":0,"_jetpack_memberships_contains_paid_content":false,"footnotes":"","jetpack_publicize_message":"","jetpack_publicize_feature_enabled":true,"jetpack_social_post_already_shared":true,"jetpack_social_options":{"image_generator_settings":{"template":"highway","default_image_id":0,"font":"","enabled":false},"version":2},"jetpack_post_was_ever_published":false},"categories":[31],"tags":[],"class_list":["post-244596","post","type-post","status-publish","format-standard","has-post-thumbnail","hentry","category-nacionales"],"jetpack_publicize_connections":[],"jetpack_featured_media_url":"https:\/\/primicias.net\/web\/wp-content\/uploads\/2026\/09\/ALM_8729-scaled.jpg","jetpack_sharing_enabled":true,"_links":{"self":[{"href":"https:\/\/primicias.net\/web\/wp-json\/wp\/v2\/posts\/244596","targetHints":{"allow":["GET"]}}],"collection":[{"href":"https:\/\/primicias.net\/web\/wp-json\/wp\/v2\/posts"}],"about":[{"href":"https:\/\/primicias.net\/web\/wp-json\/wp\/v2\/types\/post"}],"author":[{"embeddable":true,"href":"https:\/\/primicias.net\/web\/wp-json\/wp\/v2\/users\/4"}],"replies":[{"embeddable":true,"href":"https:\/\/primicias.net\/web\/wp-json\/wp\/v2\/comments?post=244596"}],"version-history":[{"count":1,"href":"https:\/\/primicias.net\/web\/wp-json\/wp\/v2\/posts\/244596\/revisions"}],"predecessor-version":[{"id":244602,"href":"https:\/\/primicias.net\/web\/wp-json\/wp\/v2\/posts\/244596\/revisions\/244602"}],"wp:featuredmedia":[{"embeddable":true,"href":"https:\/\/primicias.net\/web\/wp-json\/wp\/v2\/media\/244601"}],"wp:attachment":[{"href":"https:\/\/primicias.net\/web\/wp-json\/wp\/v2\/media?parent=244596"}],"wp:term":[{"taxonomy":"category","embeddable":true,"href":"https:\/\/primicias.net\/web\/wp-json\/wp\/v2\/categories?post=244596"},{"taxonomy":"post_tag","embeddable":true,"href":"https:\/\/primicias.net\/web\/wp-json\/wp\/v2\/tags?post=244596"}],"curies":[{"name":"wp","href":"https:\/\/api.w.org\/{rel}","templated":true}]}}