{"id":244582,"date":"2026-09-03T12:23:29","date_gmt":"2026-09-03T16:23:29","guid":{"rendered":"https:\/\/primicias.net\/web\/?p=244582"},"modified":"2026-09-03T12:23:45","modified_gmt":"2026-09-03T16:23:45","slug":"indotel-pone-a-disposicion-de-la-ciudadania-borrador-de-nueva-ley-general-de-telecomunicaciones","status":"publish","type":"post","link":"https:\/\/primicias.net\/web\/indotel-pone-a-disposicion-de-la-ciudadania-borrador-de-nueva-ley-general-de-telecomunicaciones\/","title":{"rendered":"Indotel pone a disposici\u00f3n de la ciudadan\u00eda borrador de nueva Ley General de Telecomunicaciones"},"content":{"rendered":"<div><b>Santo Domingo.-<\/b>\u00a0El Instituto Dominicano de las Telecomunicaciones (Indotel) puso a disposici\u00f3n de la ciudadan\u00eda el borrador del proyecto de Ley General de Telecomunicaciones, Infraestructura Digital y Conectividad, con el prop\u00f3sito de que la poblaci\u00f3n y los distintos sectores interesados puedan conocer el contenido de la propuesta y participar en el proceso de di\u00e1logo previo a su eventual presentaci\u00f3n ante el Congreso Nacional.<\/div>\n<div><\/div>\n<div>El documento puede ser consultado en la p\u00e1gina web del Indotel, a trav\u00e9s de la secci\u00f3n \u201cEnlaces\u201d, como parte del proceso de socializaci\u00f3n de una iniciativa que plantea una actualizaci\u00f3n integral del marco jur\u00eddico que rige las telecomunicaciones en Rep\u00fablica Dominicana.<\/div>\n<div><\/div>\n<div>El Indotel explic\u00f3 que el proyecto procura actualizar el marco jur\u00eddico vigente para responder a la transformaci\u00f3n tecnol\u00f3gica y fortalecer aspectos como la competencia, el despliegue de infraestructura, la gesti\u00f3n del espectro radioel\u00e9ctrico, el cierre de la brecha digital, la protecci\u00f3n de los usuarios y la ciberseguridad.<\/div>\n<div><\/div>\n<div>Indic\u00f3 que la propuesta tambi\u00e9n busca facilitar el despliegue de redes mediante una ventanilla \u00fanica electr\u00f3nica para los permisos de infraestructura y promover la compartici\u00f3n de redes y facilidades esenciales cuando sea t\u00e9cnica y econ\u00f3micamente viable.<\/div>\n<div><\/div>\n<div>Asimismo, el Instituto destac\u00f3 que el borrador ser\u00e1 sometido a un proceso de di\u00e1logo con operadores, usuarios, academias, expertos, emprendedores, organizaciones de la sociedad civil y otros sectores, con el prop\u00f3sito de recibir sus aportaciones y enriquecer la propuesta.<\/div>\n<div><\/div>\n<div>Como parte de este proceso, el presidente del Consejo Directivo del Indotel, Guido G\u00f3mez Mazara, llev\u00f3 el proyecto ante la Consultor\u00eda Jur\u00eddica del Poder Ejecutivo, con la que el Instituto trabajar\u00e1 en la revisi\u00f3n y discusi\u00f3n de la propuesta antes de su presentaci\u00f3n al Congreso Nacional.<\/div>\n","protected":false},"excerpt":{"rendered":"<p>Santo Domingo.-\u00a0El Instituto Dominicano de las Telecomunicaciones (Indotel) puso a disposici\u00f3n de la ciudadan\u00eda el borrador del proyecto de Ley General de Telecomunicaciones, Infraestructura Digital y Conectividad, con el prop\u00f3sito de que la poblaci\u00f3n y los distintos sectores interesados puedan conocer el contenido de la propuesta y participar en el proceso de di\u00e1logo previo a &hellip;<\/p>\n","protected":false},"author":4,"featured_media":244585,"comment_status":"open","ping_status":"closed","sticky":false,"template":"","format":"standard","meta":{"_jetpack_newsletter_access":"","_jetpack_dont_email_post_to_subs":false,"_jetpack_newsletter_tier_id":0,"_jetpack_memberships_contains_paywalled_content":false,"_jetpack_feature_clip_id":0,"_jetpack_memberships_contains_paid_content":false,"footnotes":"","jetpack_publicize_message":"","jetpack_publicize_feature_enabled":true,"jetpack_social_post_already_shared":true,"jetpack_social_options":{"image_generator_settings":{"template":"highway","default_image_id":0,"font":"","enabled":false},"version":2},"jetpack_post_was_ever_published":false},"categories":[31],"tags":[],"class_list":["post-244582","post","type-post","status-publish","format-standard","has-post-thumbnail","hentry","category-nacionales"],"jetpack_publicize_connections":[],"jetpack_featured_media_url":"https:\/\/primicias.net\/web\/wp-content\/uploads\/2026\/09\/Fachada-del-Instituto-Dominicano-de-las-Telecomuicaciones.jpeg","jetpack_sharing_enabled":true,"_links":{"self":[{"href":"https:\/\/primicias.net\/web\/wp-json\/wp\/v2\/posts\/244582","targetHints":{"allow":["GET"]}}],"collection":[{"href":"https:\/\/primicias.net\/web\/wp-json\/wp\/v2\/posts"}],"about":[{"href":"https:\/\/primicias.net\/web\/wp-json\/wp\/v2\/types\/post"}],"author":[{"embeddable":true,"href":"https:\/\/primicias.net\/web\/wp-json\/wp\/v2\/users\/4"}],"replies":[{"embeddable":true,"href":"https:\/\/primicias.net\/web\/wp-json\/wp\/v2\/comments?post=244582"}],"version-history":[{"count":2,"href":"https:\/\/primicias.net\/web\/wp-json\/wp\/v2\/posts\/244582\/revisions"}],"predecessor-version":[{"id":244587,"href":"https:\/\/primicias.net\/web\/wp-json\/wp\/v2\/posts\/244582\/revisions\/244587"}],"wp:featuredmedia":[{"embeddable":true,"href":"https:\/\/primicias.net\/web\/wp-json\/wp\/v2\/media\/244585"}],"wp:attachment":[{"href":"https:\/\/primicias.net\/web\/wp-json\/wp\/v2\/media?parent=244582"}],"wp:term":[{"taxonomy":"category","embeddable":true,"href":"https:\/\/primicias.net\/web\/wp-json\/wp\/v2\/categories?post=244582"},{"taxonomy":"post_tag","embeddable":true,"href":"https:\/\/primicias.net\/web\/wp-json\/wp\/v2\/tags?post=244582"}],"curies":[{"name":"wp","href":"https:\/\/api.w.org\/{rel}","templated":true}]}}