{"id":244576,"date":"2026-09-03T12:19:33","date_gmt":"2026-09-03T16:19:33","guid":{"rendered":"https:\/\/primicias.net\/web\/?p=244576"},"modified":"2026-09-03T12:19:33","modified_gmt":"2026-09-03T16:19:33","slug":"antonio-taveras-destaca-avances-institucionales-durante-gestion-al-frente-de-comision-de-justicia","status":"publish","type":"post","link":"https:\/\/primicias.net\/web\/antonio-taveras-destaca-avances-institucionales-durante-gestion-al-frente-de-comision-de-justicia\/","title":{"rendered":"Antonio Taveras destaca avances institucionales durante gesti\u00f3n al frente de Comisi\u00f3n de Justicia"},"content":{"rendered":"<p dir=\"ltr\">Santo Domingo.\u2013 El senador Antonio Taveras Guzm\u00e1n present\u00f3 ante el pleno del Senado un balance de sus dos a\u00f1os al frente de la Comisi\u00f3n Permanente de Justicia y Derechos Humanos, per\u00edodo que defini\u00f3 como de intenso trabajo y de importantes transformaciones para el sistema de justicia dominicano.<\/p>\n<p dir=\"ltr\">Entre las principales iniciativas trabajadas, Taveras destac\u00f3 la creaci\u00f3n del Ministerio de Justicia, la reforma del C\u00f3digo Penal y Procesal Penal, la Ley Org\u00e1nica del Tribunal Superior Electoral, la jurisdicci\u00f3n contencioso-administrativa, la transformaci\u00f3n digital de la justicia y la creaci\u00f3n y fortalecimiento de tribunales en distintas demarcaciones del pa\u00eds.<\/p>\n<p dir=\"ltr\">Tambi\u00e9n resalt\u00f3 los trabajos sobre la Ley Org\u00e1nica de Fiscalizaci\u00f3n y Control del Congreso Nacional, la prevenci\u00f3n de conflictos de intereses en la funci\u00f3n p\u00fablica, la lucha contra la trata de personas y el tr\u00e1fico il\u00edcito de migrantes, la construcci\u00f3n de infraestructuras penitenciarias, la titulaci\u00f3n de terrenos del Estado en zonas fronterizas, el combate a los fraudes mediante esquemas piramidales y la regulaci\u00f3n del embargo retentivo.<\/p>\n<p dir=\"ltr\">El legislador por la provincia Santo Domingo destac\u00f3 adem\u00e1s los avances en la implementaci\u00f3n de la Ley de Extinci\u00f3n de Dominio, de su autor\u00eda, que recientemente alcanz\u00f3 un hito con la primera sentencia definitiva dictada bajo esta legislaci\u00f3n. Record\u00f3 que desde la Comisi\u00f3n de Justicia se impulsaron resoluciones para solicitar al Ministerio P\u00fablico su pronta implementaci\u00f3n.<\/p>\n<p dir=\"ltr\">\u201cEl pa\u00eds acaba de lograr la primera sentencia definitiva en materia de extinci\u00f3n de dominio. Eso es un hito para el pa\u00eds y para este Congreso\u201d, afirm\u00f3.<\/p>\n<p dir=\"ltr\">Taveras sostuvo que el trabajo realizado estuvo orientado a construir \u201cuna arquitectura institucional m\u00e1s coherente, especializada y eficiente\u201d, as\u00ed como a fortalecer las garant\u00edas ciudadanas y los mecanismos de control del poder p\u00fablico.<\/p>\n<p dir=\"ltr\">Al concluir su gesti\u00f3n, reconoci\u00f3 que los resultados alcanzados corresponden al esfuerzo colectivo de los senadores y senadoras que integraron la comisi\u00f3n durante estos dos a\u00f1os.<\/p>\n<p dir=\"ltr\">\u201cEn una democracia las diferencias pol\u00edticas son necesarias e importantes, pero cuando estudiamos instituciones fundamentales de la Rep\u00fablica tenemos tambi\u00e9n la obligaci\u00f3n de procurar espacios de deliberaci\u00f3n seria y de construcci\u00f3n de consenso\u201d, expres\u00f3.<\/p>\n<p dir=\"ltr\">Al concluir su gesti\u00f3n, reconoci\u00f3 el trabajo colectivo de los senadores y senadoras que integran la comisi\u00f3n y defendi\u00f3 la construcci\u00f3n de consensos para impulsar las reformas institucionales.<\/p>\n","protected":false},"excerpt":{"rendered":"<p>Santo Domingo.\u2013 El senador Antonio Taveras Guzm\u00e1n present\u00f3 ante el pleno del Senado un balance de sus dos a\u00f1os al frente de la Comisi\u00f3n Permanente de Justicia y Derechos Humanos, per\u00edodo que defini\u00f3 como de intenso trabajo y de importantes transformaciones para el sistema de justicia dominicano. Entre las principales iniciativas trabajadas, Taveras destac\u00f3 la &hellip;<\/p>\n","protected":false},"author":4,"featured_media":244577,"comment_status":"open","ping_status":"closed","sticky":false,"template":"","format":"standard","meta":{"_jetpack_newsletter_access":"","_jetpack_dont_email_post_to_subs":false,"_jetpack_newsletter_tier_id":0,"_jetpack_memberships_contains_paywalled_content":false,"_jetpack_feature_clip_id":0,"_jetpack_memberships_contains_paid_content":false,"footnotes":"","jetpack_publicize_message":"","jetpack_publicize_feature_enabled":true,"jetpack_social_post_already_shared":true,"jetpack_social_options":{"image_generator_settings":{"template":"highway","default_image_id":0,"font":"","enabled":false},"version":2},"jetpack_post_was_ever_published":false},"categories":[47],"tags":[],"class_list":["post-244576","post","type-post","status-publish","format-standard","has-post-thumbnail","hentry","category-politicas"],"jetpack_publicize_connections":[],"jetpack_featured_media_url":"https:\/\/primicias.net\/web\/wp-content\/uploads\/2026\/09\/ATG-03092026-Pleno.jpg","jetpack_sharing_enabled":true,"_links":{"self":[{"href":"https:\/\/primicias.net\/web\/wp-json\/wp\/v2\/posts\/244576","targetHints":{"allow":["GET"]}}],"collection":[{"href":"https:\/\/primicias.net\/web\/wp-json\/wp\/v2\/posts"}],"about":[{"href":"https:\/\/primicias.net\/web\/wp-json\/wp\/v2\/types\/post"}],"author":[{"embeddable":true,"href":"https:\/\/primicias.net\/web\/wp-json\/wp\/v2\/users\/4"}],"replies":[{"embeddable":true,"href":"https:\/\/primicias.net\/web\/wp-json\/wp\/v2\/comments?post=244576"}],"version-history":[{"count":1,"href":"https:\/\/primicias.net\/web\/wp-json\/wp\/v2\/posts\/244576\/revisions"}],"predecessor-version":[{"id":244578,"href":"https:\/\/primicias.net\/web\/wp-json\/wp\/v2\/posts\/244576\/revisions\/244578"}],"wp:featuredmedia":[{"embeddable":true,"href":"https:\/\/primicias.net\/web\/wp-json\/wp\/v2\/media\/244577"}],"wp:attachment":[{"href":"https:\/\/primicias.net\/web\/wp-json\/wp\/v2\/media?parent=244576"}],"wp:term":[{"taxonomy":"category","embeddable":true,"href":"https:\/\/primicias.net\/web\/wp-json\/wp\/v2\/categories?post=244576"},{"taxonomy":"post_tag","embeddable":true,"href":"https:\/\/primicias.net\/web\/wp-json\/wp\/v2\/tags?post=244576"}],"curies":[{"name":"wp","href":"https:\/\/api.w.org\/{rel}","templated":true}]}}