{"id":244575,"date":"2026-09-03T12:21:40","date_gmt":"2026-09-03T16:21:40","guid":{"rendered":"https:\/\/primicias.net\/web\/?p=244575"},"modified":"2026-09-03T12:21:40","modified_gmt":"2026-09-03T16:21:40","slug":"61-anos-de-fundacion-del-noticiario-radio-reloj-nacional-de-radio-continental-890","status":"publish","type":"post","link":"https:\/\/primicias.net\/web\/61-anos-de-fundacion-del-noticiario-radio-reloj-nacional-de-radio-continental-890\/","title":{"rendered":"61 a\u00f1os de fundaci\u00f3n del Noticiario \u00abRadio Reloj Nacional\u00bb de Radio Continental 890"},"content":{"rendered":"<p>Por : Virgilio Lora G\u00f3mez Cre\u00f3 y dirigi\u00f3 lo m\u00e1s importantes noticiarios radiales de la \u00e9poca de oro de las noticias en la Rep\u00fablica Dominicana, impregnando su voz varonil, perfecta y rectitud e integridad profesional.<img loading=\"lazy\" decoding=\"async\" class=\"alignnone size-medium wp-image-244579\" src=\"https:\/\/primicias.net\/web\/wp-content\/uploads\/2026\/09\/PHOTO-2026-09-02-11-10-21-300x225.jpg\" alt=\"\" width=\"300\" height=\"225\" srcset=\"https:\/\/primicias.net\/web\/wp-content\/uploads\/2026\/09\/PHOTO-2026-09-02-11-10-21-300x225.jpg 300w, https:\/\/primicias.net\/web\/wp-content\/uploads\/2026\/09\/PHOTO-2026-09-02-11-10-21-1024x768.jpg 1024w, https:\/\/primicias.net\/web\/wp-content\/uploads\/2026\/09\/PHOTO-2026-09-02-11-10-21-768x576.jpg 768w, https:\/\/primicias.net\/web\/wp-content\/uploads\/2026\/09\/PHOTO-2026-09-02-11-10-21.jpg 1448w\" sizes=\"auto, (max-width: 300px) 100vw, 300px\" \/><\/p>\n<p>Fue unos de los noticiarios de mayor pegada en la radio nacional en la d\u00e9cada de los 60, \u00abRadio Reloj Nacional\u00bb, lo cual acapar\u00f3 la audiencia p\u00fablica en la frecuencia de amplitud modulada (AM), tras nacer bajo la ideolog\u00eda y direcci\u00f3n de Luis Armando Asunci\u00f3n, un gran comunicador en noticia radiada.<\/p>\n<p>Este exitoso proyecto noticioso durante el a\u00f1o que dur\u00f3 cerrada Radio Comercial 1010 AM y Noti-Tiempo al ser incendiada por una turba en la Revoluci\u00f3n del 24 de abril de 1965, siendo su director Luis Armando Asunci\u00f3n, que era un hombre de car\u00e1cter, sin un solo momento de flaqueza y nunca se detuvo a lamentar la dura realidad de ver la emisora que consumida en el fuego.<\/p>\n<p>Sin titubear dio paso al frente poniendo en el aire un nuevo proyecto noticioso que llam\u00f3 \u00abRadio Reloj Nacional\u00bb, para suplir la ausencia de Noti-Tiempo.<\/p>\n<p>Sus primeras transmisiones se realizaron hace 61 a\u00f1os un 4 de noviembre de 1965, por la emisora Radio Universal 650 AM propiedad del empresario y comunicador Ellis P\u00e9rez.<\/p>\n<p>El informativo \u00abRadio Reloj Nacional\u00bb fue de orientaci\u00f3n progresista aunque poco tiempo despu\u00e9s se muda para Radio Continental 890 AM estaci\u00f3n fundada por Pepe Justiniano Polanco que consigui\u00f3 notoriedad p\u00fablica unos a\u00f1os m\u00e1s tarde con un mensaje ecologista que grab\u00f3 con su propia voz como publicidad institucional para su empresa, que dec\u00eda: \u00abDominicano, el agua es vida no la desperdicie\u00bb.<\/p>\n<p>En sus inicios Radio Continental 890 AM que estaba transmitiendo desde 1964 y operaba en la avenida Teniente Amado Garc\u00eda Guerrero, en la segunda planta de un edificio donde operaban el Cine Cupido y la Farmacia Carmen del reconocido farmace\u00fatico Rafael Tob\u00edas Genao.<\/p>\n<p>Un poco m\u00e1s adelante quedaba el apartamento donde viv\u00eda el abogado Rafael Moya Valdez (Moyita), que hab\u00eda sido locutor de Radio Santo Domingo y estaba probando suerte en Radio Continental 890 AM. \u00abRadio Reloj Nacional\u00bb por su parte, desde Radio Continental 890 AM seguir\u00eda batallando, con un excelente cuerpo de redacci\u00f3n liderado por el extinto periodista Pedro Ventura Santana y un equipo de buenos locutores y t\u00e9cnicos operativos entre los que recordamos a Pedro P\u00e9rez Vargas, Jorge Herrera, Lil\u00edn D\u00edaz, Wilfredo Alemany, Ray Carri\u00f3n, Freddy Ortiz, Jessie Pep\u00e9n, Jos\u00e9 Bejar\u00e1n, Claudio Toribio, Fernando Valerio, Miguel Angel Herrera, Juan Nova Ram\u00edrez, Jorge Antonelli, Norma Santana, Alfredo Alonzo y Buenaventura Bueno Torres.<\/p>\n<p>Cabe destacar que cuando un locutor del staff del Noticiario \u00abRadio Reloj Nacional\u00bb de Radio Continental 890 AM, le ped\u00eda permiso al director Luis Armando Asunci\u00f3n para ausentarse el mismo se quedaba leyendo noticias.<\/p>\n<p>Los primeros periodistas que se destacaron en el departamento de prensa fueron: Mario Alvarez Dugan, Rafael Molina Morillo, Fernando Meri\u00f1o, Tito Campusano, July Pe\u00f1a, Isaias Jos\u00e9 Hern\u00e1ndez, Ren\u00e9 Alfonso, Jos\u00e9 Cantisano, Pablo Garrido y Tiberio Castellanos. \u00abRadio Reloj Nacional\u00bb el noticiario de Radio Continental 890 AM fue un informativo que compet\u00eda con Radio Mil Informando de Radio Mil 1180 AM y Noti-Tiempo Radio Comercial 1010 AM.<\/p>\n<p>Pero no ten\u00eda competencia con Noticiario Popular de Radio Popular 950 AM, ya que ser\u00eda muchos a\u00f1os despu\u00e9s que Rafael Corpor\u00e1n de los Santos, con el apoyo del empresario Carlos P\u00e9rez Ricart y del banquero Alejandro Grull\u00f3n convertir\u00eda a Radio Popular en una emisora pujante y competitiva con los dem\u00e1s noticiarios tradicionales de la frecuencia amplitud modulada (AM).<\/p>\n<p>Luego Pepe Justiniano Polanco reinstala la emisora Radio Continental 890 AM ubic\u00e1ndola en el ensanche La Fe.<\/p>\n<p>En julio de 1996 le vende a Radio Continental 890 AM al m\u00e9dico naturista Pedro Torres de la Paz ubic\u00e1ndola en la doctor Delgado en las cercan\u00edas del Palacio Nacional, quien la mantiene cerrada hace muchos a\u00f1os.<\/p>\n","protected":false},"excerpt":{"rendered":"<p>Por : Virgilio Lora G\u00f3mez Cre\u00f3 y dirigi\u00f3 lo m\u00e1s importantes noticiarios radiales de la \u00e9poca de oro de las noticias en la Rep\u00fablica Dominicana, impregnando su voz varonil, perfecta y rectitud e integridad profesional. Fue unos de los noticiarios de mayor pegada en la radio nacional en la d\u00e9cada de los 60, \u00abRadio Reloj &hellip;<\/p>\n","protected":false},"author":8,"featured_media":244579,"comment_status":"open","ping_status":"closed","sticky":false,"template":"","format":"standard","meta":{"_jetpack_newsletter_access":"","_jetpack_dont_email_post_to_subs":false,"_jetpack_newsletter_tier_id":0,"_jetpack_memberships_contains_paywalled_content":false,"_jetpack_feature_clip_id":0,"_jetpack_memberships_contains_paid_content":false,"footnotes":"","jetpack_publicize_message":"","jetpack_publicize_feature_enabled":true,"jetpack_social_post_already_shared":true,"jetpack_social_options":{"image_generator_settings":{"template":"highway","default_image_id":0,"font":"","enabled":false},"version":2},"jetpack_post_was_ever_published":false},"categories":[187,206,49,163],"tags":[],"class_list":["post-244575","post","type-post","status-publish","format-standard","has-post-thumbnail","hentry","category-historia","category-medios-de-comunicacion","category-opinion","category-voces-nacionales-e-internacionales"],"jetpack_publicize_connections":[],"jetpack_featured_media_url":"https:\/\/primicias.net\/web\/wp-content\/uploads\/2026\/09\/PHOTO-2026-09-02-11-10-21.jpg","jetpack_sharing_enabled":true,"_links":{"self":[{"href":"https:\/\/primicias.net\/web\/wp-json\/wp\/v2\/posts\/244575","targetHints":{"allow":["GET"]}}],"collection":[{"href":"https:\/\/primicias.net\/web\/wp-json\/wp\/v2\/posts"}],"about":[{"href":"https:\/\/primicias.net\/web\/wp-json\/wp\/v2\/types\/post"}],"author":[{"embeddable":true,"href":"https:\/\/primicias.net\/web\/wp-json\/wp\/v2\/users\/8"}],"replies":[{"embeddable":true,"href":"https:\/\/primicias.net\/web\/wp-json\/wp\/v2\/comments?post=244575"}],"version-history":[{"count":1,"href":"https:\/\/primicias.net\/web\/wp-json\/wp\/v2\/posts\/244575\/revisions"}],"predecessor-version":[{"id":244581,"href":"https:\/\/primicias.net\/web\/wp-json\/wp\/v2\/posts\/244575\/revisions\/244581"}],"wp:featuredmedia":[{"embeddable":true,"href":"https:\/\/primicias.net\/web\/wp-json\/wp\/v2\/media\/244579"}],"wp:attachment":[{"href":"https:\/\/primicias.net\/web\/wp-json\/wp\/v2\/media?parent=244575"}],"wp:term":[{"taxonomy":"category","embeddable":true,"href":"https:\/\/primicias.net\/web\/wp-json\/wp\/v2\/categories?post=244575"},{"taxonomy":"post_tag","embeddable":true,"href":"https:\/\/primicias.net\/web\/wp-json\/wp\/v2\/tags?post=244575"}],"curies":[{"name":"wp","href":"https:\/\/api.w.org\/{rel}","templated":true}]}}