{"id":244551,"date":"2026-09-03T11:32:09","date_gmt":"2026-09-03T15:32:09","guid":{"rendered":"https:\/\/primicias.net\/web\/?p=244551"},"modified":"2026-09-03T11:32:09","modified_gmt":"2026-09-03T15:32:09","slug":"exitosa-xv-entrega-del-premio-acroarte-al-merito-periodistico-2026","status":"publish","type":"post","link":"https:\/\/primicias.net\/web\/exitosa-xv-entrega-del-premio-acroarte-al-merito-periodistico-2026\/","title":{"rendered":"Exitosa XV entrega del Premio Acroarte al M\u00e9rito Period\u00edstico 2026"},"content":{"rendered":"<p style=\"font-weight: 400;\">Santo Domingo, R. D.- La Asociaci\u00f3n de Cronistas de Arte (Acroarte) celebr\u00f3 con \u00e9xito la XV entrega del Premio Acroarte al M\u00e9rito Period\u00edstico 2026, una gala dedicada a reconocer la trayectoria, los aportes al arte y la cultura, as\u00ed como la destacada labor de profesionales e instituciones que han contribuido al fortalecimiento del periodismo y la comunicaci\u00f3n en la Rep\u00fablica Dominicana.<\/p>\n<p style=\"font-weight: 400;\">El solemne encuentro, celebrado el 1 de septiembre, tuvo como escenario el Gran Sal\u00f3n del Hotel Catalonia Santo Domingo, donde fueron reconocidas destacadas personalidades e instituciones por sus aportes y trayectoria.<\/p>\n<p style=\"font-weight: 400;\">En esta edici\u00f3n fueron distinguidos Frank Rainieri, Jos\u00e9 Miguel Bonetti Dubreil, Maridalia Hern\u00e1ndez, Jos\u00e9 P. Monegro y la Escuela Nacional de Locuci\u00f3n, mientras que en el rengl\u00f3n dedicado a los cronistas de arte fueron reconocidos Alexis Beltr\u00e9 Ram\u00edrez, Yamira Taveras, Mayra La Paz y Rammy P\u00e9rez.<\/p>\n<p style=\"font-weight: 400;\">La ceremonia estuvo dedicada al destacado periodista y miembro de Acroarte Juan T. H., como reconocimiento a su trayectoria y contribuci\u00f3n al ejercicio period\u00edstico y a la instituci\u00f3n.<\/p>\n<p style=\"font-weight: 400;\">La gala cont\u00f3 con una propuesta art\u00edstica protagonizada por Jos\u00e9 Antonio Rodr\u00edguez, Pavel N\u00fa\u00f1ez y Manuel Jim\u00e9nez, quienes estuvieron acompa\u00f1ados por el reconocido jazzista y saxofonista Sandy Gabriel. Los artistas unieron sus talentos para rendir un emotivo homenaje a la destacada int\u00e9rprete Maridalia Hern\u00e1ndez, una de las homenajeadas de esta edici\u00f3n.<\/p>\n<p style=\"font-weight: 400;\">La producci\u00f3n general del evento estuvo a cargo de Walquiria Almonte, a trav\u00e9s de su empresa World Televisi\u00f3n, mientras que la conducci\u00f3n de la ceremonia estuvo bajo la responsabilidad de la destacada comunicadora Pamela Sued. La voz en off estuvo a cargo de Arian Francisco Adame.<\/p>\n<p><img loading=\"lazy\" decoding=\"async\" class=\"alignnone size-full wp-image-244554\" src=\"https:\/\/primicias.net\/web\/wp-content\/uploads\/2026\/09\/ESCUELA-DE-LOCUCION.jpeg\" alt=\"\" width=\"1280\" height=\"1163\" srcset=\"https:\/\/primicias.net\/web\/wp-content\/uploads\/2026\/09\/ESCUELA-DE-LOCUCION.jpeg 1280w, https:\/\/primicias.net\/web\/wp-content\/uploads\/2026\/09\/ESCUELA-DE-LOCUCION-300x273.jpeg 300w, https:\/\/primicias.net\/web\/wp-content\/uploads\/2026\/09\/ESCUELA-DE-LOCUCION-1024x930.jpeg 1024w, https:\/\/primicias.net\/web\/wp-content\/uploads\/2026\/09\/ESCUELA-DE-LOCUCION-768x698.jpeg 768w\" sizes=\"auto, (max-width: 1280px) 100vw, 1280px\" \/> <img loading=\"lazy\" decoding=\"async\" class=\"alignnone size-full wp-image-244553\" src=\"https:\/\/primicias.net\/web\/wp-content\/uploads\/2026\/09\/ALEXIS-BELTRE-R.jpeg\" alt=\"\" width=\"1280\" height=\"1035\" srcset=\"https:\/\/primicias.net\/web\/wp-content\/uploads\/2026\/09\/ALEXIS-BELTRE-R.jpeg 1280w, https:\/\/primicias.net\/web\/wp-content\/uploads\/2026\/09\/ALEXIS-BELTRE-R-300x243.jpeg 300w, https:\/\/primicias.net\/web\/wp-content\/uploads\/2026\/09\/ALEXIS-BELTRE-R-1024x828.jpeg 1024w, https:\/\/primicias.net\/web\/wp-content\/uploads\/2026\/09\/ALEXIS-BELTRE-R-768x621.jpeg 768w\" sizes=\"auto, (max-width: 1280px) 100vw, 1280px\" \/> <img loading=\"lazy\" decoding=\"async\" class=\"alignnone size-full wp-image-244552\" src=\"https:\/\/primicias.net\/web\/wp-content\/uploads\/2026\/09\/ASISTENCIA.jpeg\" alt=\"\" width=\"1280\" height=\"916\" srcset=\"https:\/\/primicias.net\/web\/wp-content\/uploads\/2026\/09\/ASISTENCIA.jpeg 1280w, https:\/\/primicias.net\/web\/wp-content\/uploads\/2026\/09\/ASISTENCIA-300x215.jpeg 300w, https:\/\/primicias.net\/web\/wp-content\/uploads\/2026\/09\/ASISTENCIA-1024x733.jpeg 1024w, https:\/\/primicias.net\/web\/wp-content\/uploads\/2026\/09\/ASISTENCIA-768x550.jpeg 768w\" sizes=\"auto, (max-width: 1280px) 100vw, 1280px\" \/><\/p>\n<p style=\"font-weight: 400;\">Durante la ceremonia, los galardonados expresaron su agradecimiento a Acroarte por el reconocimiento y valoraron la importancia de recibir una distinci\u00f3n en un evento emblem\u00e1tico que, durante sus diferentes ediciones, ha resaltado la trayectoria, el compromiso y los aportes de figuras e instituciones vinculadas al arte, la cultura, la comunicaci\u00f3n y el desarrollo de la sociedad dominicana.<\/p>\n<p style=\"font-weight: 400;\">El Premio Acroarte al M\u00e9rito Period\u00edstico se ha consolidado como uno de los reconocimientos m\u00e1s importantes que otorga la instituci\u00f3n, al poner en valor la trayectoria y el legado de profesionales que, desde diferentes \u00e1mbitos, han realizado aportes significativos al periodismo, la comunicaci\u00f3n, el arte y la cultura nacional.<\/p>\n<p style=\"font-weight: 400;\">La XV Gala del Premio Acroarte al M\u00e9rito Period\u00edstico 2026 cont\u00f3 con el patrocinio oficial de Cervecer\u00eda Nacional Dominicana y Banco Popular Dominicano, adem\u00e1s del respaldo de World Televisi\u00f3n, Radio Televisi\u00f3n Dominicana (RTVD), la Empresa de Transmisi\u00f3n El\u00e9ctrica Dominicana (ETED), Banco de Reservas, Departamento Aeroportuario, Hotel Catalonia, Logomarca, Farmacia GBC y Grupo Nous.<\/p>\n<p style=\"font-weight: 400;\">Asimismo, la actividad recibi\u00f3 el apoyo de la Oficina Nacional de Derecho de Autor (ONDA), J&amp;J Spirits, con las marcas de ron Ripio, Tamboril y El Legado del Caballo Mayor, adem\u00e1s de Lendof &amp; Asoc., Premium Class Modeling Academy (PCMA) y Jard\u00edn Constanza.<\/p>\n<p style=\"font-weight: 400;\">La ceremonia concluy\u00f3 en un ambiente de celebraci\u00f3n y reconocimiento, reafirmando el compromiso de Acroarte de continuar distinguiendo a quienes, a trav\u00e9s de su trayectoria y trabajo, realizan aportes trascendentales al desarrollo del arte, la cultura y el periodismo dominicano.<\/p>\n<p style=\"font-weight: 400;\">\n","protected":false},"excerpt":{"rendered":"<p>Santo Domingo, R. D.- La Asociaci\u00f3n de Cronistas de Arte (Acroarte) celebr\u00f3 con \u00e9xito la XV entrega del Premio Acroarte al M\u00e9rito Period\u00edstico 2026, una gala dedicada a reconocer la trayectoria, los aportes al arte y la cultura, as\u00ed como la destacada labor de profesionales e instituciones que han contribuido al fortalecimiento del periodismo y &hellip;<\/p>\n","protected":false},"author":4,"featured_media":244555,"comment_status":"open","ping_status":"closed","sticky":false,"template":"","format":"standard","meta":{"_jetpack_newsletter_access":"","_jetpack_dont_email_post_to_subs":false,"_jetpack_newsletter_tier_id":0,"_jetpack_memberships_contains_paywalled_content":false,"_jetpack_feature_clip_id":0,"_jetpack_memberships_contains_paid_content":false,"footnotes":"","jetpack_publicize_message":"","jetpack_publicize_feature_enabled":true,"jetpack_social_post_already_shared":true,"jetpack_social_options":{"image_generator_settings":{"template":"highway","default_image_id":0,"font":"","enabled":false},"version":2},"jetpack_post_was_ever_published":false},"categories":[30],"tags":[],"class_list":["post-244551","post","type-post","status-publish","format-standard","has-post-thumbnail","hentry","category-entertainment"],"jetpack_publicize_connections":[],"jetpack_featured_media_url":"https:\/\/primicias.net\/web\/wp-content\/uploads\/2026\/09\/FOTO-PRINCIPAL-TODOS-LO-GALARDONADO.jpeg","jetpack_sharing_enabled":true,"_links":{"self":[{"href":"https:\/\/primicias.net\/web\/wp-json\/wp\/v2\/posts\/244551","targetHints":{"allow":["GET"]}}],"collection":[{"href":"https:\/\/primicias.net\/web\/wp-json\/wp\/v2\/posts"}],"about":[{"href":"https:\/\/primicias.net\/web\/wp-json\/wp\/v2\/types\/post"}],"author":[{"embeddable":true,"href":"https:\/\/primicias.net\/web\/wp-json\/wp\/v2\/users\/4"}],"replies":[{"embeddable":true,"href":"https:\/\/primicias.net\/web\/wp-json\/wp\/v2\/comments?post=244551"}],"version-history":[{"count":1,"href":"https:\/\/primicias.net\/web\/wp-json\/wp\/v2\/posts\/244551\/revisions"}],"predecessor-version":[{"id":244556,"href":"https:\/\/primicias.net\/web\/wp-json\/wp\/v2\/posts\/244551\/revisions\/244556"}],"wp:featuredmedia":[{"embeddable":true,"href":"https:\/\/primicias.net\/web\/wp-json\/wp\/v2\/media\/244555"}],"wp:attachment":[{"href":"https:\/\/primicias.net\/web\/wp-json\/wp\/v2\/media?parent=244551"}],"wp:term":[{"taxonomy":"category","embeddable":true,"href":"https:\/\/primicias.net\/web\/wp-json\/wp\/v2\/categories?post=244551"},{"taxonomy":"post_tag","embeddable":true,"href":"https:\/\/primicias.net\/web\/wp-json\/wp\/v2\/tags?post=244551"}],"curies":[{"name":"wp","href":"https:\/\/api.w.org\/{rel}","templated":true}]}}