{"id":244521,"date":"2026-09-02T14:07:48","date_gmt":"2026-09-02T18:07:48","guid":{"rendered":"https:\/\/primicias.net\/web\/?p=244521"},"modified":"2026-09-02T14:07:48","modified_gmt":"2026-09-02T18:07:48","slug":"pro-consumidor-ceccom-y-mp-desmantelan-una-de-las-mayores-fabricas-clandestinas-de-alcohol-adulterado","status":"publish","type":"post","link":"https:\/\/primicias.net\/web\/pro-consumidor-ceccom-y-mp-desmantelan-una-de-las-mayores-fabricas-clandestinas-de-alcohol-adulterado\/","title":{"rendered":"Pro Consumidor, CECCOM y MP desmantelan una de las mayores f\u00e1bricas clandestinas de alcohol adulterado"},"content":{"rendered":"<p style=\"font-weight: 400;\"><strong>San Crist\u00f3bal. &#8211;<\/strong>\u00a0\u00a0El Instituto Nacional de Protecci\u00f3n de los Derechos del Consumidor (Pro Consumidor), en coordinaci\u00f3n con el Cuerpo Especializado de Control de Combustibles y Comercio de Mercanc\u00edas (CECCOM) y el Ministerio P\u00fablico de la Procuradur\u00eda Especializada de Cr\u00edmenes y Delitos contra la Salud y de la Fiscal\u00eda de esta provincia, desmantel\u00f3 una de las mayores f\u00e1bricas clandestinas dedicadas a la elaboraci\u00f3n, adulteraci\u00f3n y falsificaci\u00f3n de bebidas alcoh\u00f3licas.<\/p>\n<p style=\"font-weight: 400;\">El director ejecutivo de Pro Consumidor, Eddy Alc\u00e1ntara, inform\u00f3 que durante el operativo fueron ocupadas decenas de miles de productos, as\u00ed como materiales y equipos utilizados para estas actividades il\u00edcitas.<\/p>\n<p style=\"font-weight: 400;\">Alc\u00e1ntara explic\u00f3 que la f\u00e1brica era propiedad de Randy Garc\u00eda, el mismo due\u00f1o de los establecimientos Randy Comercial, quien hab\u00eda sido intervenido por las mismas instituciones en junio pasado, tambi\u00e9n en San Crist\u00f3bal, tras ser sorprendido adulterando las fechas de vencimiento de productos de consumo masivo.<\/p>\n<p style=\"font-weight: 400;\">Dijo que la nueva intervenci\u00f3n fue ejecutada luego de labores de inteligencia desarrolladas por el Ministerio P\u00fablico, Pro Consumidor y CECCOM, mediante las cuales se logr\u00f3 identificar y dar seguimiento a la operaci\u00f3n clandestina con el prop\u00f3sito de desarticularla.<\/p>\n<p style=\"font-weight: 400;\">El funcionario manifest\u00f3 que durante el allanamiento fueron ocupados decenas de miles de productos y materiales, entre ellos botellas, galones, tanques, etiquetas, tapas, cajas, alcohol, esencias y m\u00e1quinas utilizadas para la elaboraci\u00f3n, adulteraci\u00f3n, envasado y distribuci\u00f3n de las bebidas.<\/p>\n<p><img loading=\"lazy\" decoding=\"async\" class=\"alignnone size-full wp-image-244523\" src=\"https:\/\/primicias.net\/web\/wp-content\/uploads\/2026\/09\/FOTO-2-Autoridades-participantes-en-el-operativo.jpg\" alt=\"\" width=\"1280\" height=\"960\" srcset=\"https:\/\/primicias.net\/web\/wp-content\/uploads\/2026\/09\/FOTO-2-Autoridades-participantes-en-el-operativo.jpg 1280w, https:\/\/primicias.net\/web\/wp-content\/uploads\/2026\/09\/FOTO-2-Autoridades-participantes-en-el-operativo-300x225.jpg 300w, https:\/\/primicias.net\/web\/wp-content\/uploads\/2026\/09\/FOTO-2-Autoridades-participantes-en-el-operativo-1024x768.jpg 1024w, https:\/\/primicias.net\/web\/wp-content\/uploads\/2026\/09\/FOTO-2-Autoridades-participantes-en-el-operativo-768x576.jpg 768w\" sizes=\"auto, (max-width: 1280px) 100vw, 1280px\" \/><\/p>\n<p style=\"font-weight: 400;\">Asimismo, fueron encontrados materiales y elementos destinados a la falsificaci\u00f3n de marcas de bebidas alcoh\u00f3licas, lo que, de acuerdo con las<\/p>\n<p style=\"font-weight: 400;\">autoridades, evidencia la magnitud de la operaci\u00f3n y el nivel de organizaci\u00f3n con que funcionaba dicha f\u00e1brica.<\/p>\n<p style=\"font-weight: 400;\">El titular de Pro Consumidor se\u00f1al\u00f3 que la estructura intervenida produc\u00eda bebidas que posteriormente eran comercializadas en esa provincia y otras zonas del territorio nacional, exponiendo a los consumidores a productos cuya composici\u00f3n, procedencia y condiciones de elaboraci\u00f3n no cumpl\u00edan con las garant\u00edas necesarias para su consumo.<\/p>\n<p style=\"font-weight: 400;\">\u201cEstamos frente a una operaci\u00f3n de gran magnitud que pon\u00eda en serio peligro la salud de los consumidores. Desde Pro Consumidor, junto al Ministerio P\u00fablico y CECCOM, continuaremos actuando con firmeza contra quienes pretendan utilizar el mercado para comercializar productos adulterados o que no re\u00fanan las condiciones necesarias para proteger la salud de la poblaci\u00f3n\u201d, manifest\u00f3 Alc\u00e1ntara.<\/p>\n<p style=\"font-weight: 400;\">El director ejecutivo de la entidad defensora de los derechos del consumidor indic\u00f3 que al momento de realizar el allanamiento Randy Garc\u00eda no fue localizado en el establecimiento, por lo que los organismos de inteligencia mantienen las labores de vigilancia y b\u00fasqueda para proceder con su apresamiento y ponerlo nuevamente a disposici\u00f3n de la justicia.<\/p>\n<p style=\"font-weight: 400;\"><strong>\u00a0<\/strong><\/p>\n<p style=\"font-weight: 400;\"><strong>Antecedente<\/strong><\/p>\n<p style=\"font-weight: 400;\"><strong>\u00a0<\/strong>Alc\u00e1ntara record\u00f3 que en junio pasado las autoridades intervinieron un almac\u00e9n propiedad de Garc\u00eda en San Crist\u00f3bal, donde descubrieron una operaci\u00f3n dedicada a la reetiquetaci\u00f3n fraudulenta de productos vencidos.<\/p>\n<p style=\"font-weight: 400;\">En aquella intervenci\u00f3n fueron ocupadas toneladas de productos de consumo masivo, adem\u00e1s de m\u00e1quinas sofisticadas utilizadas para modificar las fechas de vencimiento y hacer pasar mercanc\u00edas caducadas como aptas para su comercializaci\u00f3n.<\/p>\n<p style=\"font-weight: 400;\">Las autoridades determinaron que los productos eran sometidos a un proceso sistem\u00e1tico de manipulaci\u00f3n de sus fechas de vencimiento para posteriormente ser colocados nuevamente en el mercado, lo que constitu\u00eda una seria amenaza para la salud de los consumidores y una violaci\u00f3n a las normas de protecci\u00f3n al consumidor.<\/p>\n<p style=\"font-weight: 400;\">Garc\u00eda fue arrestado en esa ocasi\u00f3n y puesto a disposici\u00f3n del Ministerio P\u00fablico. Posteriormente, obtuvo su libertad bajo fianza, conforme a las medidas judiciales adoptadas en ese proceso.<\/p>\n<p style=\"font-weight: 400;\">\u201cEn junio advertimos que no permitir\u00edamos que este tipo de pr\u00e1cticas continuar\u00e1n afectando a los consumidores. Hoy estamos nuevamente interviniendo una operaci\u00f3n atribuida al mismo propietario, lo que demuestra la importancia de mantener una vigilancia permanente y de actuar de manera coordinada con las autoridades del Ministerio P\u00fablico y los organismos especializados\u201d, expres\u00f3 Alc\u00e1ntara.<\/p>\n<p style=\"font-weight: 400;\">El funcionario reiter\u00f3 que Pro Consumidor continuar\u00e1 reforzando los operativos de inspecci\u00f3n, vigilancia e inteligencia en todo el territorio nacional, en coordinaci\u00f3n con las instituciones correspondientes, para combatir las pr\u00e1cticas fraudulentas que atenten contra la salud, la seguridad y los derechos de los consumidores.<\/p>\n<p style=\"font-weight: 400;\">Alc\u00e1ntara exhort\u00f3 a la ciudadan\u00eda a adquirir bebidas alcoh\u00f3licas y dem\u00e1s productos de consumo \u00fanicamente en establecimientos formales y verificar sus etiquetas, fechas de vencimiento, sellos y dem\u00e1s elementos de identificaci\u00f3n antes de adquirirlos.<\/p>\n","protected":false},"excerpt":{"rendered":"<p>San Crist\u00f3bal. &#8211;\u00a0\u00a0El Instituto Nacional de Protecci\u00f3n de los Derechos del Consumidor (Pro Consumidor), en coordinaci\u00f3n con el Cuerpo Especializado de Control de Combustibles y Comercio de Mercanc\u00edas (CECCOM) y el Ministerio P\u00fablico de la Procuradur\u00eda Especializada de Cr\u00edmenes y Delitos contra la Salud y de la Fiscal\u00eda de esta provincia, desmantel\u00f3 una de las &hellip;<\/p>\n","protected":false},"author":4,"featured_media":244522,"comment_status":"open","ping_status":"closed","sticky":false,"template":"","format":"standard","meta":{"_jetpack_newsletter_access":"","_jetpack_dont_email_post_to_subs":false,"_jetpack_newsletter_tier_id":0,"_jetpack_memberships_contains_paywalled_content":false,"_jetpack_feature_clip_id":0,"_jetpack_memberships_contains_paid_content":false,"footnotes":"","jetpack_publicize_message":"","jetpack_publicize_feature_enabled":true,"jetpack_social_post_already_shared":true,"jetpack_social_options":{"image_generator_settings":{"template":"highway","default_image_id":0,"font":"","enabled":false},"version":2},"jetpack_post_was_ever_published":false},"categories":[31],"tags":[],"class_list":["post-244521","post","type-post","status-publish","format-standard","has-post-thumbnail","hentry","category-nacionales"],"jetpack_publicize_connections":[],"jetpack_featured_media_url":"https:\/\/primicias.net\/web\/wp-content\/uploads\/2026\/09\/FOTO-PRINCIPAL-Parte-de-la-mercancia-ilicita-decomisada-en-el-operativo.jpg","jetpack_sharing_enabled":true,"_links":{"self":[{"href":"https:\/\/primicias.net\/web\/wp-json\/wp\/v2\/posts\/244521","targetHints":{"allow":["GET"]}}],"collection":[{"href":"https:\/\/primicias.net\/web\/wp-json\/wp\/v2\/posts"}],"about":[{"href":"https:\/\/primicias.net\/web\/wp-json\/wp\/v2\/types\/post"}],"author":[{"embeddable":true,"href":"https:\/\/primicias.net\/web\/wp-json\/wp\/v2\/users\/4"}],"replies":[{"embeddable":true,"href":"https:\/\/primicias.net\/web\/wp-json\/wp\/v2\/comments?post=244521"}],"version-history":[{"count":1,"href":"https:\/\/primicias.net\/web\/wp-json\/wp\/v2\/posts\/244521\/revisions"}],"predecessor-version":[{"id":244524,"href":"https:\/\/primicias.net\/web\/wp-json\/wp\/v2\/posts\/244521\/revisions\/244524"}],"wp:featuredmedia":[{"embeddable":true,"href":"https:\/\/primicias.net\/web\/wp-json\/wp\/v2\/media\/244522"}],"wp:attachment":[{"href":"https:\/\/primicias.net\/web\/wp-json\/wp\/v2\/media?parent=244521"}],"wp:term":[{"taxonomy":"category","embeddable":true,"href":"https:\/\/primicias.net\/web\/wp-json\/wp\/v2\/categories?post=244521"},{"taxonomy":"post_tag","embeddable":true,"href":"https:\/\/primicias.net\/web\/wp-json\/wp\/v2\/tags?post=244521"}],"curies":[{"name":"wp","href":"https:\/\/api.w.org\/{rel}","templated":true}]}}