{"id":244516,"date":"2026-09-02T13:50:18","date_gmt":"2026-09-02T17:50:18","guid":{"rendered":"https:\/\/primicias.net\/web\/?p=244516"},"modified":"2026-09-02T13:50:18","modified_gmt":"2026-09-02T17:50:18","slug":"abancord-felicita-a-enmanuel-cedeno-brea-por-su-designacion-como-superintendente-de-bancos","status":"publish","type":"post","link":"https:\/\/primicias.net\/web\/abancord-felicita-a-enmanuel-cedeno-brea-por-su-designacion-como-superintendente-de-bancos\/","title":{"rendered":"Abancord felicita a Enmanuel Cede\u00f1o Brea por su designaci\u00f3n como Superintendente de Bancos"},"content":{"rendered":"<p dir=\"ltr\">Santo Domingo, R.D. \u2014 La Asociaci\u00f3n de Bancos de Ahorro y Cr\u00e9dito y Corporaciones de Cr\u00e9dito (Abancord) extendi\u00f3 su felicitaci\u00f3n a Enmanuel Cede\u00f1o Brea tras su designaci\u00f3n como Superintendente de Bancos de la Rep\u00fablica Dominicana, y valor\u00f3 la decisi\u00f3n como una se\u00f1al de continuidad y respeto al rigor t\u00e9cnico que ha caracterizado a la supervisi\u00f3n financiera dominicana en los \u00faltimos a\u00f1os.<\/p>\n<p>&nbsp;<\/p>\n<p dir=\"ltr\">Cede\u00f1o Brea llega al cargo tras una trayectoria construida dentro de la propia Superintendencia, donde ocup\u00f3 responsabilidades como la Subgerencia de Regulaci\u00f3n e Innovaci\u00f3n y, m\u00e1s recientemente, la asesor\u00eda general del Despacho del Superintendente. Esa experiencia se combina con una s\u00f3lida formaci\u00f3n acad\u00e9mica en \u00e1reas afines a la banca y la regulaci\u00f3n financiera, lo que le confiere una lectura t\u00e9cnica y precisa del sistema que ahora est\u00e1 llamado a dirigir.<\/p>\n<p>&nbsp;<\/p>\n<p dir=\"ltr\">\u00abLa designaci\u00f3n de Enmanuel Cede\u00f1o Brea es una decisi\u00f3n acertada porque reconoce a alguien que fue parte activa de la transformaci\u00f3n que vivi\u00f3 la Superintendencia en los \u00faltimos seis a\u00f1os. No llega a aprender el sistema: llega a continuarlo\u00bb, afirm\u00f3 Cristina De Castro, presidenta de Abancord.<\/p>\n<p>&nbsp;<\/p>\n<p dir=\"ltr\">De Castro subray\u00f3 que la gesti\u00f3n de Alejandro Fern\u00e1ndez W., superintendente saliente, dej\u00f3 una supervisi\u00f3n modernizada, con avances sustantivos en el marco regulatorio y en los procesos de inclusi\u00f3n financiera. \u00abBajo su liderazgo, la Superintendencia se convirti\u00f3 en un organismo m\u00e1s t\u00e9cnico, m\u00e1s cercano al sector regulado y m\u00e1s alineado con los est\u00e1ndares internacionales de supervisi\u00f3n. Ese legado no se pierde: se traspasa a alguien que ayud\u00f3 a construirlo\u00bb, agreg\u00f3.<\/p>\n<p>&nbsp;<\/p>\n<p dir=\"ltr\">Para Abancord, la continuidad de ese proceso es un elemento central en un momento en que el sistema financiero dominicano enfrenta una agenda de innovaci\u00f3n, digitalizaci\u00f3n e inclusi\u00f3n que exige estabilidad institucional y criterio t\u00e9cnico.<\/p>\n<p>&nbsp;<\/p>\n<p dir=\"ltr\">La entidad gremial expres\u00f3 su disposici\u00f3n a mantener una relaci\u00f3n de di\u00e1logo abierto con la nueva gesti\u00f3n, en la misma l\u00ednea de cercan\u00eda con los sectores regulados que ha marcado a la Superintendencia en el per\u00edodo reciente.<\/p>\n<p>&nbsp;<\/p>\n<p dir=\"ltr\">Acerca de Abancord<\/p>\n<p dir=\"ltr\">La Asociaci\u00f3n de Bancos de Ahorro y Cr\u00e9dito y Corporaciones de Cr\u00e9dito (Abancord) agrupa a las entidades de ahorro y cr\u00e9dito y corporaciones de cr\u00e9dito que operan en la Rep\u00fablica Dominicana, y trabaja en representaci\u00f3n de sus intereses ante los organismos reguladores y la opini\u00f3n p\u00fablica.<\/p>\n","protected":false},"excerpt":{"rendered":"<p>Santo Domingo, R.D. \u2014 La Asociaci\u00f3n de Bancos de Ahorro y Cr\u00e9dito y Corporaciones de Cr\u00e9dito (Abancord) extendi\u00f3 su felicitaci\u00f3n a Enmanuel Cede\u00f1o Brea tras su designaci\u00f3n como Superintendente de Bancos de la Rep\u00fablica Dominicana, y valor\u00f3 la decisi\u00f3n como una se\u00f1al de continuidad y respeto al rigor t\u00e9cnico que ha caracterizado a la supervisi\u00f3n &hellip;<\/p>\n","protected":false},"author":4,"featured_media":244419,"comment_status":"open","ping_status":"closed","sticky":false,"template":"","format":"standard","meta":{"_jetpack_newsletter_access":"","_jetpack_dont_email_post_to_subs":false,"_jetpack_newsletter_tier_id":0,"_jetpack_memberships_contains_paywalled_content":false,"_jetpack_feature_clip_id":0,"_jetpack_memberships_contains_paid_content":false,"footnotes":"","jetpack_publicize_message":"","jetpack_publicize_feature_enabled":true,"jetpack_social_post_already_shared":true,"jetpack_social_options":{"image_generator_settings":{"template":"highway","default_image_id":0,"font":"","enabled":false},"version":2},"jetpack_post_was_ever_published":false},"categories":[65],"tags":[],"class_list":["post-244516","post","type-post","status-publish","format-standard","has-post-thumbnail","hentry","category-bancarias"],"jetpack_publicize_connections":[],"jetpack_featured_media_url":"https:\/\/primicias.net\/web\/wp-content\/uploads\/2026\/09\/ENMANUEL-CEDENO-2-1-scaled.jpg","jetpack_sharing_enabled":true,"_links":{"self":[{"href":"https:\/\/primicias.net\/web\/wp-json\/wp\/v2\/posts\/244516","targetHints":{"allow":["GET"]}}],"collection":[{"href":"https:\/\/primicias.net\/web\/wp-json\/wp\/v2\/posts"}],"about":[{"href":"https:\/\/primicias.net\/web\/wp-json\/wp\/v2\/types\/post"}],"author":[{"embeddable":true,"href":"https:\/\/primicias.net\/web\/wp-json\/wp\/v2\/users\/4"}],"replies":[{"embeddable":true,"href":"https:\/\/primicias.net\/web\/wp-json\/wp\/v2\/comments?post=244516"}],"version-history":[{"count":1,"href":"https:\/\/primicias.net\/web\/wp-json\/wp\/v2\/posts\/244516\/revisions"}],"predecessor-version":[{"id":244517,"href":"https:\/\/primicias.net\/web\/wp-json\/wp\/v2\/posts\/244516\/revisions\/244517"}],"wp:featuredmedia":[{"embeddable":true,"href":"https:\/\/primicias.net\/web\/wp-json\/wp\/v2\/media\/244419"}],"wp:attachment":[{"href":"https:\/\/primicias.net\/web\/wp-json\/wp\/v2\/media?parent=244516"}],"wp:term":[{"taxonomy":"category","embeddable":true,"href":"https:\/\/primicias.net\/web\/wp-json\/wp\/v2\/categories?post=244516"},{"taxonomy":"post_tag","embeddable":true,"href":"https:\/\/primicias.net\/web\/wp-json\/wp\/v2\/tags?post=244516"}],"curies":[{"name":"wp","href":"https:\/\/api.w.org\/{rel}","templated":true}]}}