{"id":244513,"date":"2026-09-02T13:39:40","date_gmt":"2026-09-02T17:39:40","guid":{"rendered":"https:\/\/primicias.net\/web\/?p=244513"},"modified":"2026-09-02T13:39:40","modified_gmt":"2026-09-02T17:39:40","slug":"innovacion-en-sintonia-contigo-una-invitacion-a-ifa-2026-que-lg-electronics-hace-al-mundo","status":"publish","type":"post","link":"https:\/\/primicias.net\/web\/innovacion-en-sintonia-contigo-una-invitacion-a-ifa-2026-que-lg-electronics-hace-al-mundo\/","title":{"rendered":"\u201cInnovaci\u00f3n en sinton\u00eda contigo\u201d, una invitaci\u00f3n a IFA 2026 que LG Electronics hace al mundo"},"content":{"rendered":"<p style=\"font-weight: 400;\"><strong>Rep\u00fablica Dominicana. 2 de septiembre de 2026<\/strong>\u00a0\u2014 LG Electronics (LG) invita a consumidores de todo el mundo a visitar su espacio de exhibici\u00f3n en IFA 2026, que se llevar\u00e1 a cabo del 4 al 8 de septiembre en Berl\u00edn, Alemania. Bajo el concepto \u201cInnovaci\u00f3n en sinton\u00eda contigo\u201d, LG presentar\u00e1 su visi\u00f3n de AI Home, impulsada por \u201cInteligencia Afectiva\u201d, a trav\u00e9s de soluciones integradas que conectan diferentes espacios del hogar con las necesidades, estilos de vida y rutinas cotidianas de las personas.<\/p>\n<p style=\"font-weight: 400;\">LG presentar\u00e1 la evoluci\u00f3n de su concepto AI Appliances Orchestra en IFA 2026, con un ecosistema conectado y potenciado por inteligencia artificial que ampl\u00eda la propuesta presentada el a\u00f1o pasado por primera vez. El espacio de exhibici\u00f3n reunir\u00e1 productos, servicios y experiencias impulsadas por IA para mostrar c\u00f3mo las soluciones de LG pueden trabajar en conjunto para hacer que la vida de los consumidores sea m\u00e1s pr\u00e1ctica, personalizada y eficiente.<\/p>\n<p style=\"font-weight: 400;\">La exhibici\u00f3n tambi\u00e9n destacar\u00e1 los m\u00e1s recientes televisores LG con inteligencia artificial, dise\u00f1ados para llevar el entretenimiento en el hogar a otro nivel mediante funciones inteligentes. Sus im\u00e1genes y sonido mejorados permiten disfrutar de cada momento en pantalla con mayor realismo y una experiencia de visualizaci\u00f3n m\u00e1s envolvente.<\/p>\n<p style=\"font-weight: 400;\">Los visitantes podr\u00e1n conocer aplicaciones pr\u00e1cticas que muestran la visi\u00f3n de LG sobre la inteligencia artificial en diferentes espacios del hogar en el Pabell\u00f3n 18 de Messe Berlin, as\u00ed como en la gesti\u00f3n de energ\u00eda y la conectividad. La versi\u00f3n ampliada de AI Orchestra demostrar\u00e1 c\u00f3mo las soluciones integradas de AI Home pueden contribuir a crear experiencias de vida m\u00e1s eficientes y conectadas, adaptadas a los estilos de vida europeos.<\/p>\n<p><span style=\"font-weight: 400;\">Quienes no puedan asistir presencialmente a IFA, LG compartir\u00e1 la experiencia de su estand en IFA 2026 a trav\u00e9s del canal de\u00a0<\/span><span style=\"font-weight: 400;\"><a href=\"https:\/\/www.youtube.com\/@LGGlobal\" data-saferedirecturl=\"https:\/\/www.google.com\/url?q=https:\/\/www.youtube.com\/@LGGlobal&amp;source=gmail&amp;ust=1788445887435000&amp;usg=AOvVaw3mL4qbL8HO_CBlj9hLk1Ve\">LG Global YouTube<\/a><\/span><\/p>\n","protected":false},"excerpt":{"rendered":"<p>Rep\u00fablica Dominicana. 2 de septiembre de 2026\u00a0\u2014 LG Electronics (LG) invita a consumidores de todo el mundo a visitar su espacio de exhibici\u00f3n en IFA 2026, que se llevar\u00e1 a cabo del 4 al 8 de septiembre en Berl\u00edn, Alemania. Bajo el concepto \u201cInnovaci\u00f3n en sinton\u00eda contigo\u201d, LG presentar\u00e1 su visi\u00f3n de AI Home, impulsada &hellip;<\/p>\n","protected":false},"author":4,"featured_media":244514,"comment_status":"open","ping_status":"closed","sticky":false,"template":"","format":"standard","meta":{"_jetpack_newsletter_access":"","_jetpack_dont_email_post_to_subs":false,"_jetpack_newsletter_tier_id":0,"_jetpack_memberships_contains_paywalled_content":false,"_jetpack_feature_clip_id":0,"_jetpack_memberships_contains_paid_content":false,"footnotes":"","jetpack_publicize_message":"","jetpack_publicize_feature_enabled":true,"jetpack_social_post_already_shared":true,"jetpack_social_options":{"image_generator_settings":{"template":"highway","default_image_id":0,"font":"","enabled":false},"version":2},"jetpack_post_was_ever_published":false},"categories":[19],"tags":[],"class_list":["post-244513","post","type-post","status-publish","format-standard","has-post-thumbnail","hentry","category-tie-tech"],"jetpack_publicize_connections":[],"jetpack_featured_media_url":"https:\/\/primicias.net\/web\/wp-content\/uploads\/2026\/09\/260603_IFA_KV_MASTER.jpg","jetpack_sharing_enabled":true,"_links":{"self":[{"href":"https:\/\/primicias.net\/web\/wp-json\/wp\/v2\/posts\/244513","targetHints":{"allow":["GET"]}}],"collection":[{"href":"https:\/\/primicias.net\/web\/wp-json\/wp\/v2\/posts"}],"about":[{"href":"https:\/\/primicias.net\/web\/wp-json\/wp\/v2\/types\/post"}],"author":[{"embeddable":true,"href":"https:\/\/primicias.net\/web\/wp-json\/wp\/v2\/users\/4"}],"replies":[{"embeddable":true,"href":"https:\/\/primicias.net\/web\/wp-json\/wp\/v2\/comments?post=244513"}],"version-history":[{"count":1,"href":"https:\/\/primicias.net\/web\/wp-json\/wp\/v2\/posts\/244513\/revisions"}],"predecessor-version":[{"id":244515,"href":"https:\/\/primicias.net\/web\/wp-json\/wp\/v2\/posts\/244513\/revisions\/244515"}],"wp:featuredmedia":[{"embeddable":true,"href":"https:\/\/primicias.net\/web\/wp-json\/wp\/v2\/media\/244514"}],"wp:attachment":[{"href":"https:\/\/primicias.net\/web\/wp-json\/wp\/v2\/media?parent=244513"}],"wp:term":[{"taxonomy":"category","embeddable":true,"href":"https:\/\/primicias.net\/web\/wp-json\/wp\/v2\/categories?post=244513"},{"taxonomy":"post_tag","embeddable":true,"href":"https:\/\/primicias.net\/web\/wp-json\/wp\/v2\/tags?post=244513"}],"curies":[{"name":"wp","href":"https:\/\/api.w.org\/{rel}","templated":true}]}}