{"id":244510,"date":"2026-09-02T13:28:14","date_gmt":"2026-09-02T17:28:14","guid":{"rendered":"https:\/\/primicias.net\/web\/?p=244510"},"modified":"2026-09-02T13:28:14","modified_gmt":"2026-09-02T17:28:14","slug":"bellon-y-cuadernos-x-un-manana-transforman-cuadernos-usados-en-nuevas-oportunidades-para-la-educacion","status":"publish","type":"post","link":"https:\/\/primicias.net\/web\/bellon-y-cuadernos-x-un-manana-transforman-cuadernos-usados-en-nuevas-oportunidades-para-la-educacion\/","title":{"rendered":"Bell\u00f3n y Cuadernos x un ma\u00f1ana, transforman cuadernos usados en nuevas oportunidades para la educaci\u00f3n"},"content":{"rendered":"<div id=\"m_-4625085099029187434x_x_x_geom_inter_1788366209742_20_5\">\n<div>Santiago De Los Caballeros, Rep\u00fablica Dominicana. Mi\u00e9rcoles 2 de septiembre del 2026. Como parte de sus iniciativas de responsabilidad social empresarial (RSE), Bell\u00f3n desarroll\u00f3 recientemente \u00a0la iniciativa \u201cCuadernos por un Ma\u00f1ana\u201d, en alianza con Cuadernos X Un Ma\u00f1ana (CXUM), con el objetivo de promover la reutilizaci\u00f3n de materiales escolares, fomentar la sostenibilidad y contribuir al apoyo de la educaci\u00f3n en comunidades cercanas a sus operaciones.<\/div>\n<\/div>\n<div><\/div>\n<div id=\"m_-4625085099029187434x_x_x_geom_inter_1788366209742_53_6\">\n<div>Clientes y colaboradores de la empresa, participaron en una jornada de recolecci\u00f3n de cuadernos usados, deposit\u00e1ndolos en 10 urnas habilitadas en ocho sucursales ubicadas en Santiago, San Francisco de Macor\u00eds, Mao, La Romana, Punta Cana y Ban\u00ed.<\/div>\n<\/div>\n<div>La jornada permiti\u00f3 recolectar aproximadamente 1,800 cuadernos, cuyos materiales fueron posteriormente clasificados para identificar las hojas que pod\u00edan ser reutilizadas y separar aquellos destinados a procesos de reciclaje.<\/div>\n<div><\/div>\n<div>La iniciativa de recolecci\u00f3n se\u00a0 involucraron \u00a025 j\u00f3venes del programa L\u00edderes en Construcci\u00f3n y entregaron 300 nuevos cuadernos a 55 ni\u00f1os de la comunidad Los Mel\u00e9ndez.<\/div>\n<div><\/div>\n<div>La actividad les permiti\u00f3 involucrarse directamente en una experiencia relacionada con la sostenibilidad, el voluntariado y el servicio a la comunidad. Los j\u00f3venes estuvieron acompa\u00f1ados por Karla Faxas, fundadora de Cuadernos X Un Ma\u00f1ana, y Kaury Paulino, Coordinadora de Mercadeo y Comunicaciones de Bell\u00f3n, junto al equipo de la empresa.<\/div>\n<div>Las hojas que se encontraban en condiciones de ser reutilizadas fueron recuperadas para la elaboraci\u00f3n de nuevos cuadernos, mientras que los dem\u00e1s materiales fueron destinados a procesos de reciclaje. Como resultado, se obtuvieron los nuevos cuadernos.<\/div>\n<div>Los beneficiarios, con edades aproximadas entre los 4 y 17 a\u00f1os y pertenecientes a diferentes niveles escolares, recibieron los materiales como apoyo para su proceso educativo.<\/div>\n<div><\/div>\n<div>En el encuentro participaron representantes de Bell\u00f3n, entre ellos Carlos Iglesias, director general de Bell\u00f3n, representantes de Mercadeo y Comunicaciones, Gesti\u00f3n Humana y Servicios y Beneficios, adem\u00e1s de Karla Faxas, fundadora de Cuadernos X Un Ma\u00f1ana.<\/div>\n<div><\/div>\n<div>La comunidad estuvo representada por Julio Mart\u00ednez, contacto habitual de Bell\u00f3n en Los Mel\u00e9ndez, junto a padres de los ni\u00f1os beneficiarios y otros miembros de la comunidad. Durante el encuentro, Mart\u00ednez agradeci\u00f3 el acompa\u00f1amiento que Bell\u00f3n ha mantenido con la comunidad durante m\u00e1s de tres a\u00f1os y destac\u00f3 la importancia de continuar impulsando iniciativas en beneficio de sus familias.<\/div>\n","protected":false},"excerpt":{"rendered":"<p>Santiago De Los Caballeros, Rep\u00fablica Dominicana. Mi\u00e9rcoles 2 de septiembre del 2026. Como parte de sus iniciativas de responsabilidad social empresarial (RSE), Bell\u00f3n desarroll\u00f3 recientemente \u00a0la iniciativa \u201cCuadernos por un Ma\u00f1ana\u201d, en alianza con Cuadernos X Un Ma\u00f1ana (CXUM), con el objetivo de promover la reutilizaci\u00f3n de materiales escolares, fomentar la sostenibilidad y contribuir al &hellip;<\/p>\n","protected":false},"author":4,"featured_media":244511,"comment_status":"open","ping_status":"closed","sticky":false,"template":"","format":"standard","meta":{"_jetpack_newsletter_access":"","_jetpack_dont_email_post_to_subs":false,"_jetpack_newsletter_tier_id":0,"_jetpack_memberships_contains_paywalled_content":false,"_jetpack_feature_clip_id":0,"_jetpack_memberships_contains_paid_content":false,"footnotes":"","jetpack_publicize_message":"","jetpack_publicize_feature_enabled":true,"jetpack_social_post_already_shared":true,"jetpack_social_options":{"image_generator_settings":{"template":"highway","default_image_id":0,"font":"","enabled":false},"version":2},"jetpack_post_was_ever_published":false},"categories":[52],"tags":[],"class_list":["post-244510","post","type-post","status-publish","format-standard","has-post-thumbnail","hentry","category-sociales"],"jetpack_publicize_connections":[],"jetpack_featured_media_url":"https:\/\/primicias.net\/web\/wp-content\/uploads\/2026\/09\/Fotografia-Principal-Kaury-Paulino-Jordany-Cuello-Karla-Faxas-Carlos-Iglesias-Daylina-Gonzalez-y-Julio-Martinez-durante-la-entrega-de-cuadernos-de-la-iniciativa.jpg","jetpack_sharing_enabled":true,"_links":{"self":[{"href":"https:\/\/primicias.net\/web\/wp-json\/wp\/v2\/posts\/244510","targetHints":{"allow":["GET"]}}],"collection":[{"href":"https:\/\/primicias.net\/web\/wp-json\/wp\/v2\/posts"}],"about":[{"href":"https:\/\/primicias.net\/web\/wp-json\/wp\/v2\/types\/post"}],"author":[{"embeddable":true,"href":"https:\/\/primicias.net\/web\/wp-json\/wp\/v2\/users\/4"}],"replies":[{"embeddable":true,"href":"https:\/\/primicias.net\/web\/wp-json\/wp\/v2\/comments?post=244510"}],"version-history":[{"count":1,"href":"https:\/\/primicias.net\/web\/wp-json\/wp\/v2\/posts\/244510\/revisions"}],"predecessor-version":[{"id":244512,"href":"https:\/\/primicias.net\/web\/wp-json\/wp\/v2\/posts\/244510\/revisions\/244512"}],"wp:featuredmedia":[{"embeddable":true,"href":"https:\/\/primicias.net\/web\/wp-json\/wp\/v2\/media\/244511"}],"wp:attachment":[{"href":"https:\/\/primicias.net\/web\/wp-json\/wp\/v2\/media?parent=244510"}],"wp:term":[{"taxonomy":"category","embeddable":true,"href":"https:\/\/primicias.net\/web\/wp-json\/wp\/v2\/categories?post=244510"},{"taxonomy":"post_tag","embeddable":true,"href":"https:\/\/primicias.net\/web\/wp-json\/wp\/v2\/tags?post=244510"}],"curies":[{"name":"wp","href":"https:\/\/api.w.org\/{rel}","templated":true}]}}