{"id":244498,"date":"2026-09-02T10:21:20","date_gmt":"2026-09-02T14:21:20","guid":{"rendered":"https:\/\/primicias.net\/web\/?p=244498"},"modified":"2026-09-02T10:21:20","modified_gmt":"2026-09-02T14:21:20","slug":"gala-xv-del-premio-al-merito-periodistico-de-acroarte-exalto-la-excelencia-de-la-cronica-del-arte","status":"publish","type":"post","link":"https:\/\/primicias.net\/web\/gala-xv-del-premio-al-merito-periodistico-de-acroarte-exalto-la-excelencia-de-la-cronica-del-arte\/","title":{"rendered":"Gala XV del Premio al Merito Period\u00edstico de Acroarte exalt\u00f3 la excelencia de la cr\u00f3nica del arte"},"content":{"rendered":"<p><strong>VIRGILIO LORA GOMEZ<\/strong><\/p>\n<p>Por su trayectoria, dedicaci\u00f3n y aportes a la cr\u00f3nica de arte y contribuci\u00f3n al desarrollo de la comunicaci\u00f3n, la cultura, la educaci\u00f3n, las artes y el mecenazgo en la Rep\u00fablica Dominicana, se dedic\u00f3 la gala de premiaci\u00f3n, este martes 1 de septiembre de 2026, en reconocimiento a sus 50 a\u00f1os de trayectoria profesional ininterrumpida y a su permanente compromiso con la comunicaci\u00f3n y la sociedad dominicana.<\/p>\n<p>Durante el ceremonial, Acroarte distingui\u00f3 a personalidades de la sociedad civil, profesionales de los medios de comunicaci\u00f3n y miembros de la instituci\u00f3n \u2014tanto de la sede central como de sus filiales en Santiago, Nueva York y Miami\u2014 que han realizado aportes significativos al desarrollo y promoci\u00f3n del periodismo, el arte y la cultura en el pa\u00eds.<\/p>\n<p>El Premio Acroarte al M\u00e9rito Period\u00edstico constituye una de las distinciones m\u00e1s importantes otorgadas por la instituci\u00f3n, resaltando valores como la trayectoria, la \u00e9tica, la responsabilidad y el compromiso social.<\/p>\n<p>\u00ab Juan Taveras Hern\u00e1ndez conocido como (Juan TH) se convirti\u00f3 en un referente de la cr\u00f3nica de arte en la Rep\u00fablica Dominicana, nos ense\u00f1\u00f3, desde su ejercicio profesional, que el periodismo de entretenimiento tambi\u00e9n puede ser cultura, literatura, referencia y calidad, como sus compa\u00f1eros de camino en Acroarte, nos sentimos regocijados de reconocer su trayectoria y sus logros en esta gala\u00bb, puntualiz\u00f3 Marivell Contreras, presidenta de Acroarte.<\/p>\n<p><img loading=\"lazy\" decoding=\"async\" class=\"alignnone size-full wp-image-244500\" src=\"https:\/\/primicias.net\/web\/wp-content\/uploads\/2026\/09\/WhatsApp-Image-2026-09-02-at-10.17.21-AM.jpeg\" alt=\"\" width=\"1024\" height=\"1536\" srcset=\"https:\/\/primicias.net\/web\/wp-content\/uploads\/2026\/09\/WhatsApp-Image-2026-09-02-at-10.17.21-AM.jpeg 1024w, https:\/\/primicias.net\/web\/wp-content\/uploads\/2026\/09\/WhatsApp-Image-2026-09-02-at-10.17.21-AM-200x300.jpeg 200w, https:\/\/primicias.net\/web\/wp-content\/uploads\/2026\/09\/WhatsApp-Image-2026-09-02-at-10.17.21-AM-683x1024.jpeg 683w, https:\/\/primicias.net\/web\/wp-content\/uploads\/2026\/09\/WhatsApp-Image-2026-09-02-at-10.17.21-AM-768x1152.jpeg 768w\" sizes=\"auto, (max-width: 1024px) 100vw, 1024px\" \/><\/p>\n<p>Juan TH una trayectoria de compromiso con el periodismo<\/p>\n<p>Juan Taveras Hern\u00e1ndez (Juan TH) es un reconocido periodista, escritor y comunicador dominicano con una s\u00f3lida trayectoria en los medios de comunicacion. A lo largo de su carrera ha ejercido la profesi\u00f3n desde una perspectiva cr\u00edtica y comprometida, destac\u00e1ndose por sus an\u00e1lisis, comentarios y art\u00edculos de opini\u00f3n sobre temas de inter\u00e9s nacional.<\/p>\n<p>Su labor profesional se ha caracterizado por la defensa de la libertad de expresi\u00f3n, la responsabilidad social y los valores democr\u00e1ticos. Su voz y sus escritos han formado parte de debates trascendentales en la vida nacional, enriqueciendo el pensamiento y la opini\u00f3n p\u00fablica.<\/p>\n<p>Con esta dedicatoria, Acroarte reconoci\u00f3 en Juan TH a un referente para varias generaciones de periodistas y comunicadores, as\u00ed como su valiosa contribuci\u00f3n al fortalecimiento del ejercicio period\u00edstico en la Rep\u00fablica Dominicana.<\/p>\n<p>La XV Gala del Premio Acroarte al M\u00e9rito Period\u00edstico 2026 reuni\u00f3 a miembros de la entidad, periodistas, artistas, gestores culturales, representantes institucionales y personalidades de distintos sectores, en una noche que se dedic\u00f3 a celebrar el talento y los aportes de quienes impulsan la sociedad a trav\u00e9s de la comunicaci\u00f3n, el arte y la cultura.<\/p>\n<p>Perfil de Juan Taveras Hern\u00e1ndez<\/p>\n<p>Juan Taveras Hern\u00e1ndez (Juan TH) como es ampliamente conocido, naci\u00f3 en San Francisco de Macor\u00eds el 13 de julio de 1953. Es el primog\u00e9nito del matrimonio conformado por Pr\u00f3spero Taveras y Juana (Cielo) Hern\u00e1ndez.<\/p>\n<p>Labor\u00f3 durante m\u00e1s de 40 a\u00f1os en el desaparecido peri\u00f3dico El Nacional donde se desempe\u00f1\u00f3 como uno de los principales columnistas y redactores. Posee una amplia experiencia en radio, televisi\u00f3n, prensa escrita, medios digitales y corresponsal\u00eda de prensa extranjera.<\/p>\n<p>Se destac\u00f3 como comentarista en espacios televisivos como El Show del Mediod\u00eda (Color Visi\u00f3n) y 7 x 7 Roberto (Rahintel), as\u00ed como productor y conductor de los programas en el canal 45 Teleradio Am\u00e9rica y Cinevisi\u00f3n canal 19.<\/p>\n<p>Durante m\u00e1s de 30 a\u00f1os se desempe\u00f1\u00f3 como comentarista pol\u00edtico y coordinador en los emblem\u00e1ticos programas El Gobierno de la Ma\u00f1ana y El Gobierno de la Tarde, transmitidos por la emisora Z-101. Actualmente es director del peri\u00f3dico La Raz\u00f3n y productor y conductor del espacio musical Las Favoritas de Juan TH, que se transmite los domingos por Rumba 98.5 FM.<\/p>\n<p>Es licenciado en Comunicaci\u00f3n Social y doctor en Derecho, con un diplomado en Comunicaci\u00f3n y Ciencias Pol\u00edticas. Curs\u00f3 estudios de periodismo para el desarrollo en Roma, Italia, bajo los auspicios de las Naciones Unidas, marketing pol\u00edtico en Miami Florida y particip\u00f3 en programas de capacitaci\u00f3n para periodistas latinoamericanos en la Rep\u00fablica Popular China, invitado por el Ministerio de Comercio de esa naci\u00f3n.<\/p>\n<p>En 2002 fue condecorado con la Orden al M\u00e9rito de Duarte, S\u00e1nchez y Mella por el presidente de la Rep\u00fablica Hip\u00f3lito Mej\u00eda.<\/p>\n<p>En el \u00e1mbito literario, es autor del libro de ensayos Juan TH en voz alta y de los poemarios Noches de insomnio, De amores y otros dolores y la trilog\u00eda Juan TH.<\/p>\n<p>Por otro lado, la Asociaci\u00f3n de Cronistas de Arte (Acroarte) rendi\u00f3 un reconocimiento especial a la destacada cantante y compositora Maridalia Hern\u00e1ndez durante la celebraci\u00f3n de la XV Gala del Premio Acroarte al M\u00e9rito Period\u00edstico 2026.<\/p>\n<p>El homenaje reconoci\u00f3 la trayectoria de m\u00e1s de cuatro d\u00e9cadas de Hern\u00e1ndez y sus aportes a la m\u00fasica y la cultura dominicana, desde su participaci\u00f3n fundacional en la agrupaci\u00f3n 440 de Juan Luis Guerra hasta su consolidada carrera como solista en escenarios nacionales y extranjeros.<\/p>\n<p>Como parte del reconocimiento, Acroarte prepar\u00f3 un homenaje musical en el que participaron los artistas y creadores Jos\u00e9 Antonio Rodr\u00edguez, Manuel Jim\u00e9nez, Frank Ceara y Pavel Nu\u00f1ez, quienes interpretaron canciones popularizadas por Maridalia Hernandez.<\/p>\n<p>\u00abReconocer a Maridalia Hern\u00e1ndez como la artista completa que es, honrar los m\u00e1s altos valores del arte. Representa la afinaci\u00f3n y la elegancia, el buen gusto musical y la dignidad del arte dominicano y caribe\u00f1o. Su voz forma parte de la esencia de nuestra memoria musical colectiva\u00bb, expres\u00f3 Marivell Contreras, presidenta de Acroarte.<\/p>\n<p>Adem\u00e1s fueron reconocidos Frank Rainieri, Jos\u00e9 Miguel Bonetti Dubrell, Jos\u00e9 Monegro y los cronistas de arte Alexis Beltr\u00e9 Ram\u00edrez, Yamira Taveras, Mayra de la Paz y Rammy P\u00e9rez. Tambi\u00e9n recibi\u00f3 un galardon la Escuela Nacional de Locuci\u00f3n Otto Rivera.<\/p>\n<p>Trayectoria de Maridalia Hern\u00e1ndez<\/p>\n<p>Maridalia Hern\u00e1ndez es considerada una de las voces m\u00e1s emblem\u00e1ticas de la m\u00fasica dominicana . Inici\u00f3 su formaci\u00f3n a los 10 a\u00f1os en Santiago y posteriormente obtuvo el t\u00edtulo de profesora de m\u00fasica, adem\u00e1s de competir con sus estudios en el Conservatorio Nacional de M\u00fasica.<\/p>\n<p>A lo largo de su carrera art\u00edstica despeg\u00f3 en 1981 y desde entonces se ha destacado como cantante y actriz y representante de la cultura dominicana en los escenarios nacionales e internacionales. Fue integrante del Coro Nacional y el Grupo 440 de Juan Luis Guerra.<\/p>\n<p>En 1986 alcanz\u00f3 uno de los principales logros de su carrera al conquistar el primer lugar del Festival de Vi\u00f1a del Mar, en Chile, con la canci\u00f3n \u00abPara quererte\u00bb. Ese mismo a\u00f1o recibi\u00f3 los premios El Dorado, el Casandra y el Soberano como destacada vocalista femenina.<\/p>\n<p>En 2018, su espect\u00e1culo \u00bb Simplemente Maridalia\u00bb fue reconocido en Premios el Soberano como Mejor Concierto del A\u00f1o. Es egresada de la Universidad Nacional Pedro Henr\u00edquez Ure\u00f1a (Unphu), Summa Cum Laude, en M\u00fasica Contempor\u00e1nea.<\/p>\n<p>En el 2023 fue nombrada Miembro Permanente del Foro Iberoamericano de las Artes y represent\u00f3 a Rep\u00fablica Dominicana en los Premios Internacionales de Mecenazgo de la Fundaci\u00f3n Callia, presidida por la Reina Sof\u00eda.<\/p>\n<p>Con una trayectoria marcada por la excelencia, la versetalidad y el compromiso con la cultura, Maridalia Hern\u00e1ndez ocupa un lugar destacado entre las grandes artistas dominicanas.<\/p>\n","protected":false},"excerpt":{"rendered":"<p>VIRGILIO LORA GOMEZ Por su trayectoria, dedicaci\u00f3n y aportes a la cr\u00f3nica de arte y contribuci\u00f3n al desarrollo de la comunicaci\u00f3n, la cultura, la educaci\u00f3n, las artes y el mecenazgo en la Rep\u00fablica Dominicana, se dedic\u00f3 la gala de premiaci\u00f3n, este martes 1 de septiembre de 2026, en reconocimiento a sus 50 a\u00f1os de trayectoria &hellip;<\/p>\n","protected":false},"author":4,"featured_media":244499,"comment_status":"open","ping_status":"closed","sticky":false,"template":"","format":"standard","meta":{"_jetpack_newsletter_access":"","_jetpack_dont_email_post_to_subs":false,"_jetpack_newsletter_tier_id":0,"_jetpack_memberships_contains_paywalled_content":false,"_jetpack_feature_clip_id":0,"_jetpack_memberships_contains_paid_content":false,"footnotes":"","jetpack_publicize_message":"","jetpack_publicize_feature_enabled":true,"jetpack_social_post_already_shared":true,"jetpack_social_options":{"image_generator_settings":{"template":"highway","default_image_id":0,"font":"","enabled":false},"version":2},"jetpack_post_was_ever_published":false},"categories":[30],"tags":[],"class_list":["post-244498","post","type-post","status-publish","format-standard","has-post-thumbnail","hentry","category-entertainment"],"jetpack_publicize_connections":[],"jetpack_featured_media_url":"https:\/\/primicias.net\/web\/wp-content\/uploads\/2026\/09\/WhatsApp-Image-2026-09-02-at-10.17.55-AM.jpeg","jetpack_sharing_enabled":true,"_links":{"self":[{"href":"https:\/\/primicias.net\/web\/wp-json\/wp\/v2\/posts\/244498","targetHints":{"allow":["GET"]}}],"collection":[{"href":"https:\/\/primicias.net\/web\/wp-json\/wp\/v2\/posts"}],"about":[{"href":"https:\/\/primicias.net\/web\/wp-json\/wp\/v2\/types\/post"}],"author":[{"embeddable":true,"href":"https:\/\/primicias.net\/web\/wp-json\/wp\/v2\/users\/4"}],"replies":[{"embeddable":true,"href":"https:\/\/primicias.net\/web\/wp-json\/wp\/v2\/comments?post=244498"}],"version-history":[{"count":1,"href":"https:\/\/primicias.net\/web\/wp-json\/wp\/v2\/posts\/244498\/revisions"}],"predecessor-version":[{"id":244501,"href":"https:\/\/primicias.net\/web\/wp-json\/wp\/v2\/posts\/244498\/revisions\/244501"}],"wp:featuredmedia":[{"embeddable":true,"href":"https:\/\/primicias.net\/web\/wp-json\/wp\/v2\/media\/244499"}],"wp:attachment":[{"href":"https:\/\/primicias.net\/web\/wp-json\/wp\/v2\/media?parent=244498"}],"wp:term":[{"taxonomy":"category","embeddable":true,"href":"https:\/\/primicias.net\/web\/wp-json\/wp\/v2\/categories?post=244498"},{"taxonomy":"post_tag","embeddable":true,"href":"https:\/\/primicias.net\/web\/wp-json\/wp\/v2\/tags?post=244498"}],"curies":[{"name":"wp","href":"https:\/\/api.w.org\/{rel}","templated":true}]}}