{"id":244472,"date":"2026-09-01T21:35:32","date_gmt":"2026-09-02T01:35:32","guid":{"rendered":"https:\/\/primicias.net\/web\/?p=244472"},"modified":"2026-09-01T21:35:32","modified_gmt":"2026-09-02T01:35:32","slug":"merca-jumbo-inaugura-su-tienda-numero-11-en-la-romana","status":"publish","type":"post","link":"https:\/\/primicias.net\/web\/merca-jumbo-inaugura-su-tienda-numero-11-en-la-romana\/","title":{"rendered":"Merca Jumbo inaugura su tienda n\u00famero 11 en La Romana"},"content":{"rendered":"<p style=\"font-weight: 400;\"><strong>La Romana, Rep\u00fablica Dominicana.<\/strong>\u00a0Merca Jumbo abri\u00f3 las puertas de su nueva sucursal en La Romana, con lo que alcanza un total de 11 tiendas a nivel nacional y ampl\u00eda su presencia en la zona este del pa\u00eds. La apertura forma parte del plan de expansi\u00f3n de la compa\u00f1\u00eda, generando 90 empleos directos para la comunidad.<\/p>\n<p style=\"font-weight: 400;\">Ubicada en la Av. Prof. Juan Bosch, esq. C. Jos\u00e9 Mar\u00eda Imbert, Sector La Paz, esta nueva sucursal, representa la llegada de Merca Jumbo a\u00a0La Romana\u00a0con una propuesta clara: ser el mejor vecino de la comunidad, brindando una experiencia de compra pr\u00e1ctica, \u00e1gil y agradable.<\/p>\n<p style=\"font-weight: 400;\">Con 2,000 metros cuadrados de extensi\u00f3n y capacidad para 155 veh\u00edculos, la tienda fue concebida para ofrecer una experiencia de compra moderna, c\u00f3moda y accesible, pensados para que hacer las compras diarias sean una experiencia sencilla y eficiente. Su formato de autoservicio y su surtido variado \u2014que incluye marcas propias, exclusivas y reconocidas del mercado\u2014 garantizan frescura, calidad y conveniencia en cada visita.\u00a0Los clientes tambi\u00e9n podr\u00e1n acceder a servicios adicionales como farmacia, servicios del Subagente Banreservas y cajeros autom\u00e1ticos.<\/p>\n<p style=\"font-weight: 400;\">\u00abEn Merca Jumbo seguimos creciendo con el prop\u00f3sito de estar cada vez m\u00e1s cerca de nuestros clientes. La apertura de esta nueva sucursal en La Romana representa un paso importante en nuestra misi\u00f3n de acompa\u00f1ar a las familias dominicanas con una experiencia de compra moderna, conveniente y adaptada a sus necesidades\u00bb, expres\u00f3 Zamira Guerrero Numa, vicepresidenta de Merca Jumbo.<\/p>\n<p><img loading=\"lazy\" decoding=\"async\" class=\"alignnone size-full wp-image-244481\" src=\"https:\/\/primicias.net\/web\/wp-content\/uploads\/2026\/09\/Vista-de-area-de-panaderia-Merca-Jumbo-Romana.jpg\" alt=\"\" width=\"1280\" height=\"853\" srcset=\"https:\/\/primicias.net\/web\/wp-content\/uploads\/2026\/09\/Vista-de-area-de-panaderia-Merca-Jumbo-Romana.jpg 1280w, https:\/\/primicias.net\/web\/wp-content\/uploads\/2026\/09\/Vista-de-area-de-panaderia-Merca-Jumbo-Romana-300x200.jpg 300w, https:\/\/primicias.net\/web\/wp-content\/uploads\/2026\/09\/Vista-de-area-de-panaderia-Merca-Jumbo-Romana-1024x682.jpg 1024w, https:\/\/primicias.net\/web\/wp-content\/uploads\/2026\/09\/Vista-de-area-de-panaderia-Merca-Jumbo-Romana-768x512.jpg 768w\" sizes=\"auto, (max-width: 1280px) 100vw, 1280px\" \/> <img loading=\"lazy\" decoding=\"async\" class=\"alignnone size-full wp-image-244480\" src=\"https:\/\/primicias.net\/web\/wp-content\/uploads\/2026\/09\/Fachada-Merca-Jumbo-La-Romana-Sucursal-no.-11.jpg\" alt=\"\" width=\"1280\" height=\"854\" srcset=\"https:\/\/primicias.net\/web\/wp-content\/uploads\/2026\/09\/Fachada-Merca-Jumbo-La-Romana-Sucursal-no.-11.jpg 1280w, https:\/\/primicias.net\/web\/wp-content\/uploads\/2026\/09\/Fachada-Merca-Jumbo-La-Romana-Sucursal-no.-11-300x200.jpg 300w, https:\/\/primicias.net\/web\/wp-content\/uploads\/2026\/09\/Fachada-Merca-Jumbo-La-Romana-Sucursal-no.-11-1024x683.jpg 1024w, https:\/\/primicias.net\/web\/wp-content\/uploads\/2026\/09\/Fachada-Merca-Jumbo-La-Romana-Sucursal-no.-11-768x512.jpg 768w\" sizes=\"auto, (max-width: 1280px) 100vw, 1280px\" \/> <img loading=\"lazy\" decoding=\"async\" class=\"alignnone size-full wp-image-244479\" src=\"https:\/\/primicias.net\/web\/wp-content\/uploads\/2026\/09\/El-mejor-vecino-llega-a-Romana.jpg\" alt=\"\" width=\"1280\" height=\"853\" srcset=\"https:\/\/primicias.net\/web\/wp-content\/uploads\/2026\/09\/El-mejor-vecino-llega-a-Romana.jpg 1280w, https:\/\/primicias.net\/web\/wp-content\/uploads\/2026\/09\/El-mejor-vecino-llega-a-Romana-300x200.jpg 300w, https:\/\/primicias.net\/web\/wp-content\/uploads\/2026\/09\/El-mejor-vecino-llega-a-Romana-1024x682.jpg 1024w, https:\/\/primicias.net\/web\/wp-content\/uploads\/2026\/09\/El-mejor-vecino-llega-a-Romana-768x512.jpg 768w\" sizes=\"auto, (max-width: 1280px) 100vw, 1280px\" \/> <img loading=\"lazy\" decoding=\"async\" class=\"alignnone size-full wp-image-244478\" src=\"https:\/\/primicias.net\/web\/wp-content\/uploads\/2026\/09\/El-mejor-vecino-llega-a-Romana-2.jpg\" alt=\"\" width=\"1280\" height=\"853\" srcset=\"https:\/\/primicias.net\/web\/wp-content\/uploads\/2026\/09\/El-mejor-vecino-llega-a-Romana-2.jpg 1280w, https:\/\/primicias.net\/web\/wp-content\/uploads\/2026\/09\/El-mejor-vecino-llega-a-Romana-2-300x200.jpg 300w, https:\/\/primicias.net\/web\/wp-content\/uploads\/2026\/09\/El-mejor-vecino-llega-a-Romana-2-1024x682.jpg 1024w, https:\/\/primicias.net\/web\/wp-content\/uploads\/2026\/09\/El-mejor-vecino-llega-a-Romana-2-768x512.jpg 768w\" sizes=\"auto, (max-width: 1280px) 100vw, 1280px\" \/> <img loading=\"lazy\" decoding=\"async\" class=\"alignnone size-full wp-image-244477\" src=\"https:\/\/primicias.net\/web\/wp-content\/uploads\/2026\/09\/4-Sor-Elena-dando-palabras-de-agardecimiento-en-nombre-del-Hogar-de-Ancianos-Padre-Abreu-con-Amalia-Vega-vicepresidente-de-comunicacion-corporativa-y-relaciones-Institucionales.jpg\" alt=\"\" width=\"1280\" height=\"2090\" srcset=\"https:\/\/primicias.net\/web\/wp-content\/uploads\/2026\/09\/4-Sor-Elena-dando-palabras-de-agardecimiento-en-nombre-del-Hogar-de-Ancianos-Padre-Abreu-con-Amalia-Vega-vicepresidente-de-comunicacion-corporativa-y-relaciones-Institucionales.jpg 1280w, https:\/\/primicias.net\/web\/wp-content\/uploads\/2026\/09\/4-Sor-Elena-dando-palabras-de-agardecimiento-en-nombre-del-Hogar-de-Ancianos-Padre-Abreu-con-Amalia-Vega-vicepresidente-de-comunicacion-corporativa-y-relaciones-Institucionales-184x300.jpg 184w, https:\/\/primicias.net\/web\/wp-content\/uploads\/2026\/09\/4-Sor-Elena-dando-palabras-de-agardecimiento-en-nombre-del-Hogar-de-Ancianos-Padre-Abreu-con-Amalia-Vega-vicepresidente-de-comunicacion-corporativa-y-relaciones-Institucionales-627x1024.jpg 627w, https:\/\/primicias.net\/web\/wp-content\/uploads\/2026\/09\/4-Sor-Elena-dando-palabras-de-agardecimiento-en-nombre-del-Hogar-de-Ancianos-Padre-Abreu-con-Amalia-Vega-vicepresidente-de-comunicacion-corporativa-y-relaciones-Institucionales-768x1254.jpg 768w, https:\/\/primicias.net\/web\/wp-content\/uploads\/2026\/09\/4-Sor-Elena-dando-palabras-de-agardecimiento-en-nombre-del-Hogar-de-Ancianos-Padre-Abreu-con-Amalia-Vega-vicepresidente-de-comunicacion-corporativa-y-relaciones-Institucionales-941x1536.jpg 941w, https:\/\/primicias.net\/web\/wp-content\/uploads\/2026\/09\/4-Sor-Elena-dando-palabras-de-agardecimiento-en-nombre-del-Hogar-de-Ancianos-Padre-Abreu-con-Amalia-Vega-vicepresidente-de-comunicacion-corporativa-y-relaciones-Institucionales-1254x2048.jpg 1254w\" sizes=\"auto, (max-width: 1280px) 100vw, 1280px\" \/> <img loading=\"lazy\" decoding=\"async\" class=\"alignnone size-full wp-image-244476\" src=\"https:\/\/primicias.net\/web\/wp-content\/uploads\/2026\/09\/4-Empleados-MERCA-Jumbo-La-Romana.jpg\" alt=\"\" width=\"1280\" height=\"1920\" srcset=\"https:\/\/primicias.net\/web\/wp-content\/uploads\/2026\/09\/4-Empleados-MERCA-Jumbo-La-Romana.jpg 1280w, https:\/\/primicias.net\/web\/wp-content\/uploads\/2026\/09\/4-Empleados-MERCA-Jumbo-La-Romana-200x300.jpg 200w, https:\/\/primicias.net\/web\/wp-content\/uploads\/2026\/09\/4-Empleados-MERCA-Jumbo-La-Romana-683x1024.jpg 683w, https:\/\/primicias.net\/web\/wp-content\/uploads\/2026\/09\/4-Empleados-MERCA-Jumbo-La-Romana-768x1152.jpg 768w, https:\/\/primicias.net\/web\/wp-content\/uploads\/2026\/09\/4-Empleados-MERCA-Jumbo-La-Romana-1024x1536.jpg 1024w\" sizes=\"auto, (max-width: 1280px) 100vw, 1280px\" \/> <img loading=\"lazy\" decoding=\"async\" class=\"alignnone size-full wp-image-244475\" src=\"https:\/\/primicias.net\/web\/wp-content\/uploads\/2026\/09\/3-Sor-Elena-recibe-el-donativo-para-el-Hogar-Padre-Abreu-de-Rodrigo-Gonzalez-Corripio-y-Borja-Gonzalez-Borja.jpg\" alt=\"\" width=\"1280\" height=\"1710\" srcset=\"https:\/\/primicias.net\/web\/wp-content\/uploads\/2026\/09\/3-Sor-Elena-recibe-el-donativo-para-el-Hogar-Padre-Abreu-de-Rodrigo-Gonzalez-Corripio-y-Borja-Gonzalez-Borja.jpg 1280w, https:\/\/primicias.net\/web\/wp-content\/uploads\/2026\/09\/3-Sor-Elena-recibe-el-donativo-para-el-Hogar-Padre-Abreu-de-Rodrigo-Gonzalez-Corripio-y-Borja-Gonzalez-Borja-225x300.jpg 225w, https:\/\/primicias.net\/web\/wp-content\/uploads\/2026\/09\/3-Sor-Elena-recibe-el-donativo-para-el-Hogar-Padre-Abreu-de-Rodrigo-Gonzalez-Corripio-y-Borja-Gonzalez-Borja-767x1024.jpg 767w, https:\/\/primicias.net\/web\/wp-content\/uploads\/2026\/09\/3-Sor-Elena-recibe-el-donativo-para-el-Hogar-Padre-Abreu-de-Rodrigo-Gonzalez-Corripio-y-Borja-Gonzalez-Borja-768x1026.jpg 768w, https:\/\/primicias.net\/web\/wp-content\/uploads\/2026\/09\/3-Sor-Elena-recibe-el-donativo-para-el-Hogar-Padre-Abreu-de-Rodrigo-Gonzalez-Corripio-y-Borja-Gonzalez-Borja-1150x1536.jpg 1150w\" sizes=\"auto, (max-width: 1280px) 100vw, 1280px\" \/> <img loading=\"lazy\" decoding=\"async\" class=\"alignnone size-full wp-image-244474\" src=\"https:\/\/primicias.net\/web\/wp-content\/uploads\/2026\/09\/2-Representantes-del-Hogar-de-Ancianos-Padre-Abreu-reciben-donativo.jpg\" alt=\"\" width=\"1280\" height=\"1631\" srcset=\"https:\/\/primicias.net\/web\/wp-content\/uploads\/2026\/09\/2-Representantes-del-Hogar-de-Ancianos-Padre-Abreu-reciben-donativo.jpg 1280w, https:\/\/primicias.net\/web\/wp-content\/uploads\/2026\/09\/2-Representantes-del-Hogar-de-Ancianos-Padre-Abreu-reciben-donativo-235x300.jpg 235w, https:\/\/primicias.net\/web\/wp-content\/uploads\/2026\/09\/2-Representantes-del-Hogar-de-Ancianos-Padre-Abreu-reciben-donativo-804x1024.jpg 804w, https:\/\/primicias.net\/web\/wp-content\/uploads\/2026\/09\/2-Representantes-del-Hogar-de-Ancianos-Padre-Abreu-reciben-donativo-768x979.jpg 768w, https:\/\/primicias.net\/web\/wp-content\/uploads\/2026\/09\/2-Representantes-del-Hogar-de-Ancianos-Padre-Abreu-reciben-donativo-1205x1536.jpg 1205w\" sizes=\"auto, (max-width: 1280px) 100vw, 1280px\" \/> <img loading=\"lazy\" decoding=\"async\" class=\"alignnone size-full wp-image-244473\" src=\"https:\/\/primicias.net\/web\/wp-content\/uploads\/2026\/09\/1-Foto-Principal-Padre-Sanchez-junto-a-colaboradores-de-CCN-durante-la-bendicion-de-la-nueva-sucursal-Merca-Jumbo-La-Romana.jpg\" alt=\"\" width=\"1280\" height=\"810\" srcset=\"https:\/\/primicias.net\/web\/wp-content\/uploads\/2026\/09\/1-Foto-Principal-Padre-Sanchez-junto-a-colaboradores-de-CCN-durante-la-bendicion-de-la-nueva-sucursal-Merca-Jumbo-La-Romana.jpg 1280w, https:\/\/primicias.net\/web\/wp-content\/uploads\/2026\/09\/1-Foto-Principal-Padre-Sanchez-junto-a-colaboradores-de-CCN-durante-la-bendicion-de-la-nueva-sucursal-Merca-Jumbo-La-Romana-300x190.jpg 300w, https:\/\/primicias.net\/web\/wp-content\/uploads\/2026\/09\/1-Foto-Principal-Padre-Sanchez-junto-a-colaboradores-de-CCN-durante-la-bendicion-de-la-nueva-sucursal-Merca-Jumbo-La-Romana-1024x648.jpg 1024w, https:\/\/primicias.net\/web\/wp-content\/uploads\/2026\/09\/1-Foto-Principal-Padre-Sanchez-junto-a-colaboradores-de-CCN-durante-la-bendicion-de-la-nueva-sucursal-Merca-Jumbo-La-Romana-768x486.jpg 768w\" sizes=\"auto, (max-width: 1280px) 100vw, 1280px\" \/><\/p>\n<p style=\"font-weight: 400;\">Como parte de su propuesta de valor, La\u00a0<strong>app Merca<\/strong>\u00a0estar\u00e1 disponible en La Romana a partir del s\u00e1bado 29 de agosto, permitiendo a los clientes realizar sus compras con servicio de delivery de forma pr\u00e1ctica, f\u00e1cil y r\u00e1pida.<\/p>\n<p style=\"font-weight: 400;\">Fiel a su promesa de ofrecer los mejores precios todos los d\u00edas, la compa\u00f1\u00eda contin\u00faa apostando por sus marcas propias como pilar de ahorro. Entre ellas destaca L\u00edder, que ofrece productos de alta calidad a precios competitivos, permitiendo a las familias optimizar su presupuesto sin sacrificar calidad.<\/p>\n<p style=\"font-weight: 400;\">La llegada de Merca Jumbo a La Romana reafirma el compromiso de la compa\u00f1\u00eda con el desarrollo de las comunidades donde opera, fortaleciendo la econom\u00eda local y promoviendo el bienestar de las familias dominicanas.<\/p>\n<p style=\"font-weight: 400;\">\u00abEn Merca Jumbo apostamos al crecimiento de nuestras marcas para responder a las necesidades cambiantes de nuestros clientes. Con esta apertura reafirmamos nuestro compromiso de ofrecer productos de calidad y los mejores precios todos los d\u00edas, consolidando a Merca Jumbo como el mejor vecino de las comunidades donde tiene presencia\u00bb, expres\u00f3 Madelyn Mart\u00ednez, vicepresidenta de Mercadeo Formatos y Retail.<\/p>\n<p style=\"font-weight: 400;\">En coherencia con su esp\u00edritu de cercan\u00eda y responsabilidad social, Merca Jumbo decidi\u00f3 que, en lugar de realizar un gran evento de apertura, destinar\u00eda esos recursos al\u00a0<strong>Hogar de Ancianos Padre Abreu<\/strong>, instituci\u00f3n que desde 1954 brinda albergue permanente, alimentaci\u00f3n, atenci\u00f3n m\u00e9dica, acompa\u00f1amiento psicol\u00f3gico y apoyo humano a adultos mayores de escasos recursos o en situaci\u00f3n de desamparo,\u00a0reafirmando as\u00ed el compromiso de Centro Cuesta Nacional y sus marcas de generar un impacto positivo en las comunidades donde opera.<\/p>\n<p style=\"font-weight: 400;\">Merca Jumbo La Romana ya es parte del vecindario e invita a todos los romanenses a conocer su nueva tienda. Estar\u00e1 operando de lunes a s\u00e1bados de 7:00 a.m. a 12:00 a.m., y domingos, de 8:00 a.m. a 10:00 p.m. Con esta apertura, Merca Jumbo contin\u00faa fortaleciendo su presencia en el pa\u00eds y reafirma su compromiso de generar valor e impacto positivo en cada comunidad donde est\u00e1 presente.<\/p>\n<p style=\"font-weight: 400;\">\n<p style=\"font-weight: 400;\"><strong>Acerca de Merca Jumbo<\/strong><\/p>\n<p style=\"font-weight: 400;\">Merca Jumbo es un nuevo concepto de supermercado dise\u00f1ado para ofrecer a los clientes una experiencia de compra \u00fanica con los mejores precios en productos de calidad. Con espacios c\u00f3modos y accesibles, Merca Jumbo asegura que en cada visita los clientes encuentren productos frescos y de calidad al mejor precio. Con su promesa de \u201cel mejor vecino\u201d, Merca Jumbo\u00a0ofrece a los clientes una opci\u00f3n cercana para hacer sus compras diarias en un formato de autoservicio que les permita agilidad y comodidad con un surtido de productos de marcas propias y exclusivas que brindan buena calidad al mejor precio.<\/p>\n","protected":false},"excerpt":{"rendered":"<p>La Romana, Rep\u00fablica Dominicana.\u00a0Merca Jumbo abri\u00f3 las puertas de su nueva sucursal en La Romana, con lo que alcanza un total de 11 tiendas a nivel nacional y ampl\u00eda su presencia en la zona este del pa\u00eds. La apertura forma parte del plan de expansi\u00f3n de la compa\u00f1\u00eda, generando 90 empleos directos para la comunidad. &hellip;<\/p>\n","protected":false},"author":4,"featured_media":244480,"comment_status":"open","ping_status":"closed","sticky":false,"template":"","format":"standard","meta":{"_jetpack_newsletter_access":"","_jetpack_dont_email_post_to_subs":false,"_jetpack_newsletter_tier_id":0,"_jetpack_memberships_contains_paywalled_content":false,"_jetpack_feature_clip_id":0,"_jetpack_memberships_contains_paid_content":false,"footnotes":"","jetpack_publicize_message":"","jetpack_publicize_feature_enabled":true,"jetpack_social_post_already_shared":true,"jetpack_social_options":{"image_generator_settings":{"template":"highway","default_image_id":0,"font":"","enabled":false},"version":2},"jetpack_post_was_ever_published":false},"categories":[52],"tags":[],"class_list":["post-244472","post","type-post","status-publish","format-standard","has-post-thumbnail","hentry","category-sociales"],"jetpack_publicize_connections":[],"jetpack_featured_media_url":"https:\/\/primicias.net\/web\/wp-content\/uploads\/2026\/09\/Fachada-Merca-Jumbo-La-Romana-Sucursal-no.-11.jpg","jetpack_sharing_enabled":true,"_links":{"self":[{"href":"https:\/\/primicias.net\/web\/wp-json\/wp\/v2\/posts\/244472","targetHints":{"allow":["GET"]}}],"collection":[{"href":"https:\/\/primicias.net\/web\/wp-json\/wp\/v2\/posts"}],"about":[{"href":"https:\/\/primicias.net\/web\/wp-json\/wp\/v2\/types\/post"}],"author":[{"embeddable":true,"href":"https:\/\/primicias.net\/web\/wp-json\/wp\/v2\/users\/4"}],"replies":[{"embeddable":true,"href":"https:\/\/primicias.net\/web\/wp-json\/wp\/v2\/comments?post=244472"}],"version-history":[{"count":1,"href":"https:\/\/primicias.net\/web\/wp-json\/wp\/v2\/posts\/244472\/revisions"}],"predecessor-version":[{"id":244482,"href":"https:\/\/primicias.net\/web\/wp-json\/wp\/v2\/posts\/244472\/revisions\/244482"}],"wp:featuredmedia":[{"embeddable":true,"href":"https:\/\/primicias.net\/web\/wp-json\/wp\/v2\/media\/244480"}],"wp:attachment":[{"href":"https:\/\/primicias.net\/web\/wp-json\/wp\/v2\/media?parent=244472"}],"wp:term":[{"taxonomy":"category","embeddable":true,"href":"https:\/\/primicias.net\/web\/wp-json\/wp\/v2\/categories?post=244472"},{"taxonomy":"post_tag","embeddable":true,"href":"https:\/\/primicias.net\/web\/wp-json\/wp\/v2\/tags?post=244472"}],"curies":[{"name":"wp","href":"https:\/\/api.w.org\/{rel}","templated":true}]}}