{"id":244463,"date":"2026-09-01T21:21:21","date_gmt":"2026-09-02T01:21:21","guid":{"rendered":"https:\/\/primicias.net\/web\/?p=244463"},"modified":"2026-09-01T21:21:21","modified_gmt":"2026-09-02T01:21:21","slug":"rector-del-ipes-realiza-jornada-de-orientacion-y-supervision-en-la-escuela-para-cadetes-de-la-policia-nacional","status":"publish","type":"post","link":"https:\/\/primicias.net\/web\/rector-del-ipes-realiza-jornada-de-orientacion-y-supervision-en-la-escuela-para-cadetes-de-la-policia-nacional\/","title":{"rendered":"Rector del IPES realiza jornada de orientaci\u00f3n y supervisi\u00f3n en la Escuela para Cadetes de la Polic\u00eda Nacional"},"content":{"rendered":"<div id=\":hhm\" class=\"ii gt\">\n<div id=\":hhl\" class=\"a3s aiL \">\n<div id=\"avWBGd-15132\">\n<div dir=\"auto\">\n<div dir=\"auto\">\n<div dir=\"auto\">\n<p>Santo Domingo, RD.\u2013 El rector del Instituto Policial de Educaci\u00f3n Superior (IPES), general Juan Hilario Guzm\u00e1n Bad\u00eda, realiz\u00f3 hoy una jornada estrat\u00e9gica de orientaci\u00f3n y supervisi\u00f3n en\u00a0la Escuela para Cadetes \u201cMayor General Jos\u00e9 F\u00e9lix Rafael Hermida Gonz\u00e1lez, donde exhort\u00f3 a los cadetes a asumir con responsabilidad los principios de la transformaci\u00f3n policial, destacando la importancia de una formaci\u00f3n continua, basada en valores, \u00e9tica y compromiso de servicio.<\/p>\n<p>Durante la arenga a los futuros oficiales,\u00a0el general Guzm\u00e1n Bad\u00eda resalt\u00f3 que la transformaci\u00f3n policial requiere una formaci\u00f3n permanente y un compromiso constante de los futuros oficiales, a quienes inst\u00f3 a no detener su preparaci\u00f3n despu\u00e9s de la graduaci\u00f3n y a procurar siempre la excelencia en las \u00e1reas donde decidan desarrollar su carrera.<\/p>\n<p>\u201cSigan form\u00e1ndose, esto apenas es el comienzo. Nunca se queden atr\u00e1s; todo requiere sacrificio y esfuerzo. Aprovechen esta formaci\u00f3n para ser hombres y mujeres de bien, al servicio de la sociedad y la patria, con la misi\u00f3n de proteger y servir a la ciudadan\u00eda\u201d, expres\u00f3 el rector del IPES.<\/p>\n<p><img loading=\"lazy\" decoding=\"async\" class=\"alignnone size-full wp-image-244467\" src=\"https:\/\/primicias.net\/web\/wp-content\/uploads\/2026\/09\/1001958196.jpg\" alt=\"\" width=\"1280\" height=\"960\" srcset=\"https:\/\/primicias.net\/web\/wp-content\/uploads\/2026\/09\/1001958196.jpg 1280w, https:\/\/primicias.net\/web\/wp-content\/uploads\/2026\/09\/1001958196-300x225.jpg 300w, https:\/\/primicias.net\/web\/wp-content\/uploads\/2026\/09\/1001958196-1024x768.jpg 1024w, https:\/\/primicias.net\/web\/wp-content\/uploads\/2026\/09\/1001958196-768x576.jpg 768w\" sizes=\"auto, (max-width: 1280px) 100vw, 1280px\" \/> <img loading=\"lazy\" decoding=\"async\" class=\"alignnone size-full wp-image-244466\" src=\"https:\/\/primicias.net\/web\/wp-content\/uploads\/2026\/09\/1001958188.jpg\" alt=\"\" width=\"1280\" height=\"960\" srcset=\"https:\/\/primicias.net\/web\/wp-content\/uploads\/2026\/09\/1001958188.jpg 1280w, https:\/\/primicias.net\/web\/wp-content\/uploads\/2026\/09\/1001958188-300x225.jpg 300w, https:\/\/primicias.net\/web\/wp-content\/uploads\/2026\/09\/1001958188-1024x768.jpg 1024w, https:\/\/primicias.net\/web\/wp-content\/uploads\/2026\/09\/1001958188-768x576.jpg 768w\" sizes=\"auto, (max-width: 1280px) 100vw, 1280px\" \/> <img loading=\"lazy\" decoding=\"async\" class=\"alignnone size-full wp-image-244465\" src=\"https:\/\/primicias.net\/web\/wp-content\/uploads\/2026\/09\/1001958189.jpg\" alt=\"\" width=\"1280\" height=\"798\" srcset=\"https:\/\/primicias.net\/web\/wp-content\/uploads\/2026\/09\/1001958189.jpg 1280w, https:\/\/primicias.net\/web\/wp-content\/uploads\/2026\/09\/1001958189-300x187.jpg 300w, https:\/\/primicias.net\/web\/wp-content\/uploads\/2026\/09\/1001958189-1024x638.jpg 1024w, https:\/\/primicias.net\/web\/wp-content\/uploads\/2026\/09\/1001958189-768x479.jpg 768w\" sizes=\"auto, (max-width: 1280px) 100vw, 1280px\" \/> <img loading=\"lazy\" decoding=\"async\" class=\"alignnone size-full wp-image-244464\" src=\"https:\/\/primicias.net\/web\/wp-content\/uploads\/2026\/09\/1001958187.jpg\" alt=\"\" width=\"887\" height=\"1200\" srcset=\"https:\/\/primicias.net\/web\/wp-content\/uploads\/2026\/09\/1001958187.jpg 887w, https:\/\/primicias.net\/web\/wp-content\/uploads\/2026\/09\/1001958187-222x300.jpg 222w, https:\/\/primicias.net\/web\/wp-content\/uploads\/2026\/09\/1001958187-757x1024.jpg 757w, https:\/\/primicias.net\/web\/wp-content\/uploads\/2026\/09\/1001958187-768x1039.jpg 768w\" sizes=\"auto, (max-width: 887px) 100vw, 887px\" \/><\/p>\n<p>En la supervisi\u00f3n por diferentes \u00e1reas de la Escuela para Cadetes, verific\u00f3 las condiciones de los espacios destinados a la formaci\u00f3n de los cadetes e identific\u00f3 oportunidades de mejora para continuar fortaleciendo la calidad del proceso educativo.<\/p>\n<p>Tras el recorrido, reafirm\u00f3 la importancia de que los conocimientos adquiridos durante la preparaci\u00f3n acad\u00e9mica y profesional sean llevados a la pr\u00e1ctica, de manera que los cadetes puedan responder con responsabilidad a las exigencias de la funci\u00f3n policial y al compromiso de servicio con la ciudadan\u00eda.<\/p>\n<p>La supervisi\u00f3n cont\u00f3 con el acompa\u00f1amiento del director de la Escuela para Cadetes, coronel Julio Enmanuel Valenzuela Pe\u00f1a, junto a oficiales superiores e instructores.<\/p>\n<p>La visita forma parte del seguimiento permanente que realiza el IPES a los procesos de formaci\u00f3n policial, en consonancia con los lineamientos del director general de la Polic\u00eda Nacional, mayor general Ernesto Rafael Rodr\u00edguez Garc\u00eda, orientados a fortalecer la preparaci\u00f3n de los miembros de la instituci\u00f3n y consolidar una formaci\u00f3n basada en los valores, la \u00e9tica y el compromiso de servicio a la ciudadan\u00eda.<\/p>\n<\/div>\n<\/div>\n<\/div>\n<div class=\"yj6qo\"><\/div>\n<div class=\"adL\"><\/div>\n<\/div>\n<\/div>\n<\/div>\n<div id=\":hi1\" class=\"hq gt \"><\/div>\n","protected":false},"excerpt":{"rendered":"<p>Santo Domingo, RD.\u2013 El rector del Instituto Policial de Educaci\u00f3n Superior (IPES), general Juan Hilario Guzm\u00e1n Bad\u00eda, realiz\u00f3 hoy una jornada estrat\u00e9gica de orientaci\u00f3n y supervisi\u00f3n en\u00a0la Escuela para Cadetes \u201cMayor General Jos\u00e9 F\u00e9lix Rafael Hermida Gonz\u00e1lez, donde exhort\u00f3 a los cadetes a asumir con responsabilidad los principios de la transformaci\u00f3n policial, destacando la importancia &hellip;<\/p>\n","protected":false},"author":4,"featured_media":244468,"comment_status":"open","ping_status":"closed","sticky":false,"template":"","format":"standard","meta":{"_jetpack_newsletter_access":"","_jetpack_dont_email_post_to_subs":false,"_jetpack_newsletter_tier_id":0,"_jetpack_memberships_contains_paywalled_content":false,"_jetpack_feature_clip_id":0,"_jetpack_memberships_contains_paid_content":false,"footnotes":"","jetpack_publicize_message":"","jetpack_publicize_feature_enabled":true,"jetpack_social_post_already_shared":true,"jetpack_social_options":{"image_generator_settings":{"template":"highway","default_image_id":0,"font":"","enabled":false},"version":2},"jetpack_post_was_ever_published":false},"categories":[31],"tags":[],"class_list":["post-244463","post","type-post","status-publish","format-standard","has-post-thumbnail","hentry","category-nacionales"],"jetpack_publicize_connections":[],"jetpack_featured_media_url":"https:\/\/primicias.net\/web\/wp-content\/uploads\/2026\/09\/1001957642.jpg","jetpack_sharing_enabled":true,"_links":{"self":[{"href":"https:\/\/primicias.net\/web\/wp-json\/wp\/v2\/posts\/244463","targetHints":{"allow":["GET"]}}],"collection":[{"href":"https:\/\/primicias.net\/web\/wp-json\/wp\/v2\/posts"}],"about":[{"href":"https:\/\/primicias.net\/web\/wp-json\/wp\/v2\/types\/post"}],"author":[{"embeddable":true,"href":"https:\/\/primicias.net\/web\/wp-json\/wp\/v2\/users\/4"}],"replies":[{"embeddable":true,"href":"https:\/\/primicias.net\/web\/wp-json\/wp\/v2\/comments?post=244463"}],"version-history":[{"count":1,"href":"https:\/\/primicias.net\/web\/wp-json\/wp\/v2\/posts\/244463\/revisions"}],"predecessor-version":[{"id":244469,"href":"https:\/\/primicias.net\/web\/wp-json\/wp\/v2\/posts\/244463\/revisions\/244469"}],"wp:featuredmedia":[{"embeddable":true,"href":"https:\/\/primicias.net\/web\/wp-json\/wp\/v2\/media\/244468"}],"wp:attachment":[{"href":"https:\/\/primicias.net\/web\/wp-json\/wp\/v2\/media?parent=244463"}],"wp:term":[{"taxonomy":"category","embeddable":true,"href":"https:\/\/primicias.net\/web\/wp-json\/wp\/v2\/categories?post=244463"},{"taxonomy":"post_tag","embeddable":true,"href":"https:\/\/primicias.net\/web\/wp-json\/wp\/v2\/tags?post=244463"}],"curies":[{"name":"wp","href":"https:\/\/api.w.org\/{rel}","templated":true}]}}