{"id":244456,"date":"2026-09-01T20:29:13","date_gmt":"2026-09-02T00:29:13","guid":{"rendered":"https:\/\/primicias.net\/web\/?p=244456"},"modified":"2026-09-01T20:35:17","modified_gmt":"2026-09-02T00:35:17","slug":"primicias-septiembre-2026-temas-economicos-y-bancarios-trazabilidad-de-mercancias-enviadas-hacia-haiti-juramentacion-de-nuevo-superintendente-de-bancos-enmanuel-cedeno-brea","status":"publish","type":"post","link":"https:\/\/primicias.net\/web\/primicias-septiembre-2026-temas-economicos-y-bancarios-trazabilidad-de-mercancias-enviadas-hacia-haiti-juramentacion-de-nuevo-superintendente-de-bancos-enmanuel-cedeno-brea\/","title":{"rendered":"Primicias Septiembre 2026, Temas Econ\u00f3micos y Bancarios, trazabilidad de mercanc\u00edas enviadas  hacia Hait\u00ed, juramentaci\u00f3n de nuevo superintendente de Bancos,  Enmanuel Cede\u00f1o Brea"},"content":{"rendered":"<p>Por Alex Jim\u00e9nez<\/p>\n<p>Director de Primicias<\/p>\n<p>&nbsp;<\/p>\n<p>Las medidas anunciadas por la Direcci\u00f3n General de Aduanas para garantizar la trazabilidad de las mercancias enviadas hacia Hait\u00ed, la juramentaci\u00f3n del nuevo superintendente de Bancos, Enmanuel Cede\u00f1o Brea; el respaldo de la Asociaci\u00f3n de Industrias de la Rep\u00fablica Dominicana (AIRD) a los controles a las mercanc\u00edas enviadas hacia Hait\u00ed, la inversi\u00f3n del gobierno en 50 camiones compactadores para mejorar la recogida de desperdicios en diferentes comunidades, las bajas ventas en los negocios, las quejas callejeras por la falta de dinero,\u00a0 \u00a0la extensi\u00f3n\u00a0 del HOPE\/HEL, aprobada por el Congreso de Estados Unidos; las escandalosas facturas el\u00e9ctricas emitidas por las edes,\u00a0 \u00a0la reapertura del aeropuerto de Caracas, la Fuerza del Pueblo denunciando p\u00e9rdidas de un 56%\u00a0 las distribuidoras de electricidad, el bloqueo de m\u00e1s de 80 buques en el estrecho de Ormuz, el destape sobre nueve presuntos integrantes de una organizaci\u00f3n transnacional dedicada al tr\u00e1fico internacional de coca\u00edna, lavado de activos acusada por el Ministerio P\u00fablico de movilizar 1.7 toneladas\u00a0 de coca\u00edna; la interpelaci\u00f3n\u00a0 de los administradores de las edes solicitada por el Partido de la Liberaci\u00f3n dominicana,\u00a0 un tornado que afect\u00f3 a Santiago Rodr\u00edguez,\u00a0 el ex presidente Leonel Fern\u00e1ndez denunciando el incremento en los precios de la canasta familiar, un cabo policial que le dispar\u00f3 a un delivery, el creciente d\u00e9ficit comercial del pa\u00eds con China, son Temas Econ\u00f3micos y Bancarios en Primicias en septiembre de 2026.<\/p>\n<p><img loading=\"lazy\" decoding=\"async\" class=\"alignnone size-medium wp-image-244457\" src=\"https:\/\/primicias.net\/web\/wp-content\/uploads\/2026\/09\/Foto-1-4-300x200.jpg\" alt=\"\" width=\"300\" height=\"200\" srcset=\"https:\/\/primicias.net\/web\/wp-content\/uploads\/2026\/09\/Foto-1-4-300x200.jpg 300w, https:\/\/primicias.net\/web\/wp-content\/uploads\/2026\/09\/Foto-1-4-1024x683.jpg 1024w, https:\/\/primicias.net\/web\/wp-content\/uploads\/2026\/09\/Foto-1-4-768x512.jpg 768w, https:\/\/primicias.net\/web\/wp-content\/uploads\/2026\/09\/Foto-1-4.jpg 1152w\" sizes=\"auto, (max-width: 300px) 100vw, 300px\" \/><\/p>\n<p>ADUANAS\u00a0 ANUNCIA MEDIDAS PARA GARANTIZAR TRAZABALIDAD DE LAS MERCANCIAS HACIA HAITI<\/p>\n<p>A partir del 15 septiembre se implementar\u00e1n nuevas acciones como parte de<br \/>\nuna estrategia integral de fortalecimiento institucional que incluye definici\u00f3n<br \/>\nde un horario l\u00edmite para las salidas de mercanc\u00edas hacia el vecino pa\u00eds.<br \/>\nSanto Domingo, RD. &#8211; Ante el debate de los \u00faltimos d\u00edas en varios medios<br \/>\nde comunicaciones en torno al tr\u00e1nsito de mercanc\u00edas hacia la Rep\u00fablica de<br \/>\nHait\u00ed, creado por denuncias hechas por algunos empresarios, la Direcci\u00f3n<br \/>\nGeneral de Aduanas (DGA), inform\u00f3 que\u00a0 se encuentra en el proceso de adopci\u00f3n de<br \/>\nnuevas medidas para fortalecer el control y la trazabilidad de las cargas con<br \/>\ndestino final hacia dicho pa\u00eds.<br \/>\nRecuerda que el comercio fronterizo es una actividad que se realiza desde<br \/>\nhace muchos a\u00f1os, la cual se ha agravado a ra\u00edz de la crisis que vive este<br \/>\npa\u00eds de Hait\u00ed, tras el asesinato de presidente Jovanel Moise.<\/p>\n<p>Destacaque es a partir de 1998 que empiezan a instalarse peque\u00f1os almacenes<br \/>\nalrededor de las zonas fronterizas, los cuales fueron creciendo con el tiempo.<br \/>\nEl director general de Aduanas, Nelson Arroyo, explic\u00f3 que las nuevas<br \/>\nmedidas incluyen la obligatoriedad de solicitar las operaciones de tr\u00e1nsito con<br \/>\nal menos 24 horas de antelaci\u00f3n, definici\u00f3n de un horario l\u00edmite para las<br \/>\nsalidas de mercanc\u00edas hacia Hait\u00ed y se reforzar\u00e1n la supervisi\u00f3n, seguridad y<br \/>\nel cumplimiento de las normas internacionales.<br \/>\nEntre las disposiciones establece la obligatoriedad de solicitar las operaciones<br \/>\nde tr\u00e1nsito con al menos 24 horas de antelaci\u00f3n, as\u00ed como una supervisi\u00f3n<br \/>\nreforzada a trav\u00e9s de las \u00e1reas de inteligencia, control y seguridad aduanera.<\/p>\n<p>Se establecer\u00e1 la medida de control para el despacho de mercanc\u00edas y se le<br \/>\notorgar\u00e1 un l\u00edmite de la cantidad de contenedores que podr\u00e1 despachar cada<br \/>\nempresa, el cual no podr\u00e1 exceder de veinte.<br \/>\nLas mercanc\u00edas deben salir hacia Hait\u00ed en horario de ocho de la ma\u00f1ana a<br \/>\nuna de la tarde. Y aquellas que no est\u00e9n en listas ser\u00e1n despachadas al d\u00eda<br \/>\nsiguiente con la misma programaci\u00f3n.<br \/>\nTambi\u00e9n, se establecer\u00e1n mecanismos especiales de custodia para<br \/>\noperaciones consideradas de alto riesgo y se fortalecer\u00e1 el monitoreo en los<br \/>\nprincipales puntos fronterizos del pa\u00eds para evitar desv\u00edos o intentos de<br \/>\ncomercializaci\u00f3n irregular dentro del territorio nacional.<br \/>\n\u201cLas operaciones identificadas con perfiles de riesgo elevados estar\u00e1n sujetas<br \/>\na protocolos especiales de vigilancia y custodia, con el objetivo de garantizar<br \/>\nque las mercanc\u00edas completen su recorrido conforme a las normativas<br \/>\nvigentes y a los procedimientos establecidos por la autoridad aduanera\u201d<br \/>\nexpres\u00f3 el titular de Aduanas.<\/p>\n<p>MINISTRO MAGIN DIAZ JURAMENTA A ENMANUEL CEDE\u00d1O BREA COMO NUEVO SUPERINTENDENTE DE BANCOS<\/p>\n<p><img loading=\"lazy\" decoding=\"async\" class=\"alignnone size-medium wp-image-244458\" src=\"https:\/\/primicias.net\/web\/wp-content\/uploads\/2026\/09\/Juramentacion-1-1-300x200.jpeg\" alt=\"\" width=\"300\" height=\"200\" srcset=\"https:\/\/primicias.net\/web\/wp-content\/uploads\/2026\/09\/Juramentacion-1-1-300x200.jpeg 300w, https:\/\/primicias.net\/web\/wp-content\/uploads\/2026\/09\/Juramentacion-1-1-1024x682.jpeg 1024w, https:\/\/primicias.net\/web\/wp-content\/uploads\/2026\/09\/Juramentacion-1-1-768x512.jpeg 768w, https:\/\/primicias.net\/web\/wp-content\/uploads\/2026\/09\/Juramentacion-1-1-1536x1024.jpeg 1536w, https:\/\/primicias.net\/web\/wp-content\/uploads\/2026\/09\/Juramentacion-1-1-2048x1365.jpeg 2048w\" sizes=\"auto, (max-width: 300px) 100vw, 300px\" \/><\/p>\n<p>El ministro de Hacienda y Econom\u00eda (MHE), Mag\u00edn D\u00edaz, jurament\u00f3<br \/>\neste martes a Enmanuel Cede\u00f1o Brea como nuevo superintendente de Bancos de la Rep\u00fablica<br \/>\nDominicana, en sustituci\u00f3n de Alejandro Fern\u00e1ndez W., quien ocup\u00f3 la posici\u00f3n durante seis<br \/>\na\u00f1os.<img loading=\"lazy\" decoding=\"async\" class=\"alignnone size-medium wp-image-244459\" src=\"https:\/\/primicias.net\/web\/wp-content\/uploads\/2026\/09\/Juramentacion-2-1-300x200.jpeg\" alt=\"\" width=\"300\" height=\"200\" srcset=\"https:\/\/primicias.net\/web\/wp-content\/uploads\/2026\/09\/Juramentacion-2-1-300x200.jpeg 300w, https:\/\/primicias.net\/web\/wp-content\/uploads\/2026\/09\/Juramentacion-2-1-1024x682.jpeg 1024w, https:\/\/primicias.net\/web\/wp-content\/uploads\/2026\/09\/Juramentacion-2-1-768x512.jpeg 768w, https:\/\/primicias.net\/web\/wp-content\/uploads\/2026\/09\/Juramentacion-2-1-1536x1024.jpeg 1536w, https:\/\/primicias.net\/web\/wp-content\/uploads\/2026\/09\/Juramentacion-2-1-2048x1365.jpeg 2048w\" sizes=\"auto, (max-width: 300px) 100vw, 300px\" \/><br \/>\nLa designaci\u00f3n de Cede\u00f1o Brea est\u00e1 contenida en el Decreto 606-26 y, de conformidad con lo<br \/>\nestablecido en la Ley Monetaria y Financiera, corresponde a un per\u00edodo de dos a\u00f1os.<br \/>\nDurante el acto de juramentaci\u00f3n, el ministro Mag\u00edn D\u00edaz destac\u00f3 la preparaci\u00f3n y experiencia<br \/>\ndel nuevo superintendente, as\u00ed como su trayectoria en materia de regulaci\u00f3n y supervisi\u00f3n<br \/>\nfinanciera, elementos que fueron ponderados por el presidente Luis Abinader para su elecci\u00f3n.<br \/>\n\u201cEnmanuel Cede\u00f1o Brea cuenta con una s\u00f3lida formaci\u00f3n y una amplia experiencia en<br \/>\nregulaci\u00f3n, supervisi\u00f3n, econom\u00eda, finanzas y gesti\u00f3n de riesgos. Confiamos en que su<br \/>\nconocimiento del sistema financiero y su compromiso con el fortalecimiento institucional<br \/>\ncontribuir\u00e1n a seguir consolidando un sistema bancario robusto, moderno y capaz de responder a<br \/>\nlos desaf\u00edos del pa\u00eds\u201d, expres\u00f3 D\u00edaz.<br \/>\nAl mismo tiempo, el ministro destac\u00f3 el excelente desempe\u00f1o de Alejandro Fern\u00e1ndez W. al<br \/>\nfrente de esta instituci\u00f3n que muestra un importante avance en t\u00e9rminos de profesionalizaci\u00f3n,<br \/>\ndigitalizaci\u00f3n y capacidad operativa en la ejecuci\u00f3n de sus funciones.<br \/>\nTras ser juramentado Cede\u00f1o Brea manifest\u00f3 su compromiso con la continuidad del plan<br \/>\nestrat\u00e9gico que impulsa la Superintendencia de Bancos (SB), con el objetivo de continuar<br \/>\nprofundizando en materias como la madurez institucional, la supervisi\u00f3n basada en riesgos y la<br \/>\ninnovaci\u00f3n regulatoria.<br \/>\nSobre el nuevo superintendente<\/p>\n<p>El nuevo superintendente es abogado de profesi\u00f3n y cuenta con especializaci\u00f3n en econom\u00eda y<br \/>\nfinanzas y posee una amplia trayectoria en regulaci\u00f3n financiera, supervisi\u00f3n prudencial, gesti\u00f3n<br \/>\nde riesgos y cumplimiento normativo.<br \/>\nAntes de su designaci\u00f3n, se desempe\u00f1aba como asesor principal y coordinador t\u00e9cnico de la<br \/>\nSuperintendencia de Bancos. Previamente, ocup\u00f3 la posici\u00f3n de subgerente de Regulaci\u00f3n e<br \/>\nInnovaci\u00f3n de esa instituci\u00f3n, desde donde tuvo bajo su responsabilidad \u00e1reas vinculadas con<br \/>\nregulaci\u00f3n, supervisi\u00f3n contra el lavado de activos y el financiamiento del terrorismo (LA\/FT),<br \/>\ninnovaci\u00f3n e inclusi\u00f3n financiera, investigaci\u00f3n econ\u00f3mica, registro y licencias, y sanciones<br \/>\nadministrativas. Asimismo, fue intendente del Mercados de Valores entre 2022 y 2024 y ha<br \/>\nejercido como asesor de diversas entidades financieras.<\/p>\n<p>ENMANUEL CEDE\u00d1O BREA<\/p>\n<p>Es jurista especializado en econom\u00eda, regulaci\u00f3n financiera, prevenci\u00f3n de delitos<br \/>\nfinancieros y gesti\u00f3n de riesgos. Cuenta con amplia experiencia en el dise\u00f1o e<br \/>\nimplementaci\u00f3n de pol\u00edticas regulatorias y de supervisi\u00f3n. Su labor en el servicio p\u00fablico ha<br \/>\ncontribuido al fortalecimiento de los marcos regulatorios, los procesos de supervisi\u00f3n y las<br \/>\niniciativas de innovaci\u00f3n y gesti\u00f3n de riesgos en el sistema financiero.<br \/>\nEntre 2024 y 2026, Cede\u00f1o Brea se desempe\u00f1\u00f3 como asesor general y coordinador<br \/>\nt\u00e9cnico de la Superintendencia de Bancos. Previamente, entre 2022 y 2024, fue<br \/>\ndesignado por el presidente Luis Abinader como intendente de la Superintendencia del<br \/>\nMercado de Valores. Entre 2020 y 2022 ocup\u00f3 la posici\u00f3n de subgerente de Regulaci\u00f3n<br \/>\ne Innovaci\u00f3n de la Superintendencia de Bancos.<br \/>\nPosee un doctorado europeo (Ph.D.) en Derecho y Econom\u00eda (European Doctorate in<br \/>\nLaw and Economics) por las Universidades de R\u00f3terdam, Hamburgo y Bolonia. Asimismo,<br \/>\nobtuvo una maestr\u00eda con distinci\u00f3n en Derecho y Finanzas (MSc) por Queen Mary<br \/>\nUniversity of London, y una maestr\u00eda con m\u00e9rito en Derecho Bancario y Regulaci\u00f3n<br \/>\nFinanciera (LL.M.) por la London School of Economics (LSE).<br \/>\nComplementa su formaci\u00f3n con certificaciones profesionales en regulaci\u00f3n del riesgo<br \/>\nfinanciero (GARP Financial Risk Regulation) y cumplimiento en materia de delitos<br \/>\nfinancieros (International Compliance Association \/ Manchester University).<br \/>\nEn el \u00e1mbito acad\u00e9mico, fue vicerrector de Investigaci\u00f3n del Instituto OMG, donde tambi\u00e9n<br \/>\nimparte docencia. Asimismo, es profesor de la Pontificia Universidad Cat\u00f3lica Madre y<br \/>\nMaestra (PUCMM) y la Universidad Iberoamericana (UNIBE), en las materias de<br \/>\nRegulaci\u00f3n de los Mercados Financieros, An\u00e1lisis Econ\u00f3mico del Derecho y Teor\u00eda<br \/>\nEcon\u00f3mica de la Regulaci\u00f3n.<br \/>\nAntes de incorporarse al servicio p\u00fablico, fue consultor para importantes instituciones<br \/>\nfinancieras nacionales e internacionales, en materia de prevenci\u00f3n del lavado de activos,<br \/>\nincluyendo entidades globales de importancia sist\u00e9mica. Ha impartido m\u00e1s de 100<br \/>\ncapacitaciones en Latinoam\u00e9rica, Europa, Asia y Medio Oriente y el Norte de \u00c1frica.<\/p>\n","protected":false},"excerpt":{"rendered":"<p>Por Alex Jim\u00e9nez Director de Primicias &nbsp; Las medidas anunciadas por la Direcci\u00f3n General de Aduanas para garantizar la trazabilidad de las mercancias enviadas hacia Hait\u00ed, la juramentaci\u00f3n del nuevo superintendente de Bancos, Enmanuel Cede\u00f1o Brea; el respaldo de la Asociaci\u00f3n de Industrias de la Rep\u00fablica Dominicana (AIRD) a los controles a las mercanc\u00edas enviadas &hellip;<\/p>\n","protected":false},"author":8,"featured_media":244459,"comment_status":"open","ping_status":"closed","sticky":false,"template":"","format":"standard","meta":{"_jetpack_newsletter_access":"","_jetpack_dont_email_post_to_subs":false,"_jetpack_newsletter_tier_id":0,"_jetpack_memberships_contains_paywalled_content":false,"_jetpack_feature_clip_id":0,"_jetpack_memberships_contains_paid_content":false,"footnotes":"","jetpack_publicize_message":"","jetpack_publicize_feature_enabled":true,"jetpack_social_post_already_shared":true,"jetpack_social_options":{"image_generator_settings":{"template":"highway","default_image_id":0,"font":"","enabled":false},"version":2},"jetpack_post_was_ever_published":false},"categories":[65,35,31,182],"tags":[],"class_list":["post-244456","post","type-post","status-publish","format-standard","has-post-thumbnail","hentry","category-bancarias","category-economia-arte","category-nacionales","category-voces-economicas-de-la-nacion"],"jetpack_publicize_connections":[],"jetpack_featured_media_url":"https:\/\/primicias.net\/web\/wp-content\/uploads\/2026\/09\/Juramentacion-2-1.jpeg","jetpack_sharing_enabled":true,"_links":{"self":[{"href":"https:\/\/primicias.net\/web\/wp-json\/wp\/v2\/posts\/244456","targetHints":{"allow":["GET"]}}],"collection":[{"href":"https:\/\/primicias.net\/web\/wp-json\/wp\/v2\/posts"}],"about":[{"href":"https:\/\/primicias.net\/web\/wp-json\/wp\/v2\/types\/post"}],"author":[{"embeddable":true,"href":"https:\/\/primicias.net\/web\/wp-json\/wp\/v2\/users\/8"}],"replies":[{"embeddable":true,"href":"https:\/\/primicias.net\/web\/wp-json\/wp\/v2\/comments?post=244456"}],"version-history":[{"count":3,"href":"https:\/\/primicias.net\/web\/wp-json\/wp\/v2\/posts\/244456\/revisions"}],"predecessor-version":[{"id":244462,"href":"https:\/\/primicias.net\/web\/wp-json\/wp\/v2\/posts\/244456\/revisions\/244462"}],"wp:featuredmedia":[{"embeddable":true,"href":"https:\/\/primicias.net\/web\/wp-json\/wp\/v2\/media\/244459"}],"wp:attachment":[{"href":"https:\/\/primicias.net\/web\/wp-json\/wp\/v2\/media?parent=244456"}],"wp:term":[{"taxonomy":"category","embeddable":true,"href":"https:\/\/primicias.net\/web\/wp-json\/wp\/v2\/categories?post=244456"},{"taxonomy":"post_tag","embeddable":true,"href":"https:\/\/primicias.net\/web\/wp-json\/wp\/v2\/tags?post=244456"}],"curies":[{"name":"wp","href":"https:\/\/api.w.org\/{rel}","templated":true}]}}