{"id":244435,"date":"2026-09-01T19:26:05","date_gmt":"2026-09-01T23:26:05","guid":{"rendered":"https:\/\/primicias.net\/web\/?p=244435"},"modified":"2026-09-01T19:26:05","modified_gmt":"2026-09-01T23:26:05","slug":"pgt-vision-integral-centrada-en-presentar-talentos-y-lograr-transformar-vidas","status":"publish","type":"post","link":"https:\/\/primicias.net\/web\/pgt-vision-integral-centrada-en-presentar-talentos-y-lograr-transformar-vidas\/","title":{"rendered":"PGT visi\u00f3n integral centrada en presentar talentos y lograr transformar vidas."},"content":{"rendered":"<div dir=\"auto\">Por Mario Antonio Lara Valdez<\/div>\n<div dir=\"auto\"><\/div>\n<div dir=\"auto\"><\/div>\n<div dir=\"auto\"><\/div>\n<div dir=\"auto\">Observar como testigo desde sus inicios esta evoluci\u00f3n de Peque\u00f1os Grandes Talentos es reconocer a aquel joven creativo dominicano de nombre Iv\u00e1n Ruiz que logr\u00f3 trasladar la experiencia, sensibilidad, responsabilidad, pero sobre todo esa capacidad como productor en ver cada detalle que va conectando con el p\u00fablico v\u00eda la televisi\u00f3n. <img loading=\"lazy\" decoding=\"async\" class=\"alignnone size-medium wp-image-244437\" src=\"https:\/\/primicias.net\/web\/wp-content\/uploads\/2026\/09\/1006077131-291x300.jpg\" alt=\"\" width=\"291\" height=\"300\" srcset=\"https:\/\/primicias.net\/web\/wp-content\/uploads\/2026\/09\/1006077131-291x300.jpg 291w, https:\/\/primicias.net\/web\/wp-content\/uploads\/2026\/09\/1006077131-992x1024.jpg 992w, https:\/\/primicias.net\/web\/wp-content\/uploads\/2026\/09\/1006077131-768x793.jpg 768w, https:\/\/primicias.net\/web\/wp-content\/uploads\/2026\/09\/1006077131-1488x1536.jpg 1488w, https:\/\/primicias.net\/web\/wp-content\/uploads\/2026\/09\/1006077131-1984x2048.jpg 1984w\" sizes=\"auto, (max-width: 291px) 100vw, 291px\" \/><\/div>\n<div dir=\"auto\"><\/div>\n<div dir=\"auto\"><\/div>\n<div dir=\"auto\">Cumpliendo nueve a\u00f1os entre ilusiones, sacrificios, incertidumbre, aplausos, l\u00e1grimas, abrazos, unificaci\u00f3n familiar, as\u00ed como crear conciencia ciudadana sobre diferentes necesidades que requieren nuestros ni\u00f1os y adolescentes en sus comunidades o simplemente en el entorno familiar, ya que este proyecto televisivo llega desde Neuronas Creativas, representando ese sector privado responsable que busca aportar valores familiares, \u00e9ticos y enderezar caminos a los ganadores y no ganadores.<\/div>\n<div dir=\"auto\"><\/div>\n<div dir=\"auto\"><\/div>\n<div dir=\"auto\">Iv\u00e1n Ruiz es un creativo puro de visi\u00f3n adelantada, m\u00e1s por hecho que con palabras, con su estilo peculiar, car\u00e1cter fuerte, aunque podemos encontrar un coraz\u00f3n sensible, pero tambi\u00e9n cabalgando a todo galope por imponer una televisi\u00f3n estatal m\u00e1s horizontal, convirti\u00e9ndose en puente de esperanza para lograr bienestar y soluciones eficientes a los ciudadanos. Esto es propio de quien conoce ese alcance positivo de los medios de comunicaci\u00f3n.<\/div>\n<div dir=\"auto\"><\/div>\n<div dir=\"auto\"><\/div>\n<div dir=\"auto\">Los padres de los ni\u00f1os y adolescentes deben garantizar esa responsabilidad de promover valores familiares para lograr que ese talento sea entrelazado en una formaci\u00f3n continua educativa, musical y cultural, dejando claro que este es uno de los objetivos principales de la producci\u00f3n de Peque\u00f1os Grandes Talentos.<\/div>\n<div dir=\"auto\"><\/div>\n<div dir=\"auto\"><\/div>\n<div dir=\"auto\">Los televidentes a nivel nacional e internacional logran disfrutar este tipo de producciones donde cada funci\u00f3n laboral est\u00e1 determinada por la capacidad de entender que hacer equipo es lo fundamental, pero observar c\u00f3mo desde producci\u00f3n se comunica con el jefe de piso, fot\u00f3grafos, redes sociales, camar\u00f3grafos y, pero tambi\u00e9n podemos reconocer los talentos en su diversidad de responsabilidades.<\/div>\n<div dir=\"auto\"><\/div>\n<div dir=\"auto\"><\/div>\n<div dir=\"auto\">Tengo que felicitar a Jahly Hern\u00e1ndez por ese desenvolvimiento, como lo hice en el estudio a su madre, pero ese mensaje de inclusi\u00f3n real es una demostraci\u00f3n de un equipo multidisciplinario del programa. Esto est\u00e1 plasmado en esa psic\u00f3loga cl\u00ednica que disfruta cada momento intensamente, mostrando cari\u00f1o a cada ni\u00f1o participante, y estos ni\u00f1os, cuando fueron reconocidos por el jurado, buscaban a sus familiares y luego a la psic\u00f3loga del programa.<img loading=\"lazy\" decoding=\"async\" class=\"alignnone size-medium wp-image-244436\" src=\"https:\/\/primicias.net\/web\/wp-content\/uploads\/2026\/09\/1006077148-225x300.jpg\" alt=\"\" width=\"225\" height=\"300\" srcset=\"https:\/\/primicias.net\/web\/wp-content\/uploads\/2026\/09\/1006077148-225x300.jpg 225w, https:\/\/primicias.net\/web\/wp-content\/uploads\/2026\/09\/1006077148-768x1024.jpg 768w, https:\/\/primicias.net\/web\/wp-content\/uploads\/2026\/09\/1006077148.jpg 960w\" sizes=\"auto, (max-width: 225px) 100vw, 225px\" \/><\/div>\n<div dir=\"auto\"><\/div>\n<div dir=\"auto\"><\/div>\n<div dir=\"auto\"><\/div>\n<div dir=\"auto\">En una conversaci\u00f3n con los padres, estos mostraron un v\u00eddeo del ni\u00f1o Elio G\u00f3mez, que gan\u00f3 el segundo lugar, pero tambi\u00e9n tuvo la responsabilidad de solicitar al presidente Luis Abinader Corona una escuela musical para su provincia Mar\u00eda Trinidad S\u00e1nchez, que esperamos que sea una realidad. Aunque Elio G\u00f3mez nos dijo que deseaba ganar ese viaje a M\u00e9xico, logramos hacerle comprender que tiene una familia a su lado, donde debe estar conforme con participar y dar gracias por ese premio obtenido.<\/div>\n<div dir=\"auto\"><\/div>\n<div dir=\"auto\"><\/div>\n<div dir=\"auto\">Como Secretario General de los Trabajadores de la Prensa (SNTP), filial Distrito Nacional, y directivo de la Sociedad Dominicana de Medios Digitales (Sodomedi), valoramos esta novena temporada de Peque\u00f1os Grandes Talentos que logra detectar talentos en televisi\u00f3n nacional, logrando transformar sus vidas, como oxigenando de esperanzas su presente y futuro. Pero tambi\u00e9n solicito al gobierno dirigido por Luis Abinader m\u00e1s apoyo; adem\u00e1s, tambi\u00e9n a las marcas garantizar la sostenibilidad del proyecto televisivo.<\/div>\n<div><\/div>\n","protected":false},"excerpt":{"rendered":"<p>Por Mario Antonio Lara Valdez Observar como testigo desde sus inicios esta evoluci\u00f3n de Peque\u00f1os Grandes Talentos es reconocer a aquel joven creativo dominicano de nombre Iv\u00e1n Ruiz que logr\u00f3 trasladar la experiencia, sensibilidad, responsabilidad, pero sobre todo esa capacidad como productor en ver cada detalle que va conectando con el p\u00fablico v\u00eda la televisi\u00f3n. &hellip;<\/p>\n","protected":false},"author":8,"featured_media":244437,"comment_status":"open","ping_status":"closed","sticky":false,"template":"","format":"standard","meta":{"_jetpack_newsletter_access":"","_jetpack_dont_email_post_to_subs":false,"_jetpack_newsletter_tier_id":0,"_jetpack_memberships_contains_paywalled_content":false,"_jetpack_feature_clip_id":0,"_jetpack_memberships_contains_paid_content":false,"footnotes":"","jetpack_publicize_message":"","jetpack_publicize_feature_enabled":true,"jetpack_social_post_already_shared":true,"jetpack_social_options":{"image_generator_settings":{"template":"highway","default_image_id":0,"font":"","enabled":false},"version":2},"jetpack_post_was_ever_published":false},"categories":[200,206,163],"tags":[],"class_list":["post-244435","post","type-post","status-publish","format-standard","has-post-thumbnail","hentry","category-cultura","category-medios-de-comunicacion","category-voces-nacionales-e-internacionales"],"jetpack_publicize_connections":[],"jetpack_featured_media_url":"https:\/\/primicias.net\/web\/wp-content\/uploads\/2026\/09\/1006077131-scaled.jpg","jetpack_sharing_enabled":true,"_links":{"self":[{"href":"https:\/\/primicias.net\/web\/wp-json\/wp\/v2\/posts\/244435","targetHints":{"allow":["GET"]}}],"collection":[{"href":"https:\/\/primicias.net\/web\/wp-json\/wp\/v2\/posts"}],"about":[{"href":"https:\/\/primicias.net\/web\/wp-json\/wp\/v2\/types\/post"}],"author":[{"embeddable":true,"href":"https:\/\/primicias.net\/web\/wp-json\/wp\/v2\/users\/8"}],"replies":[{"embeddable":true,"href":"https:\/\/primicias.net\/web\/wp-json\/wp\/v2\/comments?post=244435"}],"version-history":[{"count":1,"href":"https:\/\/primicias.net\/web\/wp-json\/wp\/v2\/posts\/244435\/revisions"}],"predecessor-version":[{"id":244438,"href":"https:\/\/primicias.net\/web\/wp-json\/wp\/v2\/posts\/244435\/revisions\/244438"}],"wp:featuredmedia":[{"embeddable":true,"href":"https:\/\/primicias.net\/web\/wp-json\/wp\/v2\/media\/244437"}],"wp:attachment":[{"href":"https:\/\/primicias.net\/web\/wp-json\/wp\/v2\/media?parent=244435"}],"wp:term":[{"taxonomy":"category","embeddable":true,"href":"https:\/\/primicias.net\/web\/wp-json\/wp\/v2\/categories?post=244435"},{"taxonomy":"post_tag","embeddable":true,"href":"https:\/\/primicias.net\/web\/wp-json\/wp\/v2\/tags?post=244435"}],"curies":[{"name":"wp","href":"https:\/\/api.w.org\/{rel}","templated":true}]}}