{"id":244430,"date":"2026-09-01T19:22:07","date_gmt":"2026-09-01T23:22:07","guid":{"rendered":"https:\/\/primicias.net\/web\/?p=244430"},"modified":"2026-09-01T19:22:07","modified_gmt":"2026-09-01T23:22:07","slug":"ucsd-examina-los-cambios-alcances-y-desafios-del-nuevo-codigo-penal-dominicano","status":"publish","type":"post","link":"https:\/\/primicias.net\/web\/ucsd-examina-los-cambios-alcances-y-desafios-del-nuevo-codigo-penal-dominicano\/","title":{"rendered":"UCSD examina los cambios, alcances y desaf\u00edos del nuevo C\u00f3digo Penal dominicano"},"content":{"rendered":"<p>La actividad formativa, encabezada por el rector de la universidad, reuni\u00f3 a profesionales<br \/>\ndel \u00e1mbito jur\u00eddico para examinar el contenido de la legislaci\u00f3n y sus efectos en la<br \/>\neducaci\u00f3n superior.<br \/>\nSanto Domingo, D. N.\u2013 La Universidad Cat\u00f3lica Santo Domingo (UCSD) realiz\u00f3 una jornada<br \/>\nformativa sobre el nuevo C\u00f3digo Penal Dominicano, con el prop\u00f3sito de facilitar la<br \/>\ncomprensi\u00f3n de sus disposiciones, con \u00e9nfasis en aquellas vinculadas con la comunidad<br \/>\nuniversitaria, el ejercicio docente y el sector educativo en general.<br \/>\nEl encuentro fue encabezado por el rector de la UCSD, Jos\u00e9 Luis de la Cruz, y cont\u00f3 con la<br \/>\nparticipaci\u00f3n del decano de la Facultad de Ciencias Jur\u00eddicas y Pol\u00edticas, Gustavo A. de los<br \/>\nSantos Coll; del director de la Escuela de Derecho, Amauri Marco Mart\u00ednez Abreu; as\u00ed como<br \/>\nde los docentes Rosalmy N. Guerrero y Edison Joel Pe\u00f1a.<br \/>\nLos panelistas, quienes tambi\u00e9n desempe\u00f1an destacadas funciones en la judicatura y otras<br \/>\n\u00e1reas del derecho, abordaron diferentes dimensiones de la nueva legislaci\u00f3n, bajo la<br \/>\nmoderaci\u00f3n del jurista \u00c1ngel Gomera.<br \/>\nDurante sus exposiciones, los especialistas analizaron las nuevas tipificaciones delictivas<br \/>\nincorporadas al C\u00f3digo Penal y explicaron disposiciones relacionadas con la transparencia,<br \/>\nlas responsabilidades personales e institucionales, as\u00ed como las garant\u00edas y la protecci\u00f3n de<br \/>\nlos derechos de las personas, entre otros temas relevantes.<br \/>\nDe su lado, la vicerrectora acad\u00e9mica, Carmen Consuelo L\u00f3pez Brand, destac\u00f3 la<br \/>\nimportancia que reviste el estudio de esta legislaci\u00f3n para la universidad, debido a sus<br \/>\nrepercusiones jur\u00eddicas, sociales e institucionales.<br \/>\nIndic\u00f3 que promover su an\u00e1lisis permite conocer su contenido, dimensionar sus efectos y<br \/>\nfomentar una reflexi\u00f3n cr\u00edtica y responsable sobre los retos que plantea su aplicaci\u00f3n en la<br \/>\nvida nacional.<\/p>\n<p>Con esta actividad formativa, la UCSD reafirma su compromiso con la actualizaci\u00f3n<br \/>\nprofesional, el debate plural y la generaci\u00f3n de espacios acad\u00e9micos que contribuyan al<br \/>\nfortalecimiento del conocimiento jur\u00eddico, la institucionalidad y el Estado de derecho,<br \/>\ninform\u00f3 la academia en un documento de prensa.<br \/>\nLa jornada, realizada en la Biblioteca Octavio A. Cardenal Beras Rojas, reuni\u00f3 a<br \/>\nprofesionales, docentes, estudiantes y representantes del \u00e1mbito jur\u00eddico interesados en<br \/>\nconocer las novedades del C\u00f3digo Penal y reflexionar sobre los retos relacionados con su<br \/>\ninterpretaci\u00f3n y aplicaci\u00f3n.<\/p>\n<p>&nbsp;<\/p>\n<p><img loading=\"lazy\" decoding=\"async\" class=\"alignnone size-medium wp-image-244431\" src=\"https:\/\/primicias.net\/web\/wp-content\/uploads\/2026\/09\/Angel-Gomera-Gustavo-de-los-Santos-Coll-Carmen-Consuelo-Lopez-Amauri-Mateo-Rosalmy-Guerrero-y-Edison-Joel-Pena-300x169.jpg\" alt=\"\" width=\"300\" height=\"169\" srcset=\"https:\/\/primicias.net\/web\/wp-content\/uploads\/2026\/09\/Angel-Gomera-Gustavo-de-los-Santos-Coll-Carmen-Consuelo-Lopez-Amauri-Mateo-Rosalmy-Guerrero-y-Edison-Joel-Pena-300x169.jpg 300w, https:\/\/primicias.net\/web\/wp-content\/uploads\/2026\/09\/Angel-Gomera-Gustavo-de-los-Santos-Coll-Carmen-Consuelo-Lopez-Amauri-Mateo-Rosalmy-Guerrero-y-Edison-Joel-Pena-1024x576.jpg 1024w, https:\/\/primicias.net\/web\/wp-content\/uploads\/2026\/09\/Angel-Gomera-Gustavo-de-los-Santos-Coll-Carmen-Consuelo-Lopez-Amauri-Mateo-Rosalmy-Guerrero-y-Edison-Joel-Pena-768x432.jpg 768w, https:\/\/primicias.net\/web\/wp-content\/uploads\/2026\/09\/Angel-Gomera-Gustavo-de-los-Santos-Coll-Carmen-Consuelo-Lopez-Amauri-Mateo-Rosalmy-Guerrero-y-Edison-Joel-Pena-390x220.jpg 390w, https:\/\/primicias.net\/web\/wp-content\/uploads\/2026\/09\/Angel-Gomera-Gustavo-de-los-Santos-Coll-Carmen-Consuelo-Lopez-Amauri-Mateo-Rosalmy-Guerrero-y-Edison-Joel-Pena.jpg 1424w\" sizes=\"auto, (max-width: 300px) 100vw, 300px\" \/><\/p>\n<p><strong>\u00a0 \u00a0\u00c1ngel Gomera, Gustavo de los Santos Coll, Carmen Consuelo L\u00f3pez, Amauri Mateo,\u00a0\u00a0Rosalmy Guerrero\u00a0\u00a0y Edison Joel Pe\u00f1a<\/strong><\/p>\n<p><img loading=\"lazy\" decoding=\"async\" class=\"alignnone size-medium wp-image-244432\" src=\"https:\/\/primicias.net\/web\/wp-content\/uploads\/2026\/09\/Panelistas-autoridades-y-publico-asistente-a-la-actividad-300x169.jpg\" alt=\"\" width=\"300\" height=\"169\" srcset=\"https:\/\/primicias.net\/web\/wp-content\/uploads\/2026\/09\/Panelistas-autoridades-y-publico-asistente-a-la-actividad-300x169.jpg 300w, https:\/\/primicias.net\/web\/wp-content\/uploads\/2026\/09\/Panelistas-autoridades-y-publico-asistente-a-la-actividad-1024x576.jpg 1024w, https:\/\/primicias.net\/web\/wp-content\/uploads\/2026\/09\/Panelistas-autoridades-y-publico-asistente-a-la-actividad-768x432.jpg 768w, https:\/\/primicias.net\/web\/wp-content\/uploads\/2026\/09\/Panelistas-autoridades-y-publico-asistente-a-la-actividad-1536x864.jpg 1536w, https:\/\/primicias.net\/web\/wp-content\/uploads\/2026\/09\/Panelistas-autoridades-y-publico-asistente-a-la-actividad-390x220.jpg 390w, https:\/\/primicias.net\/web\/wp-content\/uploads\/2026\/09\/Panelistas-autoridades-y-publico-asistente-a-la-actividad.jpg 1920w\" sizes=\"auto, (max-width: 300px) 100vw, 300px\" \/><\/p>\n<p><strong>\u00a0 \u00a0 \u00a0Panelistas, autoridades de la UCSD y p\u00fablico asistente a la actividad<\/strong><\/p>\n<p>&nbsp;<\/p>\n","protected":false},"excerpt":{"rendered":"<p>La actividad formativa, encabezada por el rector de la universidad, reuni\u00f3 a profesionales del \u00e1mbito jur\u00eddico para examinar el contenido de la legislaci\u00f3n y sus efectos en la educaci\u00f3n superior. Santo Domingo, D. N.\u2013 La Universidad Cat\u00f3lica Santo Domingo (UCSD) realiz\u00f3 una jornada formativa sobre el nuevo C\u00f3digo Penal Dominicano, con el prop\u00f3sito de facilitar &hellip;<\/p>\n","protected":false},"author":8,"featured_media":244431,"comment_status":"open","ping_status":"closed","sticky":false,"template":"","format":"standard","meta":{"_jetpack_newsletter_access":"","_jetpack_dont_email_post_to_subs":false,"_jetpack_newsletter_tier_id":0,"_jetpack_memberships_contains_paywalled_content":false,"_jetpack_feature_clip_id":0,"_jetpack_memberships_contains_paid_content":false,"footnotes":"","jetpack_publicize_message":"","jetpack_publicize_feature_enabled":true,"jetpack_social_post_already_shared":true,"jetpack_social_options":{"image_generator_settings":{"template":"highway","default_image_id":0,"font":"","enabled":false},"version":2},"jetpack_post_was_ever_published":false},"categories":[141,79,216,163],"tags":[],"class_list":["post-244430","post","type-post","status-publish","format-standard","has-post-thumbnail","hentry","category-educacion","category-judiciales","category-universidades","category-voces-nacionales-e-internacionales"],"jetpack_publicize_connections":[],"jetpack_featured_media_url":"https:\/\/primicias.net\/web\/wp-content\/uploads\/2026\/09\/Angel-Gomera-Gustavo-de-los-Santos-Coll-Carmen-Consuelo-Lopez-Amauri-Mateo-Rosalmy-Guerrero-y-Edison-Joel-Pena.jpg","jetpack_sharing_enabled":true,"_links":{"self":[{"href":"https:\/\/primicias.net\/web\/wp-json\/wp\/v2\/posts\/244430","targetHints":{"allow":["GET"]}}],"collection":[{"href":"https:\/\/primicias.net\/web\/wp-json\/wp\/v2\/posts"}],"about":[{"href":"https:\/\/primicias.net\/web\/wp-json\/wp\/v2\/types\/post"}],"author":[{"embeddable":true,"href":"https:\/\/primicias.net\/web\/wp-json\/wp\/v2\/users\/8"}],"replies":[{"embeddable":true,"href":"https:\/\/primicias.net\/web\/wp-json\/wp\/v2\/comments?post=244430"}],"version-history":[{"count":1,"href":"https:\/\/primicias.net\/web\/wp-json\/wp\/v2\/posts\/244430\/revisions"}],"predecessor-version":[{"id":244433,"href":"https:\/\/primicias.net\/web\/wp-json\/wp\/v2\/posts\/244430\/revisions\/244433"}],"wp:featuredmedia":[{"embeddable":true,"href":"https:\/\/primicias.net\/web\/wp-json\/wp\/v2\/media\/244431"}],"wp:attachment":[{"href":"https:\/\/primicias.net\/web\/wp-json\/wp\/v2\/media?parent=244430"}],"wp:term":[{"taxonomy":"category","embeddable":true,"href":"https:\/\/primicias.net\/web\/wp-json\/wp\/v2\/categories?post=244430"},{"taxonomy":"post_tag","embeddable":true,"href":"https:\/\/primicias.net\/web\/wp-json\/wp\/v2\/tags?post=244430"}],"curies":[{"name":"wp","href":"https:\/\/api.w.org\/{rel}","templated":true}]}}