{"id":244415,"date":"2026-09-01T18:55:24","date_gmt":"2026-09-01T22:55:24","guid":{"rendered":"https:\/\/primicias.net\/web\/?p=244415"},"modified":"2026-09-01T18:55:24","modified_gmt":"2026-09-01T22:55:24","slug":"onpeco-reclama-medidas-para-garantizar-agua-segura-y-accesible-ante-la-sequia","status":"publish","type":"post","link":"https:\/\/primicias.net\/web\/onpeco-reclama-medidas-para-garantizar-agua-segura-y-accesible-ante-la-sequia\/","title":{"rendered":"ONPECO RECLAMA MEDIDAS PARA GARANTIZAR AGUA SEGURA Y ACCESIBLE ANTE LA SEQU\u00cdA."},"content":{"rendered":"<p>La organizaci\u00f3n propone reforzar los controles sanitarios, proteger las fuentes h\u00eddricas<br \/>\ny promover una campa\u00f1a nacional de ahorro.<br \/>\nEl Observatorio Nacional para la Protecci\u00f3n del Consumidor (Onpeco) llam\u00f3 a las<br \/>\nautoridades a fortalecer las medidas destinadas a garantizar agua segura, suficiente y<br \/>\naccesible para la poblaci\u00f3n ante la sequ\u00eda y la reducci\u00f3n de los caudales que abastecen los<br \/>\nsistemas de agua potable.<br \/>\nLa entidad advirti\u00f3 que la situaci\u00f3n no debe abordarse \u00fanicamente como un problema de<br \/>\nabastecimiento. Tambi\u00e9n involucra la salud p\u00fablica, la protecci\u00f3n de los consumidores y la<br \/>\nseguridad h\u00eddrica del pa\u00eds.<br \/>\nEn ese sentido, el Observatorio reclam\u00f3 a las autoridades sanitarias reforzar la vigilancia<br \/>\nsobre la producci\u00f3n, envasado, almacenamiento, transporte y comercializaci\u00f3n del agua<br \/>\ndestinada al consumo humano.<br \/>\n\u201cCuando un consumidor compra agua identificada como potable tiene derecho a confiar en<br \/>\nque cumple las condiciones sanitarias necesarias para su consumo\u201d, sostuvo Onpeco.<br \/>\nLa entidad plante\u00f3 la necesidad de realizar controles peri\u00f3dicos y hacer p\u00fablicos sus<br \/>\nresultados.<br \/>\nCuando se detecte un producto que no cumpla las normas sanitarias, las autoridades deben<br \/>\nidentificarlo oportunamente y adoptar las medidas necesarias para proteger a la poblaci\u00f3n.<br \/>\nOnpeco llam\u00f3 tambi\u00e9n a la CAASD, INAPA y las dem\u00e1s instituciones responsables del<br \/>\nsuministro a adoptar medidas para mantener el abastecimiento de agua potable, con especial<br \/>\natenci\u00f3n a las comunidades m\u00e1s afectadas por la disminuci\u00f3n de las fuentes disponibles.<br \/>\nLa entidad record\u00f3 que el agua no puede ser tratada simplemente como cualquier otro<br \/>\nproducto. \u201cEs un recurso indispensable para la vida, la salud, la higiene, la alimentaci\u00f3n y la<br \/>\ndignidad\u201d, alert\u00f3 el Observatorio.<br \/>\nOnpeco advirti\u00f3, adem\u00e1s, que enfrentar los per\u00edodos de sequ\u00eda requiere no solo respuestas de<br \/>\nlas autoridades, sino tambi\u00e9n cambios en los h\u00e1bitos de consumo y una mayor protecci\u00f3n de<br \/>\nlas fuentes h\u00eddricas.<br \/>\nPor esa raz\u00f3n, propuso impulsar una Campa\u00f1a Nacional por una Cultura Sostenible del<br \/>\nAgua, dirigida a hogares, centros educativos, comercios, industrias e instituciones p\u00fablicas.<\/p>\n<p>Entre las medidas recomendadas figuran reparar las fugas de tuber\u00edas y cisternas, reducir el<br \/>\ntiempo de las duchas, cerrar los grifos cuando no sean necesarios, evitar el uso de agua<br \/>\npotable para lavar calles y aceras y reutilizarla cuando pueda hacerse de manera segura.<br \/>\nAsimismo, exhort\u00f3 a evitar la contaminaci\u00f3n de r\u00edos, arroyos y ca\u00f1adas y a fortalecer la<br \/>\nprotecci\u00f3n de bosques, cuencas hidrogr\u00e1ficas, nacimientos de agua y zonas de recarga.<br \/>\n\u201cPorque ahorrar agua es necesario, pero tambi\u00e9n lo es proteger las fuentes que permiten<br \/>\ndisponer de ella\u201d, se\u00f1al\u00f3 Onpeco.<br \/>\nLa entidad considera que la sequ\u00eda debe servir para acelerar pol\u00edticas permanentes de<br \/>\nseguridad h\u00eddrica, en lugar de limitar la respuesta del pa\u00eds a medidas de emergencia cuando<br \/>\ndisminuyen las lluvias.<br \/>\nOnpeco se\u00f1al\u00f3 que existe una responsabilidad compartida: al Estado corresponde garantizar<br \/>\nla calidad y disponibilidad del agua y proteger a todas las poblaciones consumidoras,<br \/>\nespecialmente a los seres humanos y animales. A la ciudadan\u00eda le corresponde utilizar<br \/>\nracionalmente el recurso y evitar su desperdicio y contaminaci\u00f3n.<br \/>\n\u201cEl agua que desperdiciamos hoy puede ser la que necesitemos ma\u00f1ana. Protegerla es una<br \/>\nresponsabilidad de todos\u2026\u201d, concluy\u00f3 Onpeco.<\/p>\n","protected":false},"excerpt":{"rendered":"<p>La organizaci\u00f3n propone reforzar los controles sanitarios, proteger las fuentes h\u00eddricas y promover una campa\u00f1a nacional de ahorro. El Observatorio Nacional para la Protecci\u00f3n del Consumidor (Onpeco) llam\u00f3 a las autoridades a fortalecer las medidas destinadas a garantizar agua segura, suficiente y accesible para la poblaci\u00f3n ante la sequ\u00eda y la reducci\u00f3n de los caudales &hellip;<\/p>\n","protected":false},"author":8,"featured_media":242551,"comment_status":"open","ping_status":"closed","sticky":false,"template":"","format":"standard","meta":{"_jetpack_newsletter_access":"","_jetpack_dont_email_post_to_subs":false,"_jetpack_newsletter_tier_id":0,"_jetpack_memberships_contains_paywalled_content":false,"_jetpack_feature_clip_id":0,"_jetpack_memberships_contains_paid_content":false,"footnotes":"","jetpack_publicize_message":"","jetpack_publicize_feature_enabled":true,"jetpack_social_post_already_shared":true,"jetpack_social_options":{"image_generator_settings":{"template":"highway","default_image_id":0,"font":"","enabled":false},"version":2},"jetpack_post_was_ever_published":false},"categories":[152],"tags":[],"class_list":["post-244415","post","type-post","status-publish","format-standard","has-post-thumbnail","hentry","category-palacio-nacional"],"jetpack_publicize_connections":[],"jetpack_featured_media_url":"https:\/\/primicias.net\/web\/wp-content\/uploads\/2026\/08\/Parrafo-2.-Prohibido-grabar-frente-al-Palacio-Nacional-RD.jpg","jetpack_sharing_enabled":true,"_links":{"self":[{"href":"https:\/\/primicias.net\/web\/wp-json\/wp\/v2\/posts\/244415","targetHints":{"allow":["GET"]}}],"collection":[{"href":"https:\/\/primicias.net\/web\/wp-json\/wp\/v2\/posts"}],"about":[{"href":"https:\/\/primicias.net\/web\/wp-json\/wp\/v2\/types\/post"}],"author":[{"embeddable":true,"href":"https:\/\/primicias.net\/web\/wp-json\/wp\/v2\/users\/8"}],"replies":[{"embeddable":true,"href":"https:\/\/primicias.net\/web\/wp-json\/wp\/v2\/comments?post=244415"}],"version-history":[{"count":1,"href":"https:\/\/primicias.net\/web\/wp-json\/wp\/v2\/posts\/244415\/revisions"}],"predecessor-version":[{"id":244416,"href":"https:\/\/primicias.net\/web\/wp-json\/wp\/v2\/posts\/244415\/revisions\/244416"}],"wp:featuredmedia":[{"embeddable":true,"href":"https:\/\/primicias.net\/web\/wp-json\/wp\/v2\/media\/242551"}],"wp:attachment":[{"href":"https:\/\/primicias.net\/web\/wp-json\/wp\/v2\/media?parent=244415"}],"wp:term":[{"taxonomy":"category","embeddable":true,"href":"https:\/\/primicias.net\/web\/wp-json\/wp\/v2\/categories?post=244415"},{"taxonomy":"post_tag","embeddable":true,"href":"https:\/\/primicias.net\/web\/wp-json\/wp\/v2\/tags?post=244415"}],"curies":[{"name":"wp","href":"https:\/\/api.w.org\/{rel}","templated":true}]}}