{"id":244410,"date":"2026-09-01T18:52:43","date_gmt":"2026-09-01T22:52:43","guid":{"rendered":"https:\/\/primicias.net\/web\/?p=244410"},"modified":"2026-09-01T18:52:43","modified_gmt":"2026-09-01T22:52:43","slug":"centro-cultural-banreservas-santiago-inaugura-retrospectiva-de-persio-checo","status":"publish","type":"post","link":"https:\/\/primicias.net\/web\/centro-cultural-banreservas-santiago-inaugura-retrospectiva-de-persio-checo\/","title":{"rendered":"Centro Cultural Banreservas Santiago inaugura retrospectiva de Persio Checo"},"content":{"rendered":"<p style=\"font-weight: 400;\"><em>\u201cOrg\u00e1nico y Desenfadado\u201d re\u00fane m\u00e1s de cuatro d\u00e9cadas de trayectoria del artista visual dominicano y propone un recorrido por su relaci\u00f3n con la naturaleza, el mar y la memoria.<\/em><\/p>\n<p style=\"font-weight: 400;\">\n<p style=\"font-weight: 400;\">Santiago.\u2013 El Centro Cultural Banreservas Santiago inaugur\u00f3 la exposici\u00f3n \u201cOrg\u00e1nico y Desenfadado\u201d, una retrospectiva dedicada al artista visual dominicano Persio Checo, que re\u00fane obras representativas de m\u00e1s de cuatro d\u00e9cadas de creaci\u00f3n.<\/p>\n<p style=\"font-weight: 400;\">\n<p style=\"font-weight: 400;\">La muestra ofrece un recorrido por distintas etapas de la trayectoria de Checo, reconocido como uno de los integrantes de la Generaci\u00f3n de los 80, y permite apreciar la evoluci\u00f3n de una propuesta art\u00edstica marcada por su v\u00ednculo con la naturaleza, el mar y las memorias de su natal R\u00edo San Juan.<\/p>\n<p style=\"font-weight: 400;\">\n<p style=\"font-weight: 400;\">Pinturas y esculturas forman parte de una selecci\u00f3n en la que convergen materiales como tela, madera, masonite y elementos asociados al entorno marino. A trav\u00e9s de ellos, el creador desarrolla formas vegetales, organismos imaginarios y referencias a la herencia ta\u00edna, presentes de manera recurrente en su producci\u00f3n.<\/p>\n<p style=\"font-weight: 400;\">\n<p style=\"font-weight: 400;\">Durante el acto inaugural, la gerente del Centro Cultural Banreservas Santiago, Gladialisa Pereyra, destac\u00f3 el valor de la exposici\u00f3n como espacio de encuentro entre el p\u00fablico y la trayectoria de un creador dominicano con una amplia presencia en las artes visuales.<\/p>\n<p style=\"font-weight: 400;\">\n<p style=\"font-weight: 400;\">\u201cEsta exhibici\u00f3n representa una celebraci\u00f3n de la vida en todas sus manifestaciones y un homenaje a la capacidad del arte para reinventar el mundo\u201d, expres\u00f3 Pereyra.<\/p>\n<p style=\"font-weight: 400;\">\n<p style=\"font-weight: 400;\">La presentaci\u00f3n de \u201cOrg\u00e1nico y Desenfadado\u201d forma parte de las iniciativas desarrolladas por el Centro Cultural Banreservas Santiago para acercar al p\u00fablico a diferentes expresiones art\u00edsticas y contribuir a la difusi\u00f3n del patrimonio creativo dominicano.<\/p>\n<p style=\"font-weight: 400;\">\n<p style=\"font-weight: 400;\">Al dirigirse a los asistentes, Persio Checo agradeci\u00f3 a Banreservas y a los responsables del centro cultural por abrir espacios que permitan a los artistas compartir sus propuestas con nuevas audiencias.<\/p>\n<p style=\"font-weight: 400;\">\n<p style=\"font-weight: 400;\">El creador resalt\u00f3 de manera particular el respaldo del presidente ejecutivo de Banreservas, doctor Leonardo Aguilera, as\u00ed como de Gladialisa Pereyra, a las iniciativas relacionadas con las artes visuales.<\/p>\n<p style=\"font-weight: 400;\">\n<p style=\"font-weight: 400;\">Checo explic\u00f3 que buena parte de su producci\u00f3n est\u00e1 estrechamente vinculada con el mar, el ser humano y la naturaleza, elementos que han acompa\u00f1ado su lenguaje creativo a lo largo de los a\u00f1os.<\/p>\n<p style=\"font-weight: 400;\">\n<p style=\"font-weight: 400;\">\u201cEstos espacios nos permiten compartir con el mundo la dimensi\u00f3n de nuestras obras, la riqueza de nuestros colores y la forma en que la naturaleza influye en nuestras vidas\u201d, manifest\u00f3 el artista durante la apertura.<\/p>\n<p style=\"font-weight: 400;\">\n<p style=\"font-weight: 400;\">Tambi\u00e9n expres\u00f3 su deseo de que quienes visiten la exposici\u00f3n puedan establecer una conexi\u00f3n personal con las piezas y con los elementos culturales y naturales que han servido de inspiraci\u00f3n para su trabajo.<\/p>\n<p style=\"font-weight: 400;\">\n<p style=\"font-weight: 400;\"><strong>Una trayectoria vinculada al arte dominicano<\/strong><\/p>\n<p style=\"font-weight: 400;\">\n<p style=\"font-weight: 400;\">Nacido en R\u00edo San Juan en 1958, Persio Checo es artista visual, arquitecto y gestor cultural. Se form\u00f3 en la Escuela Nacional de Bellas Artes y en la Universidad Aut\u00f3noma de Santo Domingo (UASD), adem\u00e1s de realizar estudios de perfeccionamiento en Espa\u00f1a y Brasil.<\/p>\n<p style=\"font-weight: 400;\">\n<p style=\"font-weight: 400;\">Su lenguaje pl\u00e1stico incorpora influencias del surrealismo y del Land Art, con una producci\u00f3n en la que el paisaje, la materia y los elementos org\u00e1nicos ocupan un lugar destacado.<\/p>\n<p style=\"font-weight: 400;\">\n<p style=\"font-weight: 400;\">A lo largo de su carrera ha recibido reconocimientos como el Premio del P\u00fablico de la XII Bienal Nacional de Artes Visuales y el Gran Premio de la III Bienal Paleta del N\u00edquel.<\/p>\n<p style=\"font-weight: 400;\">\n<p style=\"font-weight: 400;\">La exposici\u00f3n cuenta con la curadur\u00eda y museograf\u00eda de Guadalupe Casasnovas, la consultor\u00eda cultural de Abil Peralta Ag\u00fcero y la coordinaci\u00f3n de exposiciones de Banreservas de Adaunys Rodr\u00edguez.<\/p>\n<p style=\"font-weight: 400;\">\n<p style=\"font-weight: 400;\"><strong>\u00a0<\/strong><\/p>\n<p style=\"font-weight: 400;\">\n<p style=\"font-weight: 400;\"><strong>PIES DE FOTOS<\/strong><\/p>\n<p><img loading=\"lazy\" decoding=\"async\" class=\"alignnone size-medium wp-image-244411\" src=\"https:\/\/primicias.net\/web\/wp-content\/uploads\/2026\/09\/Adaunys-Rodriguez-Persio-Checo-y-Gladialisa-Pereyra-300x199.jpeg\" alt=\"\" width=\"300\" height=\"199\" srcset=\"https:\/\/primicias.net\/web\/wp-content\/uploads\/2026\/09\/Adaunys-Rodriguez-Persio-Checo-y-Gladialisa-Pereyra-300x199.jpeg 300w, https:\/\/primicias.net\/web\/wp-content\/uploads\/2026\/09\/Adaunys-Rodriguez-Persio-Checo-y-Gladialisa-Pereyra-1024x681.jpeg 1024w, https:\/\/primicias.net\/web\/wp-content\/uploads\/2026\/09\/Adaunys-Rodriguez-Persio-Checo-y-Gladialisa-Pereyra-768x511.jpeg 768w, https:\/\/primicias.net\/web\/wp-content\/uploads\/2026\/09\/Adaunys-Rodriguez-Persio-Checo-y-Gladialisa-Pereyra.jpeg 1280w\" sizes=\"auto, (max-width: 300px) 100vw, 300px\" \/><\/p>\n<p>Adaunys Rodr\u00edguez, coordinadora de sala del Centro Cultural Banreservas Santiago; Persio Checo, artista expositor; y Gladialisa Pereyra, gerente del Centro.<\/p>\n<p><img loading=\"lazy\" decoding=\"async\" class=\"alignnone size-medium wp-image-244412\" src=\"https:\/\/primicias.net\/web\/wp-content\/uploads\/2026\/09\/Persio-Checo-199x300.jpeg\" alt=\"\" width=\"199\" height=\"300\" srcset=\"https:\/\/primicias.net\/web\/wp-content\/uploads\/2026\/09\/Persio-Checo-199x300.jpeg 199w, https:\/\/primicias.net\/web\/wp-content\/uploads\/2026\/09\/Persio-Checo-681x1024.jpeg 681w, https:\/\/primicias.net\/web\/wp-content\/uploads\/2026\/09\/Persio-Checo-768x1155.jpeg 768w, https:\/\/primicias.net\/web\/wp-content\/uploads\/2026\/09\/Persio-Checo.jpeg 855w\" sizes=\"auto, (max-width: 199px) 100vw, 199px\" \/><\/p>\n<p>Persio Checo.<\/p>\n<p style=\"font-weight: 400;\">\n","protected":false},"excerpt":{"rendered":"<p>\u201cOrg\u00e1nico y Desenfadado\u201d re\u00fane m\u00e1s de cuatro d\u00e9cadas de trayectoria del artista visual dominicano y propone un recorrido por su relaci\u00f3n con la naturaleza, el mar y la memoria. Santiago.\u2013 El Centro Cultural Banreservas Santiago inaugur\u00f3 la exposici\u00f3n \u201cOrg\u00e1nico y Desenfadado\u201d, una retrospectiva dedicada al artista visual dominicano Persio Checo, que re\u00fane obras representativas de &hellip;<\/p>\n","protected":false},"author":8,"featured_media":244411,"comment_status":"open","ping_status":"closed","sticky":false,"template":"","format":"standard","meta":{"_jetpack_newsletter_access":"","_jetpack_dont_email_post_to_subs":false,"_jetpack_newsletter_tier_id":0,"_jetpack_memberships_contains_paywalled_content":false,"_jetpack_feature_clip_id":0,"_jetpack_memberships_contains_paid_content":false,"footnotes":"","jetpack_publicize_message":"","jetpack_publicize_feature_enabled":true,"jetpack_social_post_already_shared":true,"jetpack_social_options":{"image_generator_settings":{"template":"highway","default_image_id":0,"font":"","enabled":false},"version":2},"jetpack_post_was_ever_published":false},"categories":[65,155,200,35,221,52],"tags":[],"class_list":["post-244410","post","type-post","status-publish","format-standard","has-post-thumbnail","hentry","category-bancarias","category-cibao-2","category-cultura","category-economia-arte","category-santiago-de-los-caballeros","category-sociales"],"jetpack_publicize_connections":[],"jetpack_featured_media_url":"https:\/\/primicias.net\/web\/wp-content\/uploads\/2026\/09\/Adaunys-Rodriguez-Persio-Checo-y-Gladialisa-Pereyra.jpeg","jetpack_sharing_enabled":true,"_links":{"self":[{"href":"https:\/\/primicias.net\/web\/wp-json\/wp\/v2\/posts\/244410","targetHints":{"allow":["GET"]}}],"collection":[{"href":"https:\/\/primicias.net\/web\/wp-json\/wp\/v2\/posts"}],"about":[{"href":"https:\/\/primicias.net\/web\/wp-json\/wp\/v2\/types\/post"}],"author":[{"embeddable":true,"href":"https:\/\/primicias.net\/web\/wp-json\/wp\/v2\/users\/8"}],"replies":[{"embeddable":true,"href":"https:\/\/primicias.net\/web\/wp-json\/wp\/v2\/comments?post=244410"}],"version-history":[{"count":1,"href":"https:\/\/primicias.net\/web\/wp-json\/wp\/v2\/posts\/244410\/revisions"}],"predecessor-version":[{"id":244413,"href":"https:\/\/primicias.net\/web\/wp-json\/wp\/v2\/posts\/244410\/revisions\/244413"}],"wp:featuredmedia":[{"embeddable":true,"href":"https:\/\/primicias.net\/web\/wp-json\/wp\/v2\/media\/244411"}],"wp:attachment":[{"href":"https:\/\/primicias.net\/web\/wp-json\/wp\/v2\/media?parent=244410"}],"wp:term":[{"taxonomy":"category","embeddable":true,"href":"https:\/\/primicias.net\/web\/wp-json\/wp\/v2\/categories?post=244410"},{"taxonomy":"post_tag","embeddable":true,"href":"https:\/\/primicias.net\/web\/wp-json\/wp\/v2\/tags?post=244410"}],"curies":[{"name":"wp","href":"https:\/\/api.w.org\/{rel}","templated":true}]}}