{"id":244384,"date":"2026-09-01T18:03:42","date_gmt":"2026-09-01T22:03:42","guid":{"rendered":"https:\/\/primicias.net\/web\/?p=244384"},"modified":"2026-09-01T18:03:42","modified_gmt":"2026-09-01T22:03:42","slug":"ministro-magin-diaz-juramenta-a-enmanuel-cedeno-brea-como-nuevo-superintendente-de-bancos","status":"publish","type":"post","link":"https:\/\/primicias.net\/web\/ministro-magin-diaz-juramenta-a-enmanuel-cedeno-brea-como-nuevo-superintendente-de-bancos\/","title":{"rendered":"Ministro Mag\u00edn D\u00edaz juramenta a Enmanuel Cede\u00f1o Brea como nuevo superintendente de Bancos"},"content":{"rendered":"<p><b>Santo Domingo, R.D.<\/b><span style=\"font-weight: 400;\"> \u2013 El ministro de Hacienda y Econom\u00eda (MHE), Mag\u00edn D\u00edaz, jurament\u00f3 este martes a Enmanuel Cede\u00f1o Brea como nuevo superintendente de Bancos de la Rep\u00fablica Dominicana, en sustituci\u00f3n de Alejandro Fern\u00e1ndez W., quien ocup\u00f3 la posici\u00f3n durante seis a\u00f1os.<\/span><\/p>\n<p><span style=\"font-weight: 400;\">La designaci\u00f3n de Cede\u00f1o Brea est\u00e1 contenida en el Decreto 606-26 y, de conformidad con lo establecido en la Ley Monetaria y Financiera, corresponde a un per\u00edodo de dos a\u00f1os.<\/span><\/p>\n<p><span style=\"font-weight: 400;\">Durante el acto de juramentaci\u00f3n, el ministro Mag\u00edn D\u00edaz destac\u00f3 la preparaci\u00f3n y experiencia del nuevo superintendente, as\u00ed como su trayectoria en materia de regulaci\u00f3n y supervisi\u00f3n financiera, elementos que fueron ponderados por el presidente Luis Abinader para su elecci\u00f3n.<\/span><\/p>\n<p><span style=\"font-weight: 400;\">\u201cEnmanuel Cede\u00f1o Brea cuenta con una s\u00f3lida formaci\u00f3n y una amplia experiencia en regulaci\u00f3n, supervisi\u00f3n, econom\u00eda, finanzas y gesti\u00f3n de riesgos. Confiamos en que su conocimiento del sistema financiero y su compromiso con el fortalecimiento institucional contribuir\u00e1n a seguir consolidando un sistema bancario robusto, moderno y capaz de responder a los desaf\u00edos del pa\u00eds\u201d, expres\u00f3 D\u00edaz.<\/span><\/p>\n<p><img loading=\"lazy\" decoding=\"async\" class=\"alignnone size-full wp-image-244385\" src=\"https:\/\/primicias.net\/web\/wp-content\/uploads\/2026\/09\/Juramentacion-2.jpeg\" alt=\"\" width=\"2560\" height=\"1706\" srcset=\"https:\/\/primicias.net\/web\/wp-content\/uploads\/2026\/09\/Juramentacion-2.jpeg 2560w, https:\/\/primicias.net\/web\/wp-content\/uploads\/2026\/09\/Juramentacion-2-300x200.jpeg 300w, https:\/\/primicias.net\/web\/wp-content\/uploads\/2026\/09\/Juramentacion-2-1024x682.jpeg 1024w, https:\/\/primicias.net\/web\/wp-content\/uploads\/2026\/09\/Juramentacion-2-768x512.jpeg 768w, https:\/\/primicias.net\/web\/wp-content\/uploads\/2026\/09\/Juramentacion-2-1536x1024.jpeg 1536w, https:\/\/primicias.net\/web\/wp-content\/uploads\/2026\/09\/Juramentacion-2-2048x1365.jpeg 2048w\" sizes=\"auto, (max-width: 2560px) 100vw, 2560px\" \/><\/p>\n<p><span style=\"font-weight: 400;\">Al mismo tiempo, el ministro destac\u00f3 el excelente desempe\u00f1o de Alejandro Fern\u00e1ndez W. al frente de esta instituci\u00f3n que muestra un importante avance en t\u00e9rminos de profesionalizaci\u00f3n, digitalizaci\u00f3n y capacidad operativa en la ejecuci\u00f3n de sus funciones.\u00a0<\/span><\/p>\n<p><span style=\"font-weight: 400;\">Tras ser juramentado Cede\u00f1o Brea manifest\u00f3 su compromiso con la continuidad del plan estrat\u00e9gico que impulsa la Superintendencia de Bancos (SB), con el objetivo de continuar profundizando en materias como la madurez institucional, la supervisi\u00f3n basada en riesgos y la innovaci\u00f3n regulatoria.<\/span><\/p>\n<p><b>Sobre el nuevo superintendente\u00a0<\/b><\/p>\n<p><span style=\"font-weight: 400;\">El nuevo superintendente es abogado de profesi\u00f3n y cuenta con especializaci\u00f3n en econom\u00eda y finanzas y posee una amplia trayectoria en regulaci\u00f3n financiera, supervisi\u00f3n prudencial, gesti\u00f3n de riesgos y cumplimiento normativo.<\/span><\/p>\n<p><span style=\"font-weight: 400;\">Antes de su designaci\u00f3n, se desempe\u00f1aba como asesor principal y coordinador t\u00e9cnico de la Superintendencia de Bancos. Previamente, ocup\u00f3 la posici\u00f3n de subgerente de Regulaci\u00f3n e Innovaci\u00f3n de esa instituci\u00f3n, desde donde tuvo bajo su responsabilidad \u00e1reas vinculadas con regulaci\u00f3n, supervisi\u00f3n contra el lavado de activos y el financiamiento del terrorismo (LA\/FT), innovaci\u00f3n e inclusi\u00f3n financiera, investigaci\u00f3n econ\u00f3mica, registro y licencias, y sanciones administrativas. Asimismo, fue intendente del Mercados de Valores entre 2022 y 2024 y ha ejercido como asesor de diversas entidades financieras.<\/span><\/p>\n","protected":false},"excerpt":{"rendered":"<p>Santo Domingo, R.D. \u2013 El ministro de Hacienda y Econom\u00eda (MHE), Mag\u00edn D\u00edaz, jurament\u00f3 este martes a Enmanuel Cede\u00f1o Brea como nuevo superintendente de Bancos de la Rep\u00fablica Dominicana, en sustituci\u00f3n de Alejandro Fern\u00e1ndez W., quien ocup\u00f3 la posici\u00f3n durante seis a\u00f1os. La designaci\u00f3n de Cede\u00f1o Brea est\u00e1 contenida en el Decreto 606-26 y, de &hellip;<\/p>\n","protected":false},"author":4,"featured_media":244386,"comment_status":"open","ping_status":"closed","sticky":false,"template":"","format":"standard","meta":{"_jetpack_newsletter_access":"","_jetpack_dont_email_post_to_subs":false,"_jetpack_newsletter_tier_id":0,"_jetpack_memberships_contains_paywalled_content":false,"_jetpack_feature_clip_id":0,"_jetpack_memberships_contains_paid_content":false,"footnotes":"","jetpack_publicize_message":"","jetpack_publicize_feature_enabled":true,"jetpack_social_post_already_shared":true,"jetpack_social_options":{"image_generator_settings":{"template":"highway","default_image_id":0,"font":"","enabled":false},"version":2},"jetpack_post_was_ever_published":false},"categories":[65],"tags":[],"class_list":["post-244384","post","type-post","status-publish","format-standard","has-post-thumbnail","hentry","category-bancarias"],"jetpack_publicize_connections":[],"jetpack_featured_media_url":"https:\/\/primicias.net\/web\/wp-content\/uploads\/2026\/09\/Juramentacion-1.jpeg","jetpack_sharing_enabled":true,"_links":{"self":[{"href":"https:\/\/primicias.net\/web\/wp-json\/wp\/v2\/posts\/244384","targetHints":{"allow":["GET"]}}],"collection":[{"href":"https:\/\/primicias.net\/web\/wp-json\/wp\/v2\/posts"}],"about":[{"href":"https:\/\/primicias.net\/web\/wp-json\/wp\/v2\/types\/post"}],"author":[{"embeddable":true,"href":"https:\/\/primicias.net\/web\/wp-json\/wp\/v2\/users\/4"}],"replies":[{"embeddable":true,"href":"https:\/\/primicias.net\/web\/wp-json\/wp\/v2\/comments?post=244384"}],"version-history":[{"count":1,"href":"https:\/\/primicias.net\/web\/wp-json\/wp\/v2\/posts\/244384\/revisions"}],"predecessor-version":[{"id":244387,"href":"https:\/\/primicias.net\/web\/wp-json\/wp\/v2\/posts\/244384\/revisions\/244387"}],"wp:featuredmedia":[{"embeddable":true,"href":"https:\/\/primicias.net\/web\/wp-json\/wp\/v2\/media\/244386"}],"wp:attachment":[{"href":"https:\/\/primicias.net\/web\/wp-json\/wp\/v2\/media?parent=244384"}],"wp:term":[{"taxonomy":"category","embeddable":true,"href":"https:\/\/primicias.net\/web\/wp-json\/wp\/v2\/categories?post=244384"},{"taxonomy":"post_tag","embeddable":true,"href":"https:\/\/primicias.net\/web\/wp-json\/wp\/v2\/tags?post=244384"}],"curies":[{"name":"wp","href":"https:\/\/api.w.org\/{rel}","templated":true}]}}