{"id":244371,"date":"2026-09-01T13:12:19","date_gmt":"2026-09-01T17:12:19","guid":{"rendered":"https:\/\/primicias.net\/web\/?p=244371"},"modified":"2026-09-01T13:12:19","modified_gmt":"2026-09-01T17:12:19","slug":"cielo-abierto-2026-reune-a-mas-de-3000-personas-en-una-noche-de-adoracion-y-encuentro-con-jesus","status":"publish","type":"post","link":"https:\/\/primicias.net\/web\/cielo-abierto-2026-reune-a-mas-de-3000-personas-en-una-noche-de-adoracion-y-encuentro-con-jesus\/","title":{"rendered":"Cielo Abierto 2026 re\u00fane a m\u00e1s de 3,000 personas en una noche de adoraci\u00f3n y encuentro con Jes\u00fas"},"content":{"rendered":"<p dir=\"ltr\">Santo Domingo\u2013 M\u00e1s de 3,000 personas se congregaron en el Polideportivo del Colegio Loyola para vivir una noche de adoraci\u00f3n eucar\u00edstica, m\u00fasica y oraci\u00f3n durante la cuarta edici\u00f3n de la misi\u00f3n Cielo Abierto en Rep\u00fablica Dominicana, en un encuentro que reuni\u00f3 a familias, j\u00f3venes y fieles de distintas comunidades del pa\u00eds.<\/p>\n<p dir=\"ltr\">La jornada de clausura puso fin a una semana dedicada a la adoraci\u00f3n eucar\u00edstica en diferentes parroquias de Santo Domingo, como parte de una misi\u00f3n que busca propiciar espacios de encuentro con Jesucristo a trav\u00e9s de la oraci\u00f3n, la m\u00fasica y la exposici\u00f3n del Sant\u00edsimo Sacramento.<\/p>\n<p dir=\"ltr\">Durante el encuentro, la oraci\u00f3n ocup\u00f3 un lugar central y estuvo dirigida a distintas realidades que afectan a las familias y comunidades de la Rep\u00fablica Dominicana y el mundo. Entre las intenciones presentadas estuvieron la recuperaci\u00f3n de las personas afectadas por el terremoto ocurrido en Venezuela, la vida y misi\u00f3n de los sacerdotes y los desaf\u00edos que enfrentan en su servicio como pastores, as\u00ed como la uni\u00f3n de las familias y la salud de quienes atraviesan enfermedades.<\/p>\n<p dir=\"ltr\">La noche estuvo marcada por momentos de adoraci\u00f3n, alabanza y reflexi\u00f3n, en los que los asistentes fueron invitados a presentar ante Dios sus preocupaciones, esperanzas y necesidades personales y familiares.<\/p>\n<p dir=\"ltr\"><img loading=\"lazy\" decoding=\"async\" class=\"alignnone size-full wp-image-244376\" src=\"https:\/\/primicias.net\/web\/wp-content\/uploads\/2026\/09\/0B8A7047-2.jpg\" alt=\"\" width=\"1280\" height=\"853\" srcset=\"https:\/\/primicias.net\/web\/wp-content\/uploads\/2026\/09\/0B8A7047-2.jpg 1280w, https:\/\/primicias.net\/web\/wp-content\/uploads\/2026\/09\/0B8A7047-2-300x200.jpg 300w, https:\/\/primicias.net\/web\/wp-content\/uploads\/2026\/09\/0B8A7047-2-1024x682.jpg 1024w, https:\/\/primicias.net\/web\/wp-content\/uploads\/2026\/09\/0B8A7047-2-768x512.jpg 768w\" sizes=\"auto, (max-width: 1280px) 100vw, 1280px\" \/> <img loading=\"lazy\" decoding=\"async\" class=\"alignnone size-full wp-image-244375\" src=\"https:\/\/primicias.net\/web\/wp-content\/uploads\/2026\/09\/0B8A7268-2.jpg\" alt=\"\" width=\"1248\" height=\"1872\" srcset=\"https:\/\/primicias.net\/web\/wp-content\/uploads\/2026\/09\/0B8A7268-2.jpg 1248w, https:\/\/primicias.net\/web\/wp-content\/uploads\/2026\/09\/0B8A7268-2-200x300.jpg 200w, https:\/\/primicias.net\/web\/wp-content\/uploads\/2026\/09\/0B8A7268-2-683x1024.jpg 683w, https:\/\/primicias.net\/web\/wp-content\/uploads\/2026\/09\/0B8A7268-2-768x1152.jpg 768w, https:\/\/primicias.net\/web\/wp-content\/uploads\/2026\/09\/0B8A7268-2-1024x1536.jpg 1024w\" sizes=\"auto, (max-width: 1248px) 100vw, 1248px\" \/> <img loading=\"lazy\" decoding=\"async\" class=\"alignnone size-full wp-image-244374\" src=\"https:\/\/primicias.net\/web\/wp-content\/uploads\/2026\/09\/0B8A7276-2.jpg\" alt=\"\" width=\"1248\" height=\"1872\" srcset=\"https:\/\/primicias.net\/web\/wp-content\/uploads\/2026\/09\/0B8A7276-2.jpg 1248w, https:\/\/primicias.net\/web\/wp-content\/uploads\/2026\/09\/0B8A7276-2-200x300.jpg 200w, https:\/\/primicias.net\/web\/wp-content\/uploads\/2026\/09\/0B8A7276-2-683x1024.jpg 683w, https:\/\/primicias.net\/web\/wp-content\/uploads\/2026\/09\/0B8A7276-2-768x1152.jpg 768w, https:\/\/primicias.net\/web\/wp-content\/uploads\/2026\/09\/0B8A7276-2-1024x1536.jpg 1024w\" sizes=\"auto, (max-width: 1248px) 100vw, 1248px\" \/> <img loading=\"lazy\" decoding=\"async\" class=\"alignnone size-full wp-image-244373\" src=\"https:\/\/primicias.net\/web\/wp-content\/uploads\/2026\/09\/0B8A7058-2.jpg\" alt=\"\" width=\"1280\" height=\"853\" srcset=\"https:\/\/primicias.net\/web\/wp-content\/uploads\/2026\/09\/0B8A7058-2.jpg 1280w, https:\/\/primicias.net\/web\/wp-content\/uploads\/2026\/09\/0B8A7058-2-300x200.jpg 300w, https:\/\/primicias.net\/web\/wp-content\/uploads\/2026\/09\/0B8A7058-2-1024x682.jpg 1024w, https:\/\/primicias.net\/web\/wp-content\/uploads\/2026\/09\/0B8A7058-2-768x512.jpg 768w\" sizes=\"auto, (max-width: 1280px) 100vw, 1280px\" \/><\/p>\n<p dir=\"ltr\">Cielo Abierto es una misi\u00f3n internacional de adoraci\u00f3n eucar\u00edstica nacida en M\u00e9xico hace m\u00e1s de 15 a\u00f1os y que actualmente desarrolla actividades de evangelizaci\u00f3n en diferentes pa\u00edses. En Rep\u00fablica Dominicana, esta fue la cuarta ocasi\u00f3n en que se realiz\u00f3 la misi\u00f3n, que durante seis d\u00edas llev\u00f3 jornadas de adoraci\u00f3n a distintas parroquias de Santo Domingo antes de culminar con el concierto gratuito y abierto al p\u00fablico.<\/p>\n<p dir=\"ltr\">La edici\u00f3n de este a\u00f1o cont\u00f3 con la participaci\u00f3n de ministerios musicales Cristal y Pedro Gonz\u00e1lez, fundadores de Cielo Abierto, Ren\u00e9 Francisco de M\u00e9xico, los esposos Itala Rodr\u00edguez y Juanjo Cabrera de Per\u00fa, Celin\u00e9s D\u00edaz y Eduard Mu\u00f1oz de Rep\u00fablica Dominicana,\u00a0 quienes acompa\u00f1aron la jornada de oraci\u00f3n y adoraci\u00f3n con cantos de alabanza.<\/p>\n<p dir=\"ltr\">M\u00e1s que un concierto, el encuentro se convirti\u00f3 en un espacio para la oraci\u00f3n comunitaria y el fortalecimiento de la fe, con un mensaje centrado en la esperanza, la familia y la cercan\u00eda con Jesucristo.<\/p>\n<p dir=\"ltr\">Con esta jornada que tuvo lugar en Santo Domingo, Cielo Abierto reafirm\u00f3 su prop\u00f3sito de llevar la adoraci\u00f3n eucar\u00edstica a diferentes comunidades y ofrecer a los fieles una experiencia de encuentro con Dios a trav\u00e9s de la oraci\u00f3n, la m\u00fasica y la fraternidad.<\/p>\n","protected":false},"excerpt":{"rendered":"<p>Santo Domingo\u2013 M\u00e1s de 3,000 personas se congregaron en el Polideportivo del Colegio Loyola para vivir una noche de adoraci\u00f3n eucar\u00edstica, m\u00fasica y oraci\u00f3n durante la cuarta edici\u00f3n de la misi\u00f3n Cielo Abierto en Rep\u00fablica Dominicana, en un encuentro que reuni\u00f3 a familias, j\u00f3venes y fieles de distintas comunidades del pa\u00eds. La jornada de clausura &hellip;<\/p>\n","protected":false},"author":4,"featured_media":244372,"comment_status":"open","ping_status":"closed","sticky":false,"template":"","format":"standard","meta":{"_jetpack_newsletter_access":"","_jetpack_dont_email_post_to_subs":false,"_jetpack_newsletter_tier_id":0,"_jetpack_memberships_contains_paywalled_content":false,"_jetpack_feature_clip_id":0,"_jetpack_memberships_contains_paid_content":false,"footnotes":"","jetpack_publicize_message":"","jetpack_publicize_feature_enabled":true,"jetpack_social_post_already_shared":true,"jetpack_social_options":{"image_generator_settings":{"template":"highway","default_image_id":0,"font":"","enabled":false},"version":2},"jetpack_post_was_ever_published":false},"categories":[52],"tags":[],"class_list":["post-244371","post","type-post","status-publish","format-standard","has-post-thumbnail","hentry","category-sociales"],"jetpack_publicize_connections":[],"jetpack_featured_media_url":"https:\/\/primicias.net\/web\/wp-content\/uploads\/2026\/09\/0B8A7412.jpg","jetpack_sharing_enabled":true,"_links":{"self":[{"href":"https:\/\/primicias.net\/web\/wp-json\/wp\/v2\/posts\/244371","targetHints":{"allow":["GET"]}}],"collection":[{"href":"https:\/\/primicias.net\/web\/wp-json\/wp\/v2\/posts"}],"about":[{"href":"https:\/\/primicias.net\/web\/wp-json\/wp\/v2\/types\/post"}],"author":[{"embeddable":true,"href":"https:\/\/primicias.net\/web\/wp-json\/wp\/v2\/users\/4"}],"replies":[{"embeddable":true,"href":"https:\/\/primicias.net\/web\/wp-json\/wp\/v2\/comments?post=244371"}],"version-history":[{"count":1,"href":"https:\/\/primicias.net\/web\/wp-json\/wp\/v2\/posts\/244371\/revisions"}],"predecessor-version":[{"id":244377,"href":"https:\/\/primicias.net\/web\/wp-json\/wp\/v2\/posts\/244371\/revisions\/244377"}],"wp:featuredmedia":[{"embeddable":true,"href":"https:\/\/primicias.net\/web\/wp-json\/wp\/v2\/media\/244372"}],"wp:attachment":[{"href":"https:\/\/primicias.net\/web\/wp-json\/wp\/v2\/media?parent=244371"}],"wp:term":[{"taxonomy":"category","embeddable":true,"href":"https:\/\/primicias.net\/web\/wp-json\/wp\/v2\/categories?post=244371"},{"taxonomy":"post_tag","embeddable":true,"href":"https:\/\/primicias.net\/web\/wp-json\/wp\/v2\/tags?post=244371"}],"curies":[{"name":"wp","href":"https:\/\/api.w.org\/{rel}","templated":true}]}}