{"id":244359,"date":"2026-09-01T13:00:04","date_gmt":"2026-09-01T17:00:04","guid":{"rendered":"https:\/\/primicias.net\/web\/?p=244359"},"modified":"2026-09-01T13:00:04","modified_gmt":"2026-09-01T17:00:04","slug":"en-su-aniversario-37-educa-llama-a-renovar-el-compromiso-con-los-estudiantes","status":"publish","type":"post","link":"https:\/\/primicias.net\/web\/en-su-aniversario-37-educa-llama-a-renovar-el-compromiso-con-los-estudiantes\/","title":{"rendered":"En su aniversario 37 Educa llama a renovar el compromiso con los estudiantes"},"content":{"rendered":"<p style=\"font-weight: 400;\"><strong>Santo Domingo, D. N.<\/strong>\u00a0 A 37 a\u00f1os de su creaci\u00f3n, Acci\u00f3n Empresarial por la Educaci\u00f3n (EDUCA) afirm\u00f3 que el inicio del a\u00f1o escolar 2026-2027 representa una oportunidad para comenzar con br\u00edos renovados, fortalecer los compromisos de toda la comunidad educativa y colocar a los estudiantes y sus aprendizajes en el centro de cada decisi\u00f3n.<\/p>\n<p style=\"font-weight: 400;\">La instituci\u00f3n formul\u00f3 el llamado tras ser seleccionada para recibir el Premio Fundaci\u00f3n Corripio 2026 en Ciencias Sociales y Jur\u00eddicas, categor\u00eda Instituci\u00f3n Educativa, en reconocimiento a su trayectoria y a sus aportes al desarrollo y fortalecimiento de la educaci\u00f3n dominicana.<\/p>\n<p style=\"font-weight: 400;\">Susana Mart\u00ednez Nadal, presidenta de Educa, se\u00f1al\u00f3 que este nuevo per\u00edodo lectivo debe asumirse como una ocasi\u00f3n para integrar esfuerzos y avanzar desde ahora sobre los desaf\u00edos que el pa\u00eds conoce para contiuar fortaleciendo la calidad educativa.<\/p>\n<p style=\"font-weight: 400;\">\u201cCada inicio de a\u00f1o escolar nos ofrece la oportunidad de renovar prop\u00f3sitos y sumar voluntades alrededor de los estudiantes quienes constituyen la raz\u00f3n esencial del sistema. Sus aprendizajes, su desarrollo y sus oportunidades deben orientar el compromiso de autoridades, docentes, familias y de toda la sociedad\u201d, expres\u00f3 Mart\u00ednez Nadal.<\/p>\n<p style=\"font-weight: 400;\">En ese tenor, sostuvo que aspectos como el cumplimiento del calendario y el horario escolar, la asistencia regular, el aprovechamiento efectivo del tiempo de clases y la reducci\u00f3n de las brechas de aprendizaje requieren acciones sostenidas durante todo el a\u00f1o.<\/p>\n<p style=\"font-weight: 400;\"><img loading=\"lazy\" decoding=\"async\" class=\"alignnone size-full wp-image-244361\" src=\"https:\/\/primicias.net\/web\/wp-content\/uploads\/2026\/09\/60B5B315-A2DA-422F-B174-B9C3F209FAAB.jpg\" alt=\"\" width=\"1280\" height=\"1716\" srcset=\"https:\/\/primicias.net\/web\/wp-content\/uploads\/2026\/09\/60B5B315-A2DA-422F-B174-B9C3F209FAAB.jpg 1280w, https:\/\/primicias.net\/web\/wp-content\/uploads\/2026\/09\/60B5B315-A2DA-422F-B174-B9C3F209FAAB-224x300.jpg 224w, https:\/\/primicias.net\/web\/wp-content\/uploads\/2026\/09\/60B5B315-A2DA-422F-B174-B9C3F209FAAB-764x1024.jpg 764w, https:\/\/primicias.net\/web\/wp-content\/uploads\/2026\/09\/60B5B315-A2DA-422F-B174-B9C3F209FAAB-768x1030.jpg 768w, https:\/\/primicias.net\/web\/wp-content\/uploads\/2026\/09\/60B5B315-A2DA-422F-B174-B9C3F209FAAB-1146x1536.jpg 1146w\" sizes=\"auto, (max-width: 1280px) 100vw, 1280px\" \/><\/p>\n<p style=\"font-weight: 400;\">Exhort\u00f3 a los actores del sistema a preservar cada jornada de docencia, atender oportunamente las situaciones que puedan interrumpirla y aplicar de manera clara los mecanismos establecidos para recuperar el tiempo eventualmente perdido.<\/p>\n<p style=\"font-weight: 400;\">Particularmente, dirigi\u00f3 un llamado especial a las familias para que mantengan la asistencia regular y puntual de sus hijos, acompa\u00f1en sus procesos formativos y fortalezcan la comunicaci\u00f3n con los centros educativos.<\/p>\n<p style=\"font-weight: 400;\">Durante sus 37 a\u00f1os de existencia, Educa ha promovido la participaci\u00f3n del sector empresarial y de la sociedad en favor de la educaci\u00f3n, la generaci\u00f3n de evidencia, el seguimiento de los principales indicadores del sistema y la defensa de pol\u00edticas que garanticen mejores oportunidades de aprendizaje.<\/p>\n<p style=\"font-weight: 400;\">La instituci\u00f3n agradeci\u00f3 a la Fundaci\u00f3n Corripio por una distinci\u00f3n que comparte con sus fundadores, expresidentes, consejeros, equipos t\u00e9cnicos, aliados y con todos quienes han acompa\u00f1ado su misi\u00f3n.<\/p>\n<p style=\"font-weight: 400;\">\u201cEste reconocimiento honra el camino recorrido y fortalece nuestro orgullo de pertenencia, pero, sobre todo, renueva nuestra responsabilidad de seguir adelante, participando activamente en la conversaci\u00f3n p\u00fablica y contribuyendo a una educaci\u00f3n de calidad para todos\u201d, concluy\u00f3 Mart\u00ednez Nadal.<\/p>\n","protected":false},"excerpt":{"rendered":"<p>Santo Domingo, D. N.\u00a0 A 37 a\u00f1os de su creaci\u00f3n, Acci\u00f3n Empresarial por la Educaci\u00f3n (EDUCA) afirm\u00f3 que el inicio del a\u00f1o escolar 2026-2027 representa una oportunidad para comenzar con br\u00edos renovados, fortalecer los compromisos de toda la comunidad educativa y colocar a los estudiantes y sus aprendizajes en el centro de cada decisi\u00f3n. La &hellip;<\/p>\n","protected":false},"author":4,"featured_media":244360,"comment_status":"open","ping_status":"closed","sticky":false,"template":"","format":"standard","meta":{"_jetpack_newsletter_access":"","_jetpack_dont_email_post_to_subs":false,"_jetpack_newsletter_tier_id":0,"_jetpack_memberships_contains_paywalled_content":false,"_jetpack_feature_clip_id":0,"_jetpack_memberships_contains_paid_content":false,"footnotes":"","jetpack_publicize_message":"","jetpack_publicize_feature_enabled":true,"jetpack_social_post_already_shared":true,"jetpack_social_options":{"image_generator_settings":{"template":"highway","default_image_id":0,"font":"","enabled":false},"version":2},"jetpack_post_was_ever_published":false},"categories":[141],"tags":[],"class_list":["post-244359","post","type-post","status-publish","format-standard","has-post-thumbnail","hentry","category-educacion"],"jetpack_publicize_connections":[],"jetpack_featured_media_url":"https:\/\/primicias.net\/web\/wp-content\/uploads\/2026\/09\/5A7B533D-467A-49B8-AC23-A6F70738C357.jpg","jetpack_sharing_enabled":true,"_links":{"self":[{"href":"https:\/\/primicias.net\/web\/wp-json\/wp\/v2\/posts\/244359","targetHints":{"allow":["GET"]}}],"collection":[{"href":"https:\/\/primicias.net\/web\/wp-json\/wp\/v2\/posts"}],"about":[{"href":"https:\/\/primicias.net\/web\/wp-json\/wp\/v2\/types\/post"}],"author":[{"embeddable":true,"href":"https:\/\/primicias.net\/web\/wp-json\/wp\/v2\/users\/4"}],"replies":[{"embeddable":true,"href":"https:\/\/primicias.net\/web\/wp-json\/wp\/v2\/comments?post=244359"}],"version-history":[{"count":1,"href":"https:\/\/primicias.net\/web\/wp-json\/wp\/v2\/posts\/244359\/revisions"}],"predecessor-version":[{"id":244362,"href":"https:\/\/primicias.net\/web\/wp-json\/wp\/v2\/posts\/244359\/revisions\/244362"}],"wp:featuredmedia":[{"embeddable":true,"href":"https:\/\/primicias.net\/web\/wp-json\/wp\/v2\/media\/244360"}],"wp:attachment":[{"href":"https:\/\/primicias.net\/web\/wp-json\/wp\/v2\/media?parent=244359"}],"wp:term":[{"taxonomy":"category","embeddable":true,"href":"https:\/\/primicias.net\/web\/wp-json\/wp\/v2\/categories?post=244359"},{"taxonomy":"post_tag","embeddable":true,"href":"https:\/\/primicias.net\/web\/wp-json\/wp\/v2\/tags?post=244359"}],"curies":[{"name":"wp","href":"https:\/\/api.w.org\/{rel}","templated":true}]}}