{"id":244346,"date":"2026-09-01T09:48:53","date_gmt":"2026-09-01T13:48:53","guid":{"rendered":"https:\/\/primicias.net\/web\/?p=244346"},"modified":"2026-09-01T09:49:47","modified_gmt":"2026-09-01T13:49:47","slug":"fuertes-aguaceros-con-tormentas-electricas-y-rafagas-de-viento-por-efectos-de-vaguada-vigentes-avisos-y-alertas-recomendaciones-en-ambas-costas-ver-pronostico-marino","status":"publish","type":"post","link":"https:\/\/primicias.net\/web\/fuertes-aguaceros-con-tormentas-electricas-y-rafagas-de-viento-por-efectos-de-vaguada-vigentes-avisos-y-alertas-recomendaciones-en-ambas-costas-ver-pronostico-marino\/","title":{"rendered":"FUERTES AGUACEROS CON TORMENTAS EL\u00c9CTRICAS Y R\u00c1FAGAS DE VIENTO POR EFECTOS DE VAGUADA.VIGENTES AVISOS Y ALERTAS. RECOMENDACIONES EN AMBAS COSTAS (VER PRONOSTICO MARINO)"},"content":{"rendered":"<p class=\"wp-block-paragraph\">Las condiciones atmosf\u00e9ricas seguir\u00e1n muy favorables para que se presenten aguaceros moderados a fuertes con tormentas el\u00e9ctricas y ocasionales r\u00e1fagas de viento, principalmente en las provincias: Hato Mayor, Monte Plata, San Pedro de Macor\u00eds, el Gran Santo Domingo, San Crist\u00f3bal, Peravia, \u00a0Puerto Plata, Monte Cristi, Espaillat, Santiago, Monse\u00f1or Nouel, Duarte, La Vega, Santiago Rodr\u00edguez, Dajab\u00f3n, El\u00edas Pi\u00f1a, Barahona, Azua, Pedernales, Baoruco, San Juan, Valverde, entre otras provincias cercanas, producto de la influencia de una vaguada asociada a los remanentes de la tormenta tropical Dolly.<\/p>\n<p class=\"wp-block-paragraph\"><strong>Para ma\u00f1ana mi\u00e9rcoles,\u00a0<\/strong>nuestra \u00e1rea seguir\u00e1 h\u00fameda e inestable, y en combinaci\u00f3n con la vaguada, estar\u00e1n generando desde horas matutinas, algunos chubascos pasajeros hacia la regi\u00f3n noreste y en poblados cercanos a la costa sur, como son: La Altagracia, Saman\u00e1, Mar\u00eda Trinidad S\u00e1nchez, Peravia San Crist\u00f3bal y Barahona. En la tarde, se sumaran los efectos locales (calentamiento diurno y orogr\u00e1fico), para originar aguaceros moderados a fuertes en ocasiones, tormentas el\u00e9ctricas y\u00a0 r\u00e1fagas de viento en localidades de las regiones: noreste, sureste, noroeste, cordillera Central y la zona fronteriza.<\/p>\n<p class=\"wp-block-paragraph\"><strong>Debido a las precipitaciones previstas, se modifican los niveles de AVISOS y ALERTAS meteorol\u00f3gicas ante posibles crecidas de r\u00edos, arroyos y ca\u00f1adas, as\u00ed como inundaciones repentinas en zonas aisladas y altamente vulnerables de las siguientes provincias:<\/strong><\/p>\n<figure class=\"wp-block-table\">\n<table class=\"has-fixed-layout\">\n<tbody>\n<tr>\n<td colspan=\"4\"><strong>\u00a0\u00a0\u00a0\u00a0\u00a0\u00a0\u00a0\u00a0\u00a0\u00a0\u00a0\u00a0\u00a0\u00a0\u00a0\u00a0\u00a0\u00a0\u00a0\u00a0\u00a0\u00a0\u00a0\u00a0\u00a0\u00a0\u00a0\u00a0\u00a0\u00a0\u00a0\u00a0\u00a0\u00a0\u00a0\u00a0\u00a0\u00a0\u00a0\u00a0\u00a0\u00a0\u00a0\u00a0\u00a0\u00a0\u00a0\u00a0\u00a0\u00a0\u00a0\u00a0\u00a0\u00a0\u00a0\u00a0\u00a0\u00a0\u00a0\u00a0\u00a0\u00a0\u00a0\u00a0\u00a0\u00a0\u00a0\u00a0\u00a0\u00a0\u00a0\u00a0\u00a0\u00a0\u00a0\u00a0\u00a0\u00a0\u00a0\u00a0\u00a0\u00a0\u00a0\u00a0 Niveles de Alerta y\u00a0 Aviso Meteorol\u00f3gico<\/strong><\/td>\n<\/tr>\n<tr>\n<td colspan=\"2\"><strong>Alerta<\/strong><\/td>\n<td><strong>Aviso<\/strong><\/td>\n<td><strong>Descontinuada<\/strong><\/td>\n<\/tr>\n<tr>\n<td>La Altagracia<\/td>\n<td>San Pedro de Macor\u00eds<\/td>\n<td>El Gran Santo Domingo<\/td>\n<td><\/td>\n<\/tr>\n<tr>\n<td>La Romana<\/td>\n<td>Hato Mayor<\/td>\n<td>San Crist\u00f3bal<\/td>\n<td><\/td>\n<\/tr>\n<tr>\n<td>El Seibo<\/td>\n<td>San Jos\u00e9 de Ocoa<\/td>\n<td>Monte Plata<\/td>\n<td><\/td>\n<\/tr>\n<tr>\n<td>Saman\u00e1<\/td>\n<td>Santiago Rodr\u00edguez<\/td>\n<td>Peravia<\/td>\n<td><\/td>\n<\/tr>\n<tr>\n<td>Azua<\/td>\n<td>Valverde<\/td>\n<td><\/td>\n<td><\/td>\n<\/tr>\n<tr>\n<td colspan=\"2\"><strong>Total: 10<\/strong><\/td>\n<td><strong>Total: 4<\/strong><\/td>\n<td><strong>Total: 0<\/strong><\/td>\n<\/tr>\n<\/tbody>\n<\/table>\n<\/figure>\n<pre class=\"wp-block-preformatted\"><strong>\r\nSe informa que anoche la depresi\u00f3n tropical No. 5 alcanz\u00f3 la categor\u00eda de tormenta tropical E<\/strong><strong>douard<\/strong>. \r\nSe ubica a unos 100 kil\u00f3metros al sur\/ sureste de Cameron Louisiana, con vientos m\u00e1ximos sostenidos de 65 km\/h, \r\ny se mueve hacia el oeste\/noroeste a unos 13 km\/h. <strong>Por su posici\u00f3n y desplazamiento no ofrece peligro para el pa\u00eds.\u00a0<\/strong><\/pre>\n<p class=\"wp-block-paragraph\"><strong>Distrito Nacional:<\/strong>\u00a0incrementos nubosos con aguaceros, tronadas y r\u00e1fagas de viento.<\/p>\n<p class=\"wp-block-paragraph\"><strong>Santo Domingo Norte:<\/strong>\u00a0incrementos nubosos con aguaceros, tronadas y posibles r\u00e1fagas de viento.<\/p>\n<p class=\"wp-block-paragraph\"><strong>Santo Domingo Oeste:<\/strong>\u00a0incrementos nubosos con aguaceros, tronadas y posibles r\u00e1fagas de viento.<\/p>\n<p class=\"wp-block-paragraph\"><strong>Santo Domingo Este:<\/strong>\u00a0incrementos nubosos \u00a0con aguaceros, tronadas y posibles r\u00e1fagas de viento.<\/p>\n<p class=\"wp-block-paragraph\"><strong>Temperaturas:<\/strong>\u00a0m\u00ednimas entre\u00a0<strong>24 \u00b0C y 26 \u00b0C<\/strong>\u00a0y m\u00e1ximas entre\u00a0<strong>34 \u00b0C y 36 \u00b0C<\/strong>.<\/p>\n<p class=\"wp-block-paragraph\"><strong>El jueves,<\/strong>\u00a0seguiremos con la humedad suficiente sobre nuestra masa de aire, y unida al calentamiento diurno y la orograf\u00eda local, crearan un ambiente favorable, para que desde horas matutinas se generen chubascos en las regiones noreste, sureste, cordillera Central y zonas fronterizas. En la tarde, las precipitaciones se presentar\u00e1n en forma de aguaceros con tronadas y aisladas r\u00e1fagas de viento, especialmente en poblados de la Cordillera Central y la zona fronteriza.<\/p>\n<p class=\"wp-block-paragraph\">Santo Domingo: leves aumentos nubosos en las horas matutinas, En la tarde, aguaceros locales y aisladas tronadas.<\/p>\n<p class=\"wp-block-paragraph\">Distrito Nacional: incrementos ocasionales de la nubosidad. En la tarde, aguaceros locales con aisladas tronadas.\u00a0 .<\/p>\n<p class=\"wp-block-paragraph\"><strong>Resumen:<\/strong>\u00a0seguiremos con un patr\u00f3n atmosf\u00e9rico muy propicio para que se generen \u00a0aguaceros fuertes, tormentas el\u00e9ctricas y r\u00e1fagas de viento en gran parte del pa\u00eds, especialmente durate la tarde hasta las primeras horas de la noche por la incidencia de una vaguada asociada a los remanentes de la tormenta tropical Dolly. Se mantienen vigentes los AVISOS y ALERTAS meteorol\u00f3gica para algunas provincias. \u00a0Recomendaciones en ambas costas (ver pronostico marino).<\/p>\n<figure class=\"wp-block-table\">\n<table class=\"has-fixed-layout\">\n<tbody>\n<tr>\n<td colspan=\"2\">PRON\u00d3STICO POR PROVINCIAS PARA HOY<\/td>\n<td>T. m\u00e1x. \u00b0C<\/td>\n<td>T. m\u00edn. \u00b0C<\/td>\n<\/tr>\n<tr>\n<td>Santiago<\/td>\n<td>Aumentos nubosos en la tarde \u00a0con aguaceros, tronadas y r\u00e1fagas de viento.<\/td>\n<td>34\/36<\/td>\n<td>23\/25<\/td>\n<\/tr>\n<tr>\n<td>Puerto Plata<\/td>\n<td>Nublado en ocasiones con aguaceros y tronadas, principalmente en la tarde hasta las primeras horas de la noche.<\/td>\n<td>34\/36<\/td>\n<td>23\/25<\/td>\n<\/tr>\n<tr>\n<td>Duarte<\/td>\n<td>Nublado con aguaceros, tronadas y r\u00e1fagas de viento.<\/td>\n<td>32\/34<\/td>\n<td>23\/25<\/td>\n<\/tr>\n<tr>\n<td>Constanza<\/td>\n<td>Nublado en ocasiones con aguaceros, tronadas y posibles r\u00e1fagas de viento.<\/td>\n<td>27\/29<\/td>\n<td>13\/15<\/td>\n<\/tr>\n<tr>\n<td>Peravia<\/td>\n<td>Nublado con aguaceros y tronadas.<\/td>\n<td>33\/35<\/td>\n<td>24\/26<\/td>\n<\/tr>\n<tr>\n<td>San Pedro de Macor\u00eds<\/td>\n<td>Nublado con aguaceros, tronadas y ocasionales r\u00e1fagas de viento.<\/td>\n<td>33\/35<\/td>\n<td>23\/25<\/td>\n<\/tr>\n<tr>\n<td>La Romana<\/td>\n<td>Nublado con aguaceros, tormentas el\u00e9ctricas\u00a0 y \u00a0r\u00e1fagas de viento.<\/td>\n<td>34\/36<\/td>\n<td>23\/25<\/td>\n<\/tr>\n<tr>\n<td>La Vega<\/td>\n<td>Nublado con aguaceros, tronadas y \u00a0r\u00e1fagas de viento.<\/td>\n<td>34\/36<\/td>\n<td>21\/23<\/td>\n<\/tr>\n<tr>\n<td>Monse\u00f1or Nouel<\/td>\n<td>Nublado con aguaceros, tronadas y aisladas r\u00e1fagas de viento.<\/td>\n<td>33\/35<\/td>\n<td>24\/26<\/td>\n<\/tr>\n<tr>\n<td>San Crist\u00f3bal<\/td>\n<td>Nublado con aguaceros, tronadas y ocasionales r\u00e1fagas de viento.<\/td>\n<td>34\/36<\/td>\n<td>21\/23<\/td>\n<\/tr>\n<tr>\n<td>Saman\u00e1<\/td>\n<td>Nublado con aguaceros, tronadas y\u00a0 r\u00e1fagas de viento.<\/td>\n<td>32\/34<\/td>\n<td>24\/26<\/td>\n<\/tr>\n<tr>\n<td>Monte Cristi<\/td>\n<td>Incrementos nubosos con aguaceros y tronadas.<\/td>\n<td>34\/36<\/td>\n<td>24\/26<\/td>\n<\/tr>\n<tr>\n<td>Azua<\/td>\n<td>Nublado con aguaceros, tronadas y r\u00e1fagas de viento.<\/td>\n<td>34\/36<\/td>\n<td>19\/21<\/td>\n<\/tr>\n<tr>\n<td>San Juan<\/td>\n<td>Incrementos nubosos con aguaceros y tormentas el\u00e9ctricas.<\/td>\n<td>35\/37<\/td>\n<td>18\/20<\/td>\n<\/tr>\n<tr>\n<td>Barahona<\/td>\n<td>Nublado con aguaceros, tormentas el\u00e9ctricas y r\u00e1fagas de viento.<\/td>\n<td>34\/36<\/td>\n<td>24\/26<\/td>\n<\/tr>\n<tr>\n<td>La Altagracia<\/td>\n<td>Nublado con aguaceros, tormentas el\u00e9ctricas\u00a0 y r\u00e1fagas de viento.<\/td>\n<td>33\/35<\/td>\n<td>24\/26<\/td>\n<\/tr>\n<\/tbody>\n<\/table>\n<\/figure>\n<p class=\"wp-block-paragraph\"><strong>Meteor\u00f3logos: Damaris Mercedes \/ Ivanna Tiburcio.-<\/strong><\/p>\n","protected":false},"excerpt":{"rendered":"<p>Las condiciones atmosf\u00e9ricas seguir\u00e1n muy favorables para que se presenten aguaceros moderados a fuertes con tormentas el\u00e9ctricas y ocasionales r\u00e1fagas de viento, principalmente en las provincias: Hato Mayor, Monte Plata, San Pedro de Macor\u00eds, el Gran Santo Domingo, San Crist\u00f3bal, Peravia, \u00a0Puerto Plata, Monte Cristi, Espaillat, Santiago, Monse\u00f1or Nouel, Duarte, La Vega, Santiago Rodr\u00edguez, Dajab\u00f3n, &hellip;<\/p>\n","protected":false},"author":4,"featured_media":244347,"comment_status":"open","ping_status":"closed","sticky":false,"template":"","format":"standard","meta":{"_jetpack_newsletter_access":"","_jetpack_dont_email_post_to_subs":false,"_jetpack_newsletter_tier_id":0,"_jetpack_memberships_contains_paywalled_content":false,"_jetpack_feature_clip_id":0,"_jetpack_memberships_contains_paid_content":false,"footnotes":"","jetpack_publicize_message":"","jetpack_publicize_feature_enabled":true,"jetpack_social_post_already_shared":true,"jetpack_social_options":{"image_generator_settings":{"template":"highway","default_image_id":0,"font":"","enabled":false},"version":2},"jetpack_post_was_ever_published":false},"categories":[137],"tags":[],"class_list":["post-244346","post","type-post","status-publish","format-standard","has-post-thumbnail","hentry","category-estado-del-tiempo"],"jetpack_publicize_connections":[],"jetpack_featured_media_url":"https:\/\/primicias.net\/web\/wp-content\/uploads\/2026\/09\/Captura-de-pantalla-2026-09-01-a-las-9.47.04-a.-m.png","jetpack_sharing_enabled":true,"_links":{"self":[{"href":"https:\/\/primicias.net\/web\/wp-json\/wp\/v2\/posts\/244346","targetHints":{"allow":["GET"]}}],"collection":[{"href":"https:\/\/primicias.net\/web\/wp-json\/wp\/v2\/posts"}],"about":[{"href":"https:\/\/primicias.net\/web\/wp-json\/wp\/v2\/types\/post"}],"author":[{"embeddable":true,"href":"https:\/\/primicias.net\/web\/wp-json\/wp\/v2\/users\/4"}],"replies":[{"embeddable":true,"href":"https:\/\/primicias.net\/web\/wp-json\/wp\/v2\/comments?post=244346"}],"version-history":[{"count":2,"href":"https:\/\/primicias.net\/web\/wp-json\/wp\/v2\/posts\/244346\/revisions"}],"predecessor-version":[{"id":244349,"href":"https:\/\/primicias.net\/web\/wp-json\/wp\/v2\/posts\/244346\/revisions\/244349"}],"wp:featuredmedia":[{"embeddable":true,"href":"https:\/\/primicias.net\/web\/wp-json\/wp\/v2\/media\/244347"}],"wp:attachment":[{"href":"https:\/\/primicias.net\/web\/wp-json\/wp\/v2\/media?parent=244346"}],"wp:term":[{"taxonomy":"category","embeddable":true,"href":"https:\/\/primicias.net\/web\/wp-json\/wp\/v2\/categories?post=244346"},{"taxonomy":"post_tag","embeddable":true,"href":"https:\/\/primicias.net\/web\/wp-json\/wp\/v2\/tags?post=244346"}],"curies":[{"name":"wp","href":"https:\/\/api.w.org\/{rel}","templated":true}]}}