{"id":244337,"date":"2026-09-01T09:34:42","date_gmt":"2026-09-01T13:34:42","guid":{"rendered":"https:\/\/primicias.net\/web\/?p=244337"},"modified":"2026-09-01T09:34:42","modified_gmt":"2026-09-01T13:34:42","slug":"en-ny-quienes-se-opongan-o-usen-subterfugios-para-suspender-consulta-interna-del-pld-estarian-trabajando-para-el-prm","status":"publish","type":"post","link":"https:\/\/primicias.net\/web\/en-ny-quienes-se-opongan-o-usen-subterfugios-para-suspender-consulta-interna-del-pld-estarian-trabajando-para-el-prm\/","title":{"rendered":"En NY: \u201cQuienes se opongan o usen subterfugios para suspender consulta interna del PLD estar\u00edan trabajando para el PRM\u201d"},"content":{"rendered":"<p><b>NUEVA YORK.-<\/b>\u00a0Seguidores y simpatizantes del Partido de la Liberaci\u00f3n Dominicana (PLD) en esta ciudad, la mayor plaza electoral del exterior, sostienen que, ante los intentos de impedir con subterfugios la celebraci\u00f3n de la consulta interna prevista para octubre pr\u00f3ximo, queda claro que quienes lo intenten estar\u00edan favoreciendo al Partido Revolucionario Moderno (PRM), como planteara Francisco Javier Garc\u00eda en febrero de 2025.<\/p>\n<p>&nbsp;<\/p>\n<p>En un documento, expresan que el partido debe \u201cponer el o\u00eddo en el coraz\u00f3n de la inmensa mayor\u00eda de sus dirigentes, militantes y la sociedad dominicana, que reconocen el trabajo que desde hace a\u00f1os viene realizando Javier Garc\u00eda, recorriendo provincia por provincia, municipio por municipio y distrito municipal por distrito municipal, impulsando su proyecto presidencial\u201d.<\/p>\n<p>&nbsp;<\/p>\n<p>Durante los mismos ha dedicado largas jornadas en explicar sus objetivos como futuro presidente de la Rep\u00fablica, indican.<\/p>\n<p>&nbsp;<\/p>\n<p>\u201cLo viene haciendo desde 2024, cuando el PLD estaba sin expectativas y desacreditado. En las elecciones de ese a\u00f1o, el partido de 8,145,548 votantes registrados solo obtuvo 453,468 (10.39%), quedando en tercer lugar.<\/p>\n<p>&nbsp;<\/p>\n<p>Indican que tambi\u00e9n se est\u00e1n haciendo planteamientos desfasados, e incluso malintencionados, al pretender que la consulta interna se realice en octubre de 2027, a pocos meses de que el partido deba definir oficialmente su candidato presidencial.<\/p>\n<p>&nbsp;<\/p>\n<p>Asimismo, citan el argumento de quienes sostienen que \u201cni Abel ni Gonzalo estar\u00edan de acuerdo en participar en esa convocatoria de octubre\u201d, \u201csi eso fuera as\u00ed, estar\u00edamos enterrando desde ahora al PLD con una nueva divisi\u00f3n\u201d. \u201c\u00bfcu\u00e1l es la prisa que tiene el PLD para realizar una consulta fuera de los plazos establecidos? \u201cEl sistema de primarias vigente est\u00e1 ah\u00ed, esperando los plazos\u201d. \u201cNo veo la necesidad de hacer unas preprimarias\u201d.<\/p>\n<p>&nbsp;<\/p>\n<p>Aunque el sector de Gonzalo Castillo desautoriz\u00f3 esas afirmaciones, los firmantes del documento recuerdan una reflexi\u00f3n del profesor Juan Bosch: \u201cEn pol\u00edtica, las intenciones ocultas, los acuerdos silenciosos y las estructuras invisibles suelen definir el poder real mucho m\u00e1s que los actos p\u00fablicos y evidentes\u201d.<\/p>\n<p>&nbsp;<\/p>\n<p>Los simpatizantes del PLD sostienen adem\u00e1s que \u201ctodo aquel que se oponga a que el partido realice una consulta, como ocurri\u00f3 en 2022 y existe un precedente, y pretenda posponerla hasta octubre de 2027, est\u00e1 trabajando para el PRM, sin rodeos\u201d.<\/p>\n<p>&nbsp;<\/p>\n<p>Subrayan que la celebraci\u00f3n de la consulta no tiene marcha atr\u00e1s, ya que en febrero de este a\u00f1o el Comit\u00e9 Central (CC) la aprob\u00f3 de manera un\u00e1nime y, adem\u00e1s, existe un precedente que respalda esa decisi\u00f3n, precisan.<\/p>\n<p><strong>\u00a0<\/strong><\/p>\n<p><strong>Entre los firmantes se encuentran Wenceslao Antigua, Mario Ledesma, Jos\u00e9 M. Soto, Juan de Rodr\u00edguez, Emilio Rojas, Mildres Ortega, Josefina Almonte, Elvyra G\u00f3mez, Hugo Rivera, Carlos Est\u00e9vez, Susana de los Santos, William Lluberes, Santiago Encarnaci\u00f3n, Francisco Marrera, Stalin Suriel, Jorge Rivas, Alejandro Espinal, Rodolfo B\u00e1ez, y Gabriel Liberato, entre otros.\u00a0\u00a0<\/strong><\/p>\n","protected":false},"excerpt":{"rendered":"<p>NUEVA YORK.-\u00a0Seguidores y simpatizantes del Partido de la Liberaci\u00f3n Dominicana (PLD) en esta ciudad, la mayor plaza electoral del exterior, sostienen que, ante los intentos de impedir con subterfugios la celebraci\u00f3n de la consulta interna prevista para octubre pr\u00f3ximo, queda claro que quienes lo intenten estar\u00edan favoreciendo al Partido Revolucionario Moderno (PRM), como planteara Francisco &hellip;<\/p>\n","protected":false},"author":11,"featured_media":244338,"comment_status":"open","ping_status":"closed","sticky":false,"template":"","format":"standard","meta":{"_jetpack_newsletter_access":"","_jetpack_dont_email_post_to_subs":false,"_jetpack_newsletter_tier_id":0,"_jetpack_memberships_contains_paywalled_content":false,"_jetpack_feature_clip_id":0,"_jetpack_memberships_contains_paid_content":false,"footnotes":"","jetpack_publicize_message":"","jetpack_publicize_feature_enabled":true,"jetpack_social_post_already_shared":true,"jetpack_social_options":{"image_generator_settings":{"template":"highway","default_image_id":0,"font":"","enabled":false},"version":2},"jetpack_post_was_ever_published":false},"categories":[37,38],"tags":[],"class_list":["post-244337","post","type-post","status-publish","format-standard","has-post-thumbnail","hentry","category-diaspora","category-new-york"],"jetpack_publicize_connections":[],"jetpack_featured_media_url":"https:\/\/primicias.net\/web\/wp-content\/uploads\/2026\/09\/En-NY-Quienes-se-opongan-o-usen-subterfugios-para-suspender-consulta-interna-del-PLD-estarian-trabajando-para-el-PRM.jpg","jetpack_sharing_enabled":true,"_links":{"self":[{"href":"https:\/\/primicias.net\/web\/wp-json\/wp\/v2\/posts\/244337","targetHints":{"allow":["GET"]}}],"collection":[{"href":"https:\/\/primicias.net\/web\/wp-json\/wp\/v2\/posts"}],"about":[{"href":"https:\/\/primicias.net\/web\/wp-json\/wp\/v2\/types\/post"}],"author":[{"embeddable":true,"href":"https:\/\/primicias.net\/web\/wp-json\/wp\/v2\/users\/11"}],"replies":[{"embeddable":true,"href":"https:\/\/primicias.net\/web\/wp-json\/wp\/v2\/comments?post=244337"}],"version-history":[{"count":1,"href":"https:\/\/primicias.net\/web\/wp-json\/wp\/v2\/posts\/244337\/revisions"}],"predecessor-version":[{"id":244341,"href":"https:\/\/primicias.net\/web\/wp-json\/wp\/v2\/posts\/244337\/revisions\/244341"}],"wp:featuredmedia":[{"embeddable":true,"href":"https:\/\/primicias.net\/web\/wp-json\/wp\/v2\/media\/244338"}],"wp:attachment":[{"href":"https:\/\/primicias.net\/web\/wp-json\/wp\/v2\/media?parent=244337"}],"wp:term":[{"taxonomy":"category","embeddable":true,"href":"https:\/\/primicias.net\/web\/wp-json\/wp\/v2\/categories?post=244337"},{"taxonomy":"post_tag","embeddable":true,"href":"https:\/\/primicias.net\/web\/wp-json\/wp\/v2\/tags?post=244337"}],"curies":[{"name":"wp","href":"https:\/\/api.w.org\/{rel}","templated":true}]}}